{"id":1013,"date":"2023-08-07T15:46:16","date_gmt":"2023-08-07T15:46:16","guid":{"rendered":"https:\/\/viuresobrerodes.cat\/?p=1013"},"modified":"2023-08-31T21:34:14","modified_gmt":"2023-08-31T21:34:14","slug":"vacances-2023-2","status":"publish","type":"post","link":"https:\/\/viuresobrerodes.cat\/?p=1013","title":{"rendered":"Vacances 2023 \/ 2 (Catalunya)"},"content":{"rendered":"\n<p>Sort\u00edrem de casa \ud83d\ude90 a un quart de tres, del dia 4, cap a la <strong><a href=\"https:\/\/www.vallboi.cat\/ca\">Vall de Bo\u00ed<\/a><\/strong>,<\/p>\n\n\n<div class=\"wp-block-image\">\n<figure class=\"aligncenter size-large is-resized\"><img loading=\"lazy\" decoding=\"async\" src=\"http:\/\/viuresobrerodes.cat\/wp-content\/uploads\/2023\/08\/WhatsApp-Image-2023-08-06-at-21.13.58-1024x473.jpeg\" alt=\"\" class=\"wp-image-1019\" style=\"width:604px;height:279px\" width=\"604\" height=\"279\" srcset=\"https:\/\/viuresobrerodes.cat\/wp-content\/uploads\/2023\/08\/WhatsApp-Image-2023-08-06-at-21.13.58-1024x473.jpeg 1024w, https:\/\/viuresobrerodes.cat\/wp-content\/uploads\/2023\/08\/WhatsApp-Image-2023-08-06-at-21.13.58-300x139.jpeg 300w, https:\/\/viuresobrerodes.cat\/wp-content\/uploads\/2023\/08\/WhatsApp-Image-2023-08-06-at-21.13.58-768x355.jpeg 768w, https:\/\/viuresobrerodes.cat\/wp-content\/uploads\/2023\/08\/WhatsApp-Image-2023-08-06-at-21.13.58-1536x709.jpeg 1536w, https:\/\/viuresobrerodes.cat\/wp-content\/uploads\/2023\/08\/WhatsApp-Image-2023-08-06-at-21.13.58-650x300.jpeg 650w, https:\/\/viuresobrerodes.cat\/wp-content\/uploads\/2023\/08\/WhatsApp-Image-2023-08-06-at-21.13.58.jpeg 1992w\" sizes=\"auto, (max-width: 604px) 100vw, 604px\" \/><\/figure>\n<\/div>\n\n<div class=\"wp-block-image\">\n<figure class=\"aligncenter size-large is-resized\"><img loading=\"lazy\" decoding=\"async\" src=\"http:\/\/viuresobrerodes.cat\/wp-content\/uploads\/2023\/08\/WhatsApp-Image-2023-08-05-at-16.18.04-1024x473.jpeg\" alt=\"\" class=\"wp-image-1020\" style=\"width:612px;height:282px\" width=\"612\" height=\"282\" srcset=\"https:\/\/viuresobrerodes.cat\/wp-content\/uploads\/2023\/08\/WhatsApp-Image-2023-08-05-at-16.18.04-1024x473.jpeg 1024w, https:\/\/viuresobrerodes.cat\/wp-content\/uploads\/2023\/08\/WhatsApp-Image-2023-08-05-at-16.18.04-300x139.jpeg 300w, https:\/\/viuresobrerodes.cat\/wp-content\/uploads\/2023\/08\/WhatsApp-Image-2023-08-05-at-16.18.04-768x355.jpeg 768w, https:\/\/viuresobrerodes.cat\/wp-content\/uploads\/2023\/08\/WhatsApp-Image-2023-08-05-at-16.18.04-1536x709.jpeg 1536w, https:\/\/viuresobrerodes.cat\/wp-content\/uploads\/2023\/08\/WhatsApp-Image-2023-08-05-at-16.18.04-650x300.jpeg 650w, https:\/\/viuresobrerodes.cat\/wp-content\/uploads\/2023\/08\/WhatsApp-Image-2023-08-05-at-16.18.04.jpeg 1992w\" sizes=\"auto, (max-width: 612px) 100vw, 612px\" \/><\/figure>\n<\/div>\n\n\n<p>que juntament amb la Vall de Lord, s\u00f3n les \u00faniques valls que ens quedava per visitar. Aparc\u00e0rem al <strong><a href=\"https:\/\/www.vallboi.cat\/es\/ruta\/taull-pla-de-lermita\">Pla de l&#8217;Ermita<\/a><\/strong>. Alt.1626 m.<\/p>\n\n\n\n<p>F\u00e9rem un dinar-sopar \ud83c\udf7d a les sis, i ja no an\u00e0rem a fer un volt. Nom\u00e9s vam sortir a fer alguna fotografia, i entr\u00e0vem pelats de fred \ud83e\udd76\ud83e\udd76.<\/p>\n\n\n<div class=\"wp-block-image\">\n<figure class=\"aligncenter size-large is-resized\"><img loading=\"lazy\" decoding=\"async\" src=\"http:\/\/viuresobrerodes.cat\/wp-content\/uploads\/2023\/08\/WhatsApp-Image-2023-08-05-at-16.20.09-1024x473.jpeg\" alt=\"\" class=\"wp-image-1022\" style=\"width:613px;height:283px\" width=\"613\" height=\"283\" srcset=\"https:\/\/viuresobrerodes.cat\/wp-content\/uploads\/2023\/08\/WhatsApp-Image-2023-08-05-at-16.20.09-1024x473.jpeg 1024w, https:\/\/viuresobrerodes.cat\/wp-content\/uploads\/2023\/08\/WhatsApp-Image-2023-08-05-at-16.20.09-300x139.jpeg 300w, https:\/\/viuresobrerodes.cat\/wp-content\/uploads\/2023\/08\/WhatsApp-Image-2023-08-05-at-16.20.09-768x355.jpeg 768w, https:\/\/viuresobrerodes.cat\/wp-content\/uploads\/2023\/08\/WhatsApp-Image-2023-08-05-at-16.20.09-1536x709.jpeg 1536w, https:\/\/viuresobrerodes.cat\/wp-content\/uploads\/2023\/08\/WhatsApp-Image-2023-08-05-at-16.20.09-650x300.jpeg 650w, https:\/\/viuresobrerodes.cat\/wp-content\/uploads\/2023\/08\/WhatsApp-Image-2023-08-05-at-16.20.09.jpeg 1992w\" sizes=\"auto, (max-width: 613px) 100vw, 613px\" \/><\/figure>\n<\/div>\n\n\n<p><br>Hav\u00edem deixat el n\u00f2rdic a la <strong>Noguera<\/strong>, \ud83d\udc81\ud83c\udffb\u200d\u2640\ufe0fpensant que si feia fresqueta amb el sac, ja n&#8217;hi hauria prou&#8230; Per\u00f2 hagu\u00e9rem de posar una manteta de sof\u00e0 i, aix\u00ed i tot,&nbsp;va ser justet\ud83e\udd26\ud83c\udffb\u200d\u2640\ufe0f .<br>El primer que vam fer va ser baixar la <strong><a href=\"https:\/\/viuresobrerodes.cat\/wp-admin\/post.php?post=523&amp;action=edit\">moto<\/a><\/strong><\/p>\n\n\n\n<div class=\"wp-block-columns is-layout-flex wp-container-core-columns-is-layout-9d6595d7 wp-block-columns-is-layout-flex\">\n<div class=\"wp-block-column is-layout-flow wp-block-column-is-layout-flow\">\n<figure class=\"wp-block-image size-full is-resized\"><img loading=\"lazy\" decoding=\"async\" src=\"http:\/\/viuresobrerodes.cat\/wp-content\/uploads\/2023\/08\/1-1.png\" alt=\"\" class=\"wp-image-1021\" style=\"width:333px;height:592px\" width=\"333\" height=\"592\" srcset=\"https:\/\/viuresobrerodes.cat\/wp-content\/uploads\/2023\/08\/1-1.png 258w, https:\/\/viuresobrerodes.cat\/wp-content\/uploads\/2023\/08\/1-1-169x300.png 169w\" sizes=\"auto, (max-width: 333px) 100vw, 333px\" \/><\/figure>\n<\/div>\n\n\n\n<div class=\"wp-block-column is-layout-flow wp-block-column-is-layout-flow\">\n<figure class=\"wp-block-image size-large is-resized\"><img loading=\"lazy\" decoding=\"async\" src=\"http:\/\/viuresobrerodes.cat\/wp-content\/uploads\/2023\/08\/WhatsApp-Image-2023-08-05-at-16.23.18-473x1024.jpeg\" alt=\"\" class=\"wp-image-1024\" style=\"width:271px;height:588px\" width=\"271\" height=\"588\" srcset=\"https:\/\/viuresobrerodes.cat\/wp-content\/uploads\/2023\/08\/WhatsApp-Image-2023-08-05-at-16.23.18-473x1024.jpeg 473w, https:\/\/viuresobrerodes.cat\/wp-content\/uploads\/2023\/08\/WhatsApp-Image-2023-08-05-at-16.23.18-768x1663.jpeg 768w, https:\/\/viuresobrerodes.cat\/wp-content\/uploads\/2023\/08\/WhatsApp-Image-2023-08-05-at-16.23.18-709x1536.jpeg 709w, https:\/\/viuresobrerodes.cat\/wp-content\/uploads\/2023\/08\/WhatsApp-Image-2023-08-05-at-16.23.18.jpeg 920w\" sizes=\"auto, (max-width: 271px) 100vw, 271px\" \/><\/figure>\n<\/div>\n<\/div>\n\n\n\n<p>i comprovar que la temperatura anava pujant i que ja no caldria posar-nos tota la roba que port\u00e0vem \ud83e\udde5\ud83d\udc56\ud83e\udde3\ud83e\udde4 per anar a visitar tot el<strong> <a href=\"https:\/\/patrimoni.gencat.cat\/ca\/histories\/el-viatge-del-romanic-catala\">rom\u00e0nic<\/a><\/strong> \u26ea de la zona.<br>Despr\u00e9s d&#8217;esmorzar \u2615, emprengu\u00e9rem cam\u00ed cap a <strong><a href=\"https:\/\/www.vallboi.cat\/ca\/taull-poble-amb-encant\">Ta\u00fcll<\/a><\/strong>, directes cap a visitar \u26ea l&#8217;<strong><a href=\"https:\/\/www.centreromanic.com\/esglesia\/sant-climent-de-taull\/\">esgl\u00e9sia de Sant Climent<\/a><\/strong>&#8230; Per\u00f2 ens vam haver de conformar a fotografiar-la \ud83d\udcf7 per fora,<\/p>\n\n\n\n<div class=\"wp-block-columns is-layout-flex wp-container-core-columns-is-layout-9d6595d7 wp-block-columns-is-layout-flex\">\n<div class=\"wp-block-column is-layout-flow wp-block-column-is-layout-flow\">\n<figure class=\"wp-block-image size-large is-resized\"><img loading=\"lazy\" decoding=\"async\" src=\"http:\/\/viuresobrerodes.cat\/wp-content\/uploads\/2023\/08\/WhatsApp-Image-2023-08-06-at-22.00.18-473x1024.jpeg\" alt=\"\" class=\"wp-image-1025\" style=\"width:256px;height:553px\" width=\"256\" height=\"553\" srcset=\"https:\/\/viuresobrerodes.cat\/wp-content\/uploads\/2023\/08\/WhatsApp-Image-2023-08-06-at-22.00.18-473x1024.jpeg 473w, https:\/\/viuresobrerodes.cat\/wp-content\/uploads\/2023\/08\/WhatsApp-Image-2023-08-06-at-22.00.18-139x300.jpeg 139w, https:\/\/viuresobrerodes.cat\/wp-content\/uploads\/2023\/08\/WhatsApp-Image-2023-08-06-at-22.00.18-768x1663.jpeg 768w, https:\/\/viuresobrerodes.cat\/wp-content\/uploads\/2023\/08\/WhatsApp-Image-2023-08-06-at-22.00.18.jpeg 920w\" sizes=\"auto, (max-width: 256px) 100vw, 256px\" \/><\/figure>\n<\/div>\n\n\n\n<div class=\"wp-block-column is-layout-flow wp-block-column-is-layout-flow\">\n<figure class=\"wp-block-image size-large\"><img loading=\"lazy\" decoding=\"async\" width=\"473\" height=\"1024\" src=\"http:\/\/viuresobrerodes.cat\/wp-content\/uploads\/2023\/08\/WhatsApp-Image-2023-08-06-at-22.00.17-1-473x1024.jpeg\" alt=\"\" class=\"wp-image-1026\" srcset=\"https:\/\/viuresobrerodes.cat\/wp-content\/uploads\/2023\/08\/WhatsApp-Image-2023-08-06-at-22.00.17-1-473x1024.jpeg 473w, https:\/\/viuresobrerodes.cat\/wp-content\/uploads\/2023\/08\/WhatsApp-Image-2023-08-06-at-22.00.17-1-139x300.jpeg 139w, https:\/\/viuresobrerodes.cat\/wp-content\/uploads\/2023\/08\/WhatsApp-Image-2023-08-06-at-22.00.17-1-768x1663.jpeg 768w, https:\/\/viuresobrerodes.cat\/wp-content\/uploads\/2023\/08\/WhatsApp-Image-2023-08-06-at-22.00.17-1-709x1536.jpeg 709w, https:\/\/viuresobrerodes.cat\/wp-content\/uploads\/2023\/08\/WhatsApp-Image-2023-08-06-at-22.00.17-1.jpeg 920w\" sizes=\"auto, (max-width: 473px) 100vw, 473px\" \/><\/figure>\n<\/div>\n\n\n\n<div class=\"wp-block-column is-layout-flow wp-block-column-is-layout-flow\">\n<figure class=\"wp-block-image size-large\"><img loading=\"lazy\" decoding=\"async\" width=\"473\" height=\"1024\" src=\"http:\/\/viuresobrerodes.cat\/wp-content\/uploads\/2023\/08\/WhatsApp-Image-2023-08-06-at-22.00.17-473x1024.jpeg\" alt=\"\" class=\"wp-image-1027\" srcset=\"https:\/\/viuresobrerodes.cat\/wp-content\/uploads\/2023\/08\/WhatsApp-Image-2023-08-06-at-22.00.17-473x1024.jpeg 473w, https:\/\/viuresobrerodes.cat\/wp-content\/uploads\/2023\/08\/WhatsApp-Image-2023-08-06-at-22.00.17-139x300.jpeg 139w, https:\/\/viuresobrerodes.cat\/wp-content\/uploads\/2023\/08\/WhatsApp-Image-2023-08-06-at-22.00.17-768x1663.jpeg 768w, https:\/\/viuresobrerodes.cat\/wp-content\/uploads\/2023\/08\/WhatsApp-Image-2023-08-06-at-22.00.17-709x1536.jpeg 709w, https:\/\/viuresobrerodes.cat\/wp-content\/uploads\/2023\/08\/WhatsApp-Image-2023-08-06-at-22.00.17.jpeg 920w\" sizes=\"auto, (max-width: 473px) 100vw, 473px\" \/><\/figure>\n<\/div>\n<\/div>\n\n\n\n<p> ja que s&#8217;estava fent una visita guiada \ud83d\udc81\ud83c\udffb\u200d\u2640\ufe0f.&nbsp;Per\u00f2&nbsp;ens inform\u00e0rem d&#8217;on estaven les altres \u26ea i els horaris.<br>Caminant \ud83d\udeb6\u200d\u2642\ufe0f\ud83d\udeb6\u200d\u2640\ufe0f arrib\u00e0rem a l&#8217;<strong><a href=\"https:\/\/www.centreromanic.com\/es\/iglesia\/santa-maria-de-taull\/\">esgl\u00e9sia de Santa Maria <\/a><\/strong>\u26ea, que v\u00e0rem poder fotografiar \ud83d\udcf7 per fins i per fora.<\/p>\n\n\n<div class=\"wp-block-image\">\n<figure class=\"aligncenter size-large is-resized\"><img loading=\"lazy\" decoding=\"async\" src=\"http:\/\/viuresobrerodes.cat\/wp-content\/uploads\/2023\/08\/WhatsApp-Image-2023-08-06-at-22.09.38-1024x576.jpeg\" alt=\"\" class=\"wp-image-1028\" style=\"width:607px;height:341px\" width=\"607\" height=\"341\" srcset=\"https:\/\/viuresobrerodes.cat\/wp-content\/uploads\/2023\/08\/WhatsApp-Image-2023-08-06-at-22.09.38-1024x576.jpeg 1024w, https:\/\/viuresobrerodes.cat\/wp-content\/uploads\/2023\/08\/WhatsApp-Image-2023-08-06-at-22.09.38-300x169.jpeg 300w, https:\/\/viuresobrerodes.cat\/wp-content\/uploads\/2023\/08\/WhatsApp-Image-2023-08-06-at-22.09.38-768x432.jpeg 768w, https:\/\/viuresobrerodes.cat\/wp-content\/uploads\/2023\/08\/WhatsApp-Image-2023-08-06-at-22.09.38-1536x864.jpeg 1536w, https:\/\/viuresobrerodes.cat\/wp-content\/uploads\/2023\/08\/WhatsApp-Image-2023-08-06-at-22.09.38-533x300.jpeg 533w, https:\/\/viuresobrerodes.cat\/wp-content\/uploads\/2023\/08\/WhatsApp-Image-2023-08-06-at-22.09.38.jpeg 1920w\" sizes=\"auto, (max-width: 607px) 100vw, 607px\" \/><\/figure>\n<\/div>\n\n\n<div class=\"wp-block-columns is-layout-flex wp-container-core-columns-is-layout-9d6595d7 wp-block-columns-is-layout-flex\">\n<div class=\"wp-block-column is-layout-flow wp-block-column-is-layout-flow\">\n<figure class=\"wp-block-image size-large\"><img loading=\"lazy\" decoding=\"async\" width=\"473\" height=\"1024\" src=\"http:\/\/viuresobrerodes.cat\/wp-content\/uploads\/2023\/08\/WhatsApp-Image-2023-08-06-at-22.10.32-473x1024.jpeg\" alt=\"\" class=\"wp-image-1029\" srcset=\"https:\/\/viuresobrerodes.cat\/wp-content\/uploads\/2023\/08\/WhatsApp-Image-2023-08-06-at-22.10.32-473x1024.jpeg 473w, https:\/\/viuresobrerodes.cat\/wp-content\/uploads\/2023\/08\/WhatsApp-Image-2023-08-06-at-22.10.32-139x300.jpeg 139w, https:\/\/viuresobrerodes.cat\/wp-content\/uploads\/2023\/08\/WhatsApp-Image-2023-08-06-at-22.10.32-768x1663.jpeg 768w, https:\/\/viuresobrerodes.cat\/wp-content\/uploads\/2023\/08\/WhatsApp-Image-2023-08-06-at-22.10.32-709x1536.jpeg 709w, https:\/\/viuresobrerodes.cat\/wp-content\/uploads\/2023\/08\/WhatsApp-Image-2023-08-06-at-22.10.32.jpeg 920w\" sizes=\"auto, (max-width: 473px) 100vw, 473px\" \/><\/figure>\n<\/div>\n\n\n\n<div class=\"wp-block-column is-layout-flow wp-block-column-is-layout-flow\">\n<figure class=\"wp-block-image size-large\"><img loading=\"lazy\" decoding=\"async\" width=\"473\" height=\"1024\" src=\"http:\/\/viuresobrerodes.cat\/wp-content\/uploads\/2023\/08\/WhatsApp-Image-2023-08-06-at-22.11.12-473x1024.jpeg\" alt=\"\" class=\"wp-image-1030\" srcset=\"https:\/\/viuresobrerodes.cat\/wp-content\/uploads\/2023\/08\/WhatsApp-Image-2023-08-06-at-22.11.12-473x1024.jpeg 473w, https:\/\/viuresobrerodes.cat\/wp-content\/uploads\/2023\/08\/WhatsApp-Image-2023-08-06-at-22.11.12-139x300.jpeg 139w, https:\/\/viuresobrerodes.cat\/wp-content\/uploads\/2023\/08\/WhatsApp-Image-2023-08-06-at-22.11.12-768x1663.jpeg 768w, https:\/\/viuresobrerodes.cat\/wp-content\/uploads\/2023\/08\/WhatsApp-Image-2023-08-06-at-22.11.12-709x1536.jpeg 709w, https:\/\/viuresobrerodes.cat\/wp-content\/uploads\/2023\/08\/WhatsApp-Image-2023-08-06-at-22.11.12.jpeg 920w\" sizes=\"auto, (max-width: 473px) 100vw, 473px\" \/><\/figure>\n<\/div>\n\n\n\n<div class=\"wp-block-column is-layout-flow wp-block-column-is-layout-flow\">\n<figure class=\"wp-block-image size-large\"><img loading=\"lazy\" decoding=\"async\" width=\"473\" height=\"1024\" src=\"http:\/\/viuresobrerodes.cat\/wp-content\/uploads\/2023\/08\/WhatsApp-Image-2023-08-06-at-22.13.00-473x1024.jpeg\" alt=\"\" class=\"wp-image-1031\" srcset=\"https:\/\/viuresobrerodes.cat\/wp-content\/uploads\/2023\/08\/WhatsApp-Image-2023-08-06-at-22.13.00-473x1024.jpeg 473w, https:\/\/viuresobrerodes.cat\/wp-content\/uploads\/2023\/08\/WhatsApp-Image-2023-08-06-at-22.13.00-139x300.jpeg 139w, https:\/\/viuresobrerodes.cat\/wp-content\/uploads\/2023\/08\/WhatsApp-Image-2023-08-06-at-22.13.00-768x1663.jpeg 768w, https:\/\/viuresobrerodes.cat\/wp-content\/uploads\/2023\/08\/WhatsApp-Image-2023-08-06-at-22.13.00-709x1536.jpeg 709w, https:\/\/viuresobrerodes.cat\/wp-content\/uploads\/2023\/08\/WhatsApp-Image-2023-08-06-at-22.13.00.jpeg 920w\" sizes=\"auto, (max-width: 473px) 100vw, 473px\" \/><\/figure>\n<\/div>\n<\/div>\n\n\n\n<p>Agaf\u00e0rem la moto\ud83c\udfcd i cap a<strong><a href=\"https:\/\/www.ajuntamentvalldeboi.cat\/el-municipi\/nuclis\/boi-1\"> Bo\u00ed<\/a><\/strong>, a visitar l&#8217;<strong><a href=\"https:\/\/www.centreromanic.com\/esglesia\/sant-joan-de-boi\/\">esgl\u00e9sia de Sant Joan<\/a><\/strong> \u26ea,  <\/p>\n\n\n<div class=\"wp-block-image\">\n<figure class=\"aligncenter size-large is-resized\"><img loading=\"lazy\" decoding=\"async\" src=\"http:\/\/viuresobrerodes.cat\/wp-content\/uploads\/2023\/08\/WhatsApp-Image-2023-08-06-at-22.31.33-1024x473.jpeg\" alt=\"\" class=\"wp-image-1032\" style=\"width:608px;height:281px\" width=\"608\" height=\"281\" srcset=\"https:\/\/viuresobrerodes.cat\/wp-content\/uploads\/2023\/08\/WhatsApp-Image-2023-08-06-at-22.31.33-1024x473.jpeg 1024w, https:\/\/viuresobrerodes.cat\/wp-content\/uploads\/2023\/08\/WhatsApp-Image-2023-08-06-at-22.31.33-300x139.jpeg 300w, https:\/\/viuresobrerodes.cat\/wp-content\/uploads\/2023\/08\/WhatsApp-Image-2023-08-06-at-22.31.33-768x355.jpeg 768w, https:\/\/viuresobrerodes.cat\/wp-content\/uploads\/2023\/08\/WhatsApp-Image-2023-08-06-at-22.31.33-1536x709.jpeg 1536w, https:\/\/viuresobrerodes.cat\/wp-content\/uploads\/2023\/08\/WhatsApp-Image-2023-08-06-at-22.31.33-650x300.jpeg 650w, https:\/\/viuresobrerodes.cat\/wp-content\/uploads\/2023\/08\/WhatsApp-Image-2023-08-06-at-22.31.33-rotated.jpeg 1992w\" sizes=\"auto, (max-width: 608px) 100vw, 608px\" \/><\/figure>\n<\/div>\n\n\n<p>all\u00e0 pag\u00e0rem entrada per a set esgl\u00e9sies: individual 9,60 + 3, per fer visita guiada (Val la pena fer com a m\u00ednim, una). La visita va ser guiada \ud83d\udc81\ud83c\udffb\u200d\u2640\ufe0f. Ens explic\u00e0 la t\u00e8cnica i els materials que usaven \u2697\ud83e\uddea. La interpretaci\u00f3 que s&#8217;ha fet del perqu\u00e8 uns personatges estan de perfil \ud83d\ude08 i els altres no\ud83d\ude07\u2026  Molt interessant.<\/p>\n\n\n\n<div class=\"wp-block-columns is-layout-flex wp-container-core-columns-is-layout-9d6595d7 wp-block-columns-is-layout-flex\">\n<div class=\"wp-block-column is-layout-flow wp-block-column-is-layout-flow\">\n<figure class=\"wp-block-image size-large\"><img loading=\"lazy\" decoding=\"async\" width=\"473\" height=\"1024\" src=\"http:\/\/viuresobrerodes.cat\/wp-content\/uploads\/2023\/08\/WhatsApp-Image-2023-08-06-at-22.32.53-473x1024.jpeg\" alt=\"\" class=\"wp-image-1033\" srcset=\"https:\/\/viuresobrerodes.cat\/wp-content\/uploads\/2023\/08\/WhatsApp-Image-2023-08-06-at-22.32.53-473x1024.jpeg 473w, https:\/\/viuresobrerodes.cat\/wp-content\/uploads\/2023\/08\/WhatsApp-Image-2023-08-06-at-22.32.53-139x300.jpeg 139w, https:\/\/viuresobrerodes.cat\/wp-content\/uploads\/2023\/08\/WhatsApp-Image-2023-08-06-at-22.32.53-768x1663.jpeg 768w, https:\/\/viuresobrerodes.cat\/wp-content\/uploads\/2023\/08\/WhatsApp-Image-2023-08-06-at-22.32.53-709x1536.jpeg 709w, https:\/\/viuresobrerodes.cat\/wp-content\/uploads\/2023\/08\/WhatsApp-Image-2023-08-06-at-22.32.53.jpeg 920w\" sizes=\"auto, (max-width: 473px) 100vw, 473px\" \/><\/figure>\n<\/div>\n\n\n\n<div class=\"wp-block-column is-layout-flow wp-block-column-is-layout-flow\">\n<figure class=\"wp-block-image size-large\"><img loading=\"lazy\" decoding=\"async\" width=\"473\" height=\"1024\" src=\"http:\/\/viuresobrerodes.cat\/wp-content\/uploads\/2023\/08\/WhatsApp-Image-2023-08-06-at-22.32.55-473x1024.jpeg\" alt=\"\" class=\"wp-image-1034\" srcset=\"https:\/\/viuresobrerodes.cat\/wp-content\/uploads\/2023\/08\/WhatsApp-Image-2023-08-06-at-22.32.55-473x1024.jpeg 473w, https:\/\/viuresobrerodes.cat\/wp-content\/uploads\/2023\/08\/WhatsApp-Image-2023-08-06-at-22.32.55-139x300.jpeg 139w, https:\/\/viuresobrerodes.cat\/wp-content\/uploads\/2023\/08\/WhatsApp-Image-2023-08-06-at-22.32.55-768x1663.jpeg 768w, https:\/\/viuresobrerodes.cat\/wp-content\/uploads\/2023\/08\/WhatsApp-Image-2023-08-06-at-22.32.55-709x1536.jpeg 709w, https:\/\/viuresobrerodes.cat\/wp-content\/uploads\/2023\/08\/WhatsApp-Image-2023-08-06-at-22.32.55.jpeg 920w\" sizes=\"auto, (max-width: 473px) 100vw, 473px\" \/><\/figure>\n<\/div>\n\n\n\n<div class=\"wp-block-column is-layout-flow wp-block-column-is-layout-flow\">\n<figure class=\"wp-block-image size-large\"><img loading=\"lazy\" decoding=\"async\" width=\"473\" height=\"1024\" src=\"http:\/\/viuresobrerodes.cat\/wp-content\/uploads\/2023\/08\/WhatsApp-Image-2023-08-06-at-22.32.56-473x1024.jpeg\" alt=\"\" class=\"wp-image-1035\" srcset=\"https:\/\/viuresobrerodes.cat\/wp-content\/uploads\/2023\/08\/WhatsApp-Image-2023-08-06-at-22.32.56-473x1024.jpeg 473w, https:\/\/viuresobrerodes.cat\/wp-content\/uploads\/2023\/08\/WhatsApp-Image-2023-08-06-at-22.32.56-139x300.jpeg 139w, https:\/\/viuresobrerodes.cat\/wp-content\/uploads\/2023\/08\/WhatsApp-Image-2023-08-06-at-22.32.56-768x1663.jpeg 768w, https:\/\/viuresobrerodes.cat\/wp-content\/uploads\/2023\/08\/WhatsApp-Image-2023-08-06-at-22.32.56-709x1536.jpeg 709w, https:\/\/viuresobrerodes.cat\/wp-content\/uploads\/2023\/08\/WhatsApp-Image-2023-08-06-at-22.32.56.jpeg 920w\" sizes=\"auto, (max-width: 473px) 100vw, 473px\" \/><\/figure>\n<\/div>\n<\/div>\n\n\n\n<p>A la sortida ens va ensenyar que a la paret, al costat de la porta hi ha dibuixades unes figures com si fos a llapis, doncs uns v\u00e0ndals actuals havien raspat a sobre per deixar empremta de la seva estada a l&#8217;esgl\u00e9sia. Molt lamentable!\ud83d\ude21<\/p>\n\n\n<div class=\"wp-block-image\">\n<figure class=\"aligncenter size-large is-resized\"><img loading=\"lazy\" decoding=\"async\" src=\"http:\/\/viuresobrerodes.cat\/wp-content\/uploads\/2023\/08\/WhatsApp-Image-2023-08-06-at-22.36.00-1024x473.jpeg\" alt=\"\" class=\"wp-image-1036\" style=\"width:615px;height:284px\" width=\"615\" height=\"284\" srcset=\"https:\/\/viuresobrerodes.cat\/wp-content\/uploads\/2023\/08\/WhatsApp-Image-2023-08-06-at-22.36.00-1024x473.jpeg 1024w, https:\/\/viuresobrerodes.cat\/wp-content\/uploads\/2023\/08\/WhatsApp-Image-2023-08-06-at-22.36.00-300x139.jpeg 300w, https:\/\/viuresobrerodes.cat\/wp-content\/uploads\/2023\/08\/WhatsApp-Image-2023-08-06-at-22.36.00-768x355.jpeg 768w, https:\/\/viuresobrerodes.cat\/wp-content\/uploads\/2023\/08\/WhatsApp-Image-2023-08-06-at-22.36.00-1536x709.jpeg 1536w, https:\/\/viuresobrerodes.cat\/wp-content\/uploads\/2023\/08\/WhatsApp-Image-2023-08-06-at-22.36.00-650x300.jpeg 650w, https:\/\/viuresobrerodes.cat\/wp-content\/uploads\/2023\/08\/WhatsApp-Image-2023-08-06-at-22.36.00.jpeg 1992w\" sizes=\"auto, (max-width: 615px) 100vw, 615px\" \/><\/figure>\n<\/div>\n\n\n<p>F\u00e9rem un recorregut pel poble\ud83d\udeb6\u200d\u2642\ufe0f\ud83d\udeb6\u200d\u2640\ufe0f <\/p>\n\n\n<div class=\"wp-block-image\">\n<figure class=\"aligncenter size-large is-resized\"><img loading=\"lazy\" decoding=\"async\" src=\"http:\/\/viuresobrerodes.cat\/wp-content\/uploads\/2023\/08\/WhatsApp-Image-2023-08-06-at-22.49.06-1024x473.jpeg\" alt=\"\" class=\"wp-image-1037\" style=\"width:622px;height:288px\" width=\"622\" height=\"288\" srcset=\"https:\/\/viuresobrerodes.cat\/wp-content\/uploads\/2023\/08\/WhatsApp-Image-2023-08-06-at-22.49.06-1024x473.jpeg 1024w, https:\/\/viuresobrerodes.cat\/wp-content\/uploads\/2023\/08\/WhatsApp-Image-2023-08-06-at-22.49.06-300x139.jpeg 300w, https:\/\/viuresobrerodes.cat\/wp-content\/uploads\/2023\/08\/WhatsApp-Image-2023-08-06-at-22.49.06-768x355.jpeg 768w, https:\/\/viuresobrerodes.cat\/wp-content\/uploads\/2023\/08\/WhatsApp-Image-2023-08-06-at-22.49.06-1536x709.jpeg 1536w, https:\/\/viuresobrerodes.cat\/wp-content\/uploads\/2023\/08\/WhatsApp-Image-2023-08-06-at-22.49.06-650x300.jpeg 650w, https:\/\/viuresobrerodes.cat\/wp-content\/uploads\/2023\/08\/WhatsApp-Image-2023-08-06-at-22.49.06.jpeg 1992w\" sizes=\"auto, (max-width: 622px) 100vw, 622px\" \/><\/figure>\n<\/div>\n\n\n<div class=\"wp-block-columns is-layout-flex wp-container-core-columns-is-layout-9d6595d7 wp-block-columns-is-layout-flex\">\n<div class=\"wp-block-column is-layout-flow wp-block-column-is-layout-flow\">\n<figure class=\"wp-block-image size-large is-resized\"><img loading=\"lazy\" decoding=\"async\" src=\"http:\/\/viuresobrerodes.cat\/wp-content\/uploads\/2023\/08\/WhatsApp-Image-2023-08-06-at-22.47.43-473x1024.jpeg\" alt=\"\" class=\"wp-image-1038\" style=\"width:296px;height:642px\" width=\"296\" height=\"642\" srcset=\"https:\/\/viuresobrerodes.cat\/wp-content\/uploads\/2023\/08\/WhatsApp-Image-2023-08-06-at-22.47.43-473x1024.jpeg 473w, https:\/\/viuresobrerodes.cat\/wp-content\/uploads\/2023\/08\/WhatsApp-Image-2023-08-06-at-22.47.43-139x300.jpeg 139w, https:\/\/viuresobrerodes.cat\/wp-content\/uploads\/2023\/08\/WhatsApp-Image-2023-08-06-at-22.47.43-768x1663.jpeg 768w, https:\/\/viuresobrerodes.cat\/wp-content\/uploads\/2023\/08\/WhatsApp-Image-2023-08-06-at-22.47.43-709x1536.jpeg 709w, https:\/\/viuresobrerodes.cat\/wp-content\/uploads\/2023\/08\/WhatsApp-Image-2023-08-06-at-22.47.43.jpeg 920w\" sizes=\"auto, (max-width: 296px) 100vw, 296px\" \/><\/figure>\n<\/div>\n\n\n\n<div class=\"wp-block-column is-layout-flow wp-block-column-is-layout-flow\">\n<figure class=\"wp-block-image size-large is-resized\"><img loading=\"lazy\" decoding=\"async\" src=\"http:\/\/viuresobrerodes.cat\/wp-content\/uploads\/2023\/08\/WhatsApp-Image-2023-08-06-at-22.50.14-473x1024.jpeg\" alt=\"\" class=\"wp-image-1039\" style=\"width:296px;height:642px\" width=\"296\" height=\"642\" srcset=\"https:\/\/viuresobrerodes.cat\/wp-content\/uploads\/2023\/08\/WhatsApp-Image-2023-08-06-at-22.50.14-473x1024.jpeg 473w, https:\/\/viuresobrerodes.cat\/wp-content\/uploads\/2023\/08\/WhatsApp-Image-2023-08-06-at-22.50.14-139x300.jpeg 139w, https:\/\/viuresobrerodes.cat\/wp-content\/uploads\/2023\/08\/WhatsApp-Image-2023-08-06-at-22.50.14-768x1663.jpeg 768w, https:\/\/viuresobrerodes.cat\/wp-content\/uploads\/2023\/08\/WhatsApp-Image-2023-08-06-at-22.50.14-709x1536.jpeg 709w, https:\/\/viuresobrerodes.cat\/wp-content\/uploads\/2023\/08\/WhatsApp-Image-2023-08-06-at-22.50.14.jpeg 920w\" sizes=\"auto, (max-width: 296px) 100vw, 296px\" \/><\/figure>\n<\/div>\n<\/div>\n\n\n\n<p> i cap a la&nbsp;Mussi&nbsp;a dinar\ud83c\udf7d ! Ten\u00edem la intenci\u00f3 de la tarda, visitar-ne dos \u26ea\u26ea m\u00e9s.<\/p>\n\n\n\n<p>Pujarem a la moto\ud83c\udfcd, pensant anar a  l&#8217;<a href=\"https:\/\/es.wikiloc.com\/rutas-senderismo\/del-pla-de-lermita-taull-als-estanys-del-pesso-6703095\"><strong>Estany del Pess\u00f3<\/strong><\/a> que estava a 1800 m del <strong>Pla de l&#8217;Ermita<\/strong>. Quan arrib\u00e0rem ens adon\u00e0rem que all\u00e0, era on hav\u00edem de deixar la moto \ud83c\udfcd per seguir a peu \ud83d\udeb6\u200d\u2642\ufe0f\ud83d\udeb6\u200d\u2640\ufe0f. Quan ens aprop\u00e0rem al cartell amb mapa \ud83d\uddfa\ufe0f, que indicava rutes i temps, vam veure que si vol\u00edem anar a l&#8217;<strong>Estany del Pess\u00f3<\/strong>, trigar\u00edem tres hores d&#8217;anada i tres de tornada&#8230;\ud83d\ude29 Eren les sis&#8230; impossible!<br>Aix\u00ed \u00e9s que emprengu\u00e9rem la ruta de les esgl\u00e9sies\ud83c\udfcd \u26ea, aquest cop an\u00e0rem cap a l&#8217;esgl\u00e9sia de <strong><a href=\"https:\/\/www.vallboi.cat\/ca\/esglesia\/santa-eulalia-derill-la-vall\">Santa Eul\u00e0lia d&#8217;Erill la Vall <\/a><\/strong>\u26ea .<\/p>\n\n\n\n<div class=\"wp-block-columns is-layout-flex wp-container-core-columns-is-layout-9d6595d7 wp-block-columns-is-layout-flex\">\n<div class=\"wp-block-column is-layout-flow wp-block-column-is-layout-flow\">\n<figure class=\"wp-block-image size-large\"><img loading=\"lazy\" decoding=\"async\" width=\"472\" height=\"1024\" src=\"http:\/\/viuresobrerodes.cat\/wp-content\/uploads\/2023\/08\/WhatsApp-Image-2023-08-06-at-23.05.20-472x1024.jpeg\" alt=\"\" class=\"wp-image-1041\" srcset=\"https:\/\/viuresobrerodes.cat\/wp-content\/uploads\/2023\/08\/WhatsApp-Image-2023-08-06-at-23.05.20-472x1024.jpeg 472w, https:\/\/viuresobrerodes.cat\/wp-content\/uploads\/2023\/08\/WhatsApp-Image-2023-08-06-at-23.05.20-138x300.jpeg 138w, https:\/\/viuresobrerodes.cat\/wp-content\/uploads\/2023\/08\/WhatsApp-Image-2023-08-06-at-23.05.20-708x1536.jpeg 708w, https:\/\/viuresobrerodes.cat\/wp-content\/uploads\/2023\/08\/WhatsApp-Image-2023-08-06-at-23.05.20.jpeg 738w\" sizes=\"auto, (max-width: 472px) 100vw, 472px\" \/><\/figure>\n<\/div>\n\n\n\n<div class=\"wp-block-column is-layout-flow wp-block-column-is-layout-flow\">\n<figure class=\"wp-block-image size-large\"><img loading=\"lazy\" decoding=\"async\" width=\"472\" height=\"1024\" src=\"http:\/\/viuresobrerodes.cat\/wp-content\/uploads\/2023\/08\/WhatsApp-Image-2023-08-06-at-23.06.19-472x1024.jpeg\" alt=\"\" class=\"wp-image-1042\" srcset=\"https:\/\/viuresobrerodes.cat\/wp-content\/uploads\/2023\/08\/WhatsApp-Image-2023-08-06-at-23.06.19-472x1024.jpeg 472w, https:\/\/viuresobrerodes.cat\/wp-content\/uploads\/2023\/08\/WhatsApp-Image-2023-08-06-at-23.06.19-138x300.jpeg 138w, https:\/\/viuresobrerodes.cat\/wp-content\/uploads\/2023\/08\/WhatsApp-Image-2023-08-06-at-23.06.19-708x1536.jpeg 708w, https:\/\/viuresobrerodes.cat\/wp-content\/uploads\/2023\/08\/WhatsApp-Image-2023-08-06-at-23.06.19.jpeg 738w\" sizes=\"auto, (max-width: 472px) 100vw, 472px\" \/><\/figure>\n<\/div>\n\n\n\n<div class=\"wp-block-column is-layout-flow wp-block-column-is-layout-flow\">\n<figure class=\"wp-block-image size-large\"><img loading=\"lazy\" decoding=\"async\" width=\"472\" height=\"1024\" src=\"http:\/\/viuresobrerodes.cat\/wp-content\/uploads\/2023\/08\/WhatsApp-Image-2023-08-06-at-23.07.00-472x1024.jpeg\" alt=\"\" class=\"wp-image-1043\" srcset=\"https:\/\/viuresobrerodes.cat\/wp-content\/uploads\/2023\/08\/WhatsApp-Image-2023-08-06-at-23.07.00-472x1024.jpeg 472w, https:\/\/viuresobrerodes.cat\/wp-content\/uploads\/2023\/08\/WhatsApp-Image-2023-08-06-at-23.07.00-138x300.jpeg 138w, https:\/\/viuresobrerodes.cat\/wp-content\/uploads\/2023\/08\/WhatsApp-Image-2023-08-06-at-23.07.00-708x1536.jpeg 708w, https:\/\/viuresobrerodes.cat\/wp-content\/uploads\/2023\/08\/WhatsApp-Image-2023-08-06-at-23.07.00.jpeg 738w\" sizes=\"auto, (max-width: 472px) 100vw, 472px\" \/><\/figure>\n<\/div>\n<\/div>\n\n\n\n<p>En aquesta esgl\u00e9sia no hi ha pintures, per\u00f2 si retaules d&#8217;entre els segles XVI-XVIII, s\u00f3n de fusta i mantenen la policromia en diferents graus de conservaci\u00f3 \ud83d\ude0d.<\/p>\n\n\n<div class=\"wp-block-image\">\n<figure class=\"aligncenter size-large is-resized\"><img loading=\"lazy\" decoding=\"async\" src=\"http:\/\/viuresobrerodes.cat\/wp-content\/uploads\/2023\/08\/WhatsApp-Image-2023-08-06-at-23.15.06-1024x472.jpeg\" alt=\"\" class=\"wp-image-1044\" style=\"width:614px;height:284px\" width=\"614\" height=\"284\" srcset=\"https:\/\/viuresobrerodes.cat\/wp-content\/uploads\/2023\/08\/WhatsApp-Image-2023-08-06-at-23.15.06-1024x472.jpeg 1024w, https:\/\/viuresobrerodes.cat\/wp-content\/uploads\/2023\/08\/WhatsApp-Image-2023-08-06-at-23.15.06-300x138.jpeg 300w, https:\/\/viuresobrerodes.cat\/wp-content\/uploads\/2023\/08\/WhatsApp-Image-2023-08-06-at-23.15.06-768x354.jpeg 768w, https:\/\/viuresobrerodes.cat\/wp-content\/uploads\/2023\/08\/WhatsApp-Image-2023-08-06-at-23.15.06-1536x708.jpeg 1536w, https:\/\/viuresobrerodes.cat\/wp-content\/uploads\/2023\/08\/WhatsApp-Image-2023-08-06-at-23.15.06-651x300.jpeg 651w, https:\/\/viuresobrerodes.cat\/wp-content\/uploads\/2023\/08\/WhatsApp-Image-2023-08-06-at-23.15.06.jpeg 1600w\" sizes=\"auto, (max-width: 614px) 100vw, 614px\" \/><\/figure>\n<\/div>\n\n\n<p>Vaig pujar al campanar \ud83d\ude01, fins a dalt de tot&#8230; un munt d&#8217;escales\ud83d\ude05, i al sostre, quatre campanes unides entre si amb cordes\ud83d\ude0d .<\/p>\n\n\n<div class=\"wp-block-image\">\n<figure class=\"aligncenter size-large is-resized\"><img loading=\"lazy\" decoding=\"async\" src=\"https:\/\/viuresobrerodes.cat\/wp-content\/uploads\/2023\/08\/WhatsApp-Image-2023-08-06-at-23.19.06-1-1024x472.jpeg\" alt=\"\" class=\"wp-image-1046\" style=\"width:608px;height:280px\" width=\"608\" height=\"280\" srcset=\"https:\/\/viuresobrerodes.cat\/wp-content\/uploads\/2023\/08\/WhatsApp-Image-2023-08-06-at-23.19.06-1-1024x472.jpeg 1024w, https:\/\/viuresobrerodes.cat\/wp-content\/uploads\/2023\/08\/WhatsApp-Image-2023-08-06-at-23.19.06-1-300x138.jpeg 300w, https:\/\/viuresobrerodes.cat\/wp-content\/uploads\/2023\/08\/WhatsApp-Image-2023-08-06-at-23.19.06-1-768x354.jpeg 768w, https:\/\/viuresobrerodes.cat\/wp-content\/uploads\/2023\/08\/WhatsApp-Image-2023-08-06-at-23.19.06-1-1536x708.jpeg 1536w, https:\/\/viuresobrerodes.cat\/wp-content\/uploads\/2023\/08\/WhatsApp-Image-2023-08-06-at-23.19.06-1-650x300.jpeg 650w, https:\/\/viuresobrerodes.cat\/wp-content\/uploads\/2023\/08\/WhatsApp-Image-2023-08-06-at-23.19.06-1-rotated.jpeg 1600w\" sizes=\"auto, (max-width: 608px) 100vw, 608px\" \/><\/figure>\n<\/div>\n\n\n<p>Despr\u00e9s \ud83c\udfcd an\u00e0rem a <strong><a href=\"https:\/\/www.ajuntamentvalldeboi.cat\/el-municipi\/nuclis\/barruera-1\">Barruera<\/a><\/strong>, primer compr\u00e0rem al supermercat\ud83d\uded2 el sopar, i en acabat, poc m\u00e9s que traspassant la carretera, ens dirig\u00edrem \ud83d\udeb6\u200d\u2642\ufe0f\ud83d\udeb6\u200d\u2640\ufe0f a l&#8217;esgl\u00e9sia de <strong><a href=\"https:\/\/www.catalunya.com\/esglesia-de-sant-feliu-de-barruera-17-16003-132?language=ca\">Sant Feliu<\/a><\/strong>&#8230;<\/p>\n\n\n<div class=\"wp-block-image\">\n<figure class=\"aligncenter size-large is-resized\"><img loading=\"lazy\" decoding=\"async\" src=\"http:\/\/viuresobrerodes.cat\/wp-content\/uploads\/2023\/08\/WhatsApp-Image-2023-08-06-at-23.23.59-1024x472.jpeg\" alt=\"\" class=\"wp-image-1047\" style=\"width:616px;height:284px\" width=\"616\" height=\"284\" srcset=\"https:\/\/viuresobrerodes.cat\/wp-content\/uploads\/2023\/08\/WhatsApp-Image-2023-08-06-at-23.23.59-1024x472.jpeg 1024w, https:\/\/viuresobrerodes.cat\/wp-content\/uploads\/2023\/08\/WhatsApp-Image-2023-08-06-at-23.23.59-300x138.jpeg 300w, https:\/\/viuresobrerodes.cat\/wp-content\/uploads\/2023\/08\/WhatsApp-Image-2023-08-06-at-23.23.59-768x354.jpeg 768w, https:\/\/viuresobrerodes.cat\/wp-content\/uploads\/2023\/08\/WhatsApp-Image-2023-08-06-at-23.23.59-1536x708.jpeg 1536w, https:\/\/viuresobrerodes.cat\/wp-content\/uploads\/2023\/08\/WhatsApp-Image-2023-08-06-at-23.23.59-650x300.jpeg 650w, https:\/\/viuresobrerodes.cat\/wp-content\/uploads\/2023\/08\/WhatsApp-Image-2023-08-06-at-23.23.59.jpeg 1600w\" sizes=\"auto, (max-width: 616px) 100vw, 616px\" \/><\/figure>\n<\/div>\n\n\n<p> Per\u00f2, estava tancada \ud83d\udc81\ud83c\udffb\u200d\u2640\ufe0f. La fotografi\u00e0rem \ud83d\udcf7per fora \u26ea , i passej\u00e0rem pel riu i pass\u00e0rem el pont de fusta, <\/p>\n\n\n\n<div class=\"wp-block-columns is-layout-flex wp-container-core-columns-is-layout-9d6595d7 wp-block-columns-is-layout-flex\">\n<div class=\"wp-block-column is-layout-flow wp-block-column-is-layout-flow\">\n<figure class=\"wp-block-image size-large\"><img loading=\"lazy\" decoding=\"async\" width=\"472\" height=\"1024\" src=\"https:\/\/viuresobrerodes.cat\/wp-content\/uploads\/2023\/08\/WhatsApp-Image-2023-08-06-at-23.31.12-472x1024.jpeg\" alt=\"\" class=\"wp-image-1048\" srcset=\"https:\/\/viuresobrerodes.cat\/wp-content\/uploads\/2023\/08\/WhatsApp-Image-2023-08-06-at-23.31.12-472x1024.jpeg 472w, https:\/\/viuresobrerodes.cat\/wp-content\/uploads\/2023\/08\/WhatsApp-Image-2023-08-06-at-23.31.12-138x300.jpeg 138w, https:\/\/viuresobrerodes.cat\/wp-content\/uploads\/2023\/08\/WhatsApp-Image-2023-08-06-at-23.31.12-708x1536.jpeg 708w, https:\/\/viuresobrerodes.cat\/wp-content\/uploads\/2023\/08\/WhatsApp-Image-2023-08-06-at-23.31.12.jpeg 737w\" sizes=\"auto, (max-width: 472px) 100vw, 472px\" \/><\/figure>\n<\/div>\n\n\n\n<div class=\"wp-block-column is-layout-flow wp-block-column-is-layout-flow\">\n<figure class=\"wp-block-image size-large\"><img loading=\"lazy\" decoding=\"async\" width=\"472\" height=\"1024\" src=\"https:\/\/viuresobrerodes.cat\/wp-content\/uploads\/2023\/08\/WhatsApp-Image-2023-08-06-at-23.29.32-1-472x1024.jpeg\" alt=\"\" class=\"wp-image-1049\" srcset=\"https:\/\/viuresobrerodes.cat\/wp-content\/uploads\/2023\/08\/WhatsApp-Image-2023-08-06-at-23.29.32-1-472x1024.jpeg 472w, https:\/\/viuresobrerodes.cat\/wp-content\/uploads\/2023\/08\/WhatsApp-Image-2023-08-06-at-23.29.32-1-138x300.jpeg 138w, https:\/\/viuresobrerodes.cat\/wp-content\/uploads\/2023\/08\/WhatsApp-Image-2023-08-06-at-23.29.32-1-708x1536.jpeg 708w, https:\/\/viuresobrerodes.cat\/wp-content\/uploads\/2023\/08\/WhatsApp-Image-2023-08-06-at-23.29.32-1.jpeg 737w\" sizes=\"auto, (max-width: 472px) 100vw, 472px\" \/><\/figure>\n<\/div>\n\n\n\n<div class=\"wp-block-column is-layout-flow wp-block-column-is-layout-flow\">\n<figure class=\"wp-block-image size-large\"><img loading=\"lazy\" decoding=\"async\" width=\"472\" height=\"1024\" src=\"https:\/\/viuresobrerodes.cat\/wp-content\/uploads\/2023\/08\/WhatsApp-Image-2023-08-06-at-23.29.32-472x1024.jpeg\" alt=\"\" class=\"wp-image-1050\" srcset=\"https:\/\/viuresobrerodes.cat\/wp-content\/uploads\/2023\/08\/WhatsApp-Image-2023-08-06-at-23.29.32-472x1024.jpeg 472w, https:\/\/viuresobrerodes.cat\/wp-content\/uploads\/2023\/08\/WhatsApp-Image-2023-08-06-at-23.29.32-138x300.jpeg 138w, https:\/\/viuresobrerodes.cat\/wp-content\/uploads\/2023\/08\/WhatsApp-Image-2023-08-06-at-23.29.32-708x1536.jpeg 708w, https:\/\/viuresobrerodes.cat\/wp-content\/uploads\/2023\/08\/WhatsApp-Image-2023-08-06-at-23.29.32.jpeg 737w\" sizes=\"auto, (max-width: 472px) 100vw, 472px\" \/><\/figure>\n<\/div>\n<\/div>\n\n\n\n<p>i au, com que ja era hora de sopar, cap al <strong>Pla de l&#8217;Ermita<\/strong> \ud83c\udfcd!!<\/p>\n\n\n\n<p>Al mat\u00ed a tres quarts d&#8217;onze \u231a hav\u00edem d&#8217;estar a \u26ea l&#8217;esgl\u00e9sia <strong><a href=\"https:\/\/www.instagram.com\/reel\/Cv4_OoXuubb\/?utm_source=ig_web_copy_link&amp;igshid=MzRlODBiNWFlZA==\">Sant Climent de Ta\u00fcll<\/a><\/strong> per poder assistir a la visita guiada. L&#8217;esgl\u00e9sia ens va semblar preciosa \ud83d\ude0d,<\/p>\n\n\n\n<div class=\"wp-block-columns is-layout-flex wp-container-core-columns-is-layout-9d6595d7 wp-block-columns-is-layout-flex\">\n<div class=\"wp-block-column is-layout-flow wp-block-column-is-layout-flow\">\n<figure class=\"wp-block-image size-large\"><img loading=\"lazy\" decoding=\"async\" width=\"472\" height=\"1024\" src=\"https:\/\/viuresobrerodes.cat\/wp-content\/uploads\/2023\/08\/WhatsApp-Image-2023-08-06-at-23.37.43-472x1024.jpeg\" alt=\"\" class=\"wp-image-1051\" srcset=\"https:\/\/viuresobrerodes.cat\/wp-content\/uploads\/2023\/08\/WhatsApp-Image-2023-08-06-at-23.37.43-472x1024.jpeg 472w, https:\/\/viuresobrerodes.cat\/wp-content\/uploads\/2023\/08\/WhatsApp-Image-2023-08-06-at-23.37.43-138x300.jpeg 138w, https:\/\/viuresobrerodes.cat\/wp-content\/uploads\/2023\/08\/WhatsApp-Image-2023-08-06-at-23.37.43-708x1536.jpeg 708w, https:\/\/viuresobrerodes.cat\/wp-content\/uploads\/2023\/08\/WhatsApp-Image-2023-08-06-at-23.37.43.jpeg 738w\" sizes=\"auto, (max-width: 472px) 100vw, 472px\" \/><\/figure>\n<\/div>\n\n\n\n<div class=\"wp-block-column is-layout-flow wp-block-column-is-layout-flow\">\n<figure class=\"wp-block-image size-large\"><img loading=\"lazy\" decoding=\"async\" width=\"472\" height=\"1024\" src=\"https:\/\/viuresobrerodes.cat\/wp-content\/uploads\/2023\/08\/WhatsApp-Image-2023-08-06-at-23.36.29-472x1024.jpeg\" alt=\"\" class=\"wp-image-1052\" srcset=\"https:\/\/viuresobrerodes.cat\/wp-content\/uploads\/2023\/08\/WhatsApp-Image-2023-08-06-at-23.36.29-472x1024.jpeg 472w, https:\/\/viuresobrerodes.cat\/wp-content\/uploads\/2023\/08\/WhatsApp-Image-2023-08-06-at-23.36.29-138x300.jpeg 138w, https:\/\/viuresobrerodes.cat\/wp-content\/uploads\/2023\/08\/WhatsApp-Image-2023-08-06-at-23.36.29-708x1536.jpeg 708w, https:\/\/viuresobrerodes.cat\/wp-content\/uploads\/2023\/08\/WhatsApp-Image-2023-08-06-at-23.36.29.jpeg 738w\" sizes=\"auto, (max-width: 472px) 100vw, 472px\" \/><\/figure>\n<\/div>\n\n\n\n<div class=\"wp-block-column is-layout-flow wp-block-column-is-layout-flow\">\n<figure class=\"wp-block-image size-large\"><img loading=\"lazy\" decoding=\"async\" width=\"472\" height=\"1024\" src=\"https:\/\/viuresobrerodes.cat\/wp-content\/uploads\/2023\/08\/WhatsApp-Image-2023-08-06-at-23.38.26-472x1024.jpeg\" alt=\"\" class=\"wp-image-1053\" srcset=\"https:\/\/viuresobrerodes.cat\/wp-content\/uploads\/2023\/08\/WhatsApp-Image-2023-08-06-at-23.38.26-472x1024.jpeg 472w, https:\/\/viuresobrerodes.cat\/wp-content\/uploads\/2023\/08\/WhatsApp-Image-2023-08-06-at-23.38.26-138x300.jpeg 138w, https:\/\/viuresobrerodes.cat\/wp-content\/uploads\/2023\/08\/WhatsApp-Image-2023-08-06-at-23.38.26-708x1536.jpeg 708w, https:\/\/viuresobrerodes.cat\/wp-content\/uploads\/2023\/08\/WhatsApp-Image-2023-08-06-at-23.38.26.jpeg 738w\" sizes=\"auto, (max-width: 472px) 100vw, 472px\" \/><\/figure>\n<\/div>\n<\/div>\n\n\n\n<p>i la guia\ud83d\udc69\ud83c\udffb\u200d\ud83c\udfeb , que \u00e9s la mateixa noia que ens la va fer a \u26ea <strong>Sant Joan de Bo\u00ed,<\/strong> una crac \ud83d\ude0d. Les explicacions es complementen, no calgu\u00e9 que ens cont\u00e9s com i amb qu\u00e8 feien les pintures\u2026 Per\u00f2 s\u00ed el que volien dir. Fou una visita genial.<br>Sortint d&#8217;all\u00e0 an\u00e0rem \ud83c\udfcd cap a \u26ea <strong>Sant Feliu de Barruera<\/strong>, que el dia anterior estava tancada. Molt maca com totes, per\u00f2 clar, \ud83d\udc81\ud83c\udffb\u200d\u2640\ufe0f sortint de veure la de <strong>Sant Climent<\/strong>\u2026<\/p>\n\n\n\n<div class=\"wp-block-columns is-layout-flex wp-container-core-columns-is-layout-9d6595d7 wp-block-columns-is-layout-flex\">\n<div class=\"wp-block-column is-layout-flow wp-block-column-is-layout-flow\">\n<figure class=\"wp-block-image size-large\"><img loading=\"lazy\" decoding=\"async\" width=\"472\" height=\"1024\" src=\"https:\/\/viuresobrerodes.cat\/wp-content\/uploads\/2023\/08\/WhatsApp-Image-2023-08-06-at-23.44.55-472x1024.jpeg\" alt=\"\" class=\"wp-image-1054\" srcset=\"https:\/\/viuresobrerodes.cat\/wp-content\/uploads\/2023\/08\/WhatsApp-Image-2023-08-06-at-23.44.55-472x1024.jpeg 472w, https:\/\/viuresobrerodes.cat\/wp-content\/uploads\/2023\/08\/WhatsApp-Image-2023-08-06-at-23.44.55-138x300.jpeg 138w, https:\/\/viuresobrerodes.cat\/wp-content\/uploads\/2023\/08\/WhatsApp-Image-2023-08-06-at-23.44.55-708x1536.jpeg 708w, https:\/\/viuresobrerodes.cat\/wp-content\/uploads\/2023\/08\/WhatsApp-Image-2023-08-06-at-23.44.55.jpeg 737w\" sizes=\"auto, (max-width: 472px) 100vw, 472px\" \/><\/figure>\n<\/div>\n\n\n\n<div class=\"wp-block-column is-layout-flow wp-block-column-is-layout-flow\">\n<figure class=\"wp-block-image size-large\"><img loading=\"lazy\" decoding=\"async\" width=\"472\" height=\"1024\" src=\"http:\/\/viuresobrerodes.cat\/wp-content\/uploads\/2023\/08\/WhatsApp-Image-2023-08-06-at-23.45.49-472x1024.jpeg\" alt=\"\" class=\"wp-image-1055\" srcset=\"https:\/\/viuresobrerodes.cat\/wp-content\/uploads\/2023\/08\/WhatsApp-Image-2023-08-06-at-23.45.49-472x1024.jpeg 472w, https:\/\/viuresobrerodes.cat\/wp-content\/uploads\/2023\/08\/WhatsApp-Image-2023-08-06-at-23.45.49-138x300.jpeg 138w, https:\/\/viuresobrerodes.cat\/wp-content\/uploads\/2023\/08\/WhatsApp-Image-2023-08-06-at-23.45.49-708x1536.jpeg 708w, https:\/\/viuresobrerodes.cat\/wp-content\/uploads\/2023\/08\/WhatsApp-Image-2023-08-06-at-23.45.49.jpeg 737w\" sizes=\"auto, (max-width: 472px) 100vw, 472px\" \/><\/figure>\n<\/div>\n\n\n\n<div class=\"wp-block-column is-layout-flow wp-block-column-is-layout-flow\">\n<figure class=\"wp-block-image size-large\"><img loading=\"lazy\" decoding=\"async\" width=\"472\" height=\"1024\" src=\"https:\/\/viuresobrerodes.cat\/wp-content\/uploads\/2023\/08\/WhatsApp-Image-2023-08-06-at-23.46.52-472x1024.jpeg\" alt=\"\" class=\"wp-image-1056\" srcset=\"https:\/\/viuresobrerodes.cat\/wp-content\/uploads\/2023\/08\/WhatsApp-Image-2023-08-06-at-23.46.52-472x1024.jpeg 472w, https:\/\/viuresobrerodes.cat\/wp-content\/uploads\/2023\/08\/WhatsApp-Image-2023-08-06-at-23.46.52-138x300.jpeg 138w, https:\/\/viuresobrerodes.cat\/wp-content\/uploads\/2023\/08\/WhatsApp-Image-2023-08-06-at-23.46.52-708x1536.jpeg 708w, https:\/\/viuresobrerodes.cat\/wp-content\/uploads\/2023\/08\/WhatsApp-Image-2023-08-06-at-23.46.52.jpeg 737w\" sizes=\"auto, (max-width: 472px) 100vw, 472px\" \/><\/figure>\n<\/div>\n<\/div>\n\n\n\n<p>Puj\u00e0rem a la moto \ud83c\udfcd i amunt, cap a <strong><a href=\"https:\/\/www.lospueblosmasbonitosdeespana.org\/cataluna\/durro\/\">Durro<\/a><\/strong>! La carretera, malgrat els revolts que, per dir-ho tot, amb moto\ud83c\udfcd  s&#8217;agraeixen, \u00e9s preciosa. Per\u00f2 si \u00e9s que heu d&#8217;anar amb autocaravana \ud83d\ude90, no deixen pernoctar.<br>\u26eaL&#8217;<strong><a href=\"https:\/\/www.catalunya.com\/esglesia-de-la-nativitat-de-durro-17-16003-213?language=ca\">esgl\u00e9sia Nativitat de la Mare de D\u00e9u<\/a><\/strong>, no obre fins a la tarda, aix\u00ed \u00e9s que no la pogu\u00e9rem veure.<br>Encara que ja era hora de fer el dinar, vol\u00edem anar a l&#8217;<strong><a href=\"https:\/\/www.vallboi.cat\/ca\/entrada-cavallers\">embassament de Cavallers<\/a><\/strong>, res, tamb\u00e9 tancat l&#8217;acc\u00e9s \ud83d\udea7, estava massa ple de visitants\u2026 Gir\u00e0rem cua i cap a fer el dinar a la Mussi.<\/p>\n\n\n\n<p>A les sis, puj\u00e0vem a la moto per anar fins a l&#8217;Embassament de Cavallers, el paisatge, el <strong><a href=\"https:\/\/www.instagram.com\/p\/CvnLbTHN64W\/?utm_source=ig_web_copy_link&amp;igshid=MzRlODBiNWFlZA==\">rumor de l&#8217;aigua<\/a><\/strong>\u2026 Id\u00edl\u00b7lic \ud83d\ude0d.<\/p>\n\n\n<div class=\"wp-block-image\">\n<figure class=\"aligncenter size-large is-resized\"><img loading=\"lazy\" decoding=\"async\" src=\"https:\/\/viuresobrerodes.cat\/wp-content\/uploads\/2023\/08\/WhatsApp-Image-2023-08-07-at-16.53.11-1024x576.jpeg\" alt=\"\" class=\"wp-image-1059\" style=\"width:616px;height:346px\" width=\"616\" height=\"346\" srcset=\"https:\/\/viuresobrerodes.cat\/wp-content\/uploads\/2023\/08\/WhatsApp-Image-2023-08-07-at-16.53.11-1024x576.jpeg 1024w, https:\/\/viuresobrerodes.cat\/wp-content\/uploads\/2023\/08\/WhatsApp-Image-2023-08-07-at-16.53.11-300x169.jpeg 300w, https:\/\/viuresobrerodes.cat\/wp-content\/uploads\/2023\/08\/WhatsApp-Image-2023-08-07-at-16.53.11-768x432.jpeg 768w, https:\/\/viuresobrerodes.cat\/wp-content\/uploads\/2023\/08\/WhatsApp-Image-2023-08-07-at-16.53.11-1536x864.jpeg 1536w, https:\/\/viuresobrerodes.cat\/wp-content\/uploads\/2023\/08\/WhatsApp-Image-2023-08-07-at-16.53.11-533x300.jpeg 533w, https:\/\/viuresobrerodes.cat\/wp-content\/uploads\/2023\/08\/WhatsApp-Image-2023-08-07-at-16.53.11.jpeg 1920w\" sizes=\"auto, (max-width: 616px) 100vw, 616px\" \/><\/figure>\n<\/div>\n\n\n<p>Per seguir m\u00e9s amunt fins a arribar el capdamunt de la presa, calia deixar la moto \ud83c\udfcd  i pujar a peu\ud83d\udeb6\u200d\u2640\ufe0f\ud83d\udeb6\u200d\u2642\ufe0f, massa tard \u231a. F\u00e9rem unes fotografies \ud83d\udcf7<\/p>\n\n\n<div class=\"wp-block-image\">\n<figure class=\"aligncenter size-large is-resized\"><img loading=\"lazy\" decoding=\"async\" src=\"https:\/\/viuresobrerodes.cat\/wp-content\/uploads\/2023\/08\/WhatsApp-Image-2023-08-07-at-17.04.10-1024x473.jpeg\" alt=\"\" class=\"wp-image-1060\" style=\"width:627px;height:290px\" width=\"627\" height=\"290\" srcset=\"https:\/\/viuresobrerodes.cat\/wp-content\/uploads\/2023\/08\/WhatsApp-Image-2023-08-07-at-17.04.10-1024x473.jpeg 1024w, https:\/\/viuresobrerodes.cat\/wp-content\/uploads\/2023\/08\/WhatsApp-Image-2023-08-07-at-17.04.10-300x139.jpeg 300w, https:\/\/viuresobrerodes.cat\/wp-content\/uploads\/2023\/08\/WhatsApp-Image-2023-08-07-at-17.04.10-768x355.jpeg 768w, https:\/\/viuresobrerodes.cat\/wp-content\/uploads\/2023\/08\/WhatsApp-Image-2023-08-07-at-17.04.10-1536x709.jpeg 1536w, https:\/\/viuresobrerodes.cat\/wp-content\/uploads\/2023\/08\/WhatsApp-Image-2023-08-07-at-17.04.10-650x300.jpeg 650w, https:\/\/viuresobrerodes.cat\/wp-content\/uploads\/2023\/08\/WhatsApp-Image-2023-08-07-at-17.04.10.jpeg 1992w\" sizes=\"auto, (max-width: 627px) 100vw, 627px\" \/><\/figure>\n<\/div>\n\n\n<div class=\"wp-block-columns is-layout-flex wp-container-core-columns-is-layout-9d6595d7 wp-block-columns-is-layout-flex\">\n<div class=\"wp-block-column is-layout-flow wp-block-column-is-layout-flow\">\n<figure class=\"wp-block-image size-large is-resized\"><img loading=\"lazy\" decoding=\"async\" src=\"https:\/\/viuresobrerodes.cat\/wp-content\/uploads\/2023\/08\/WhatsApp-Image-2023-08-07-at-17.00.11-472x1024.jpeg\" alt=\"\" class=\"wp-image-1061\" style=\"width:362px;height:785px\" width=\"362\" height=\"785\" srcset=\"https:\/\/viuresobrerodes.cat\/wp-content\/uploads\/2023\/08\/WhatsApp-Image-2023-08-07-at-17.00.11-472x1024.jpeg 472w, https:\/\/viuresobrerodes.cat\/wp-content\/uploads\/2023\/08\/WhatsApp-Image-2023-08-07-at-17.00.11-138x300.jpeg 138w, https:\/\/viuresobrerodes.cat\/wp-content\/uploads\/2023\/08\/WhatsApp-Image-2023-08-07-at-17.00.11-708x1536.jpeg 708w, https:\/\/viuresobrerodes.cat\/wp-content\/uploads\/2023\/08\/WhatsApp-Image-2023-08-07-at-17.00.11.jpeg 738w\" sizes=\"auto, (max-width: 362px) 100vw, 362px\" \/><\/figure>\n<\/div>\n\n\n\n<div class=\"wp-block-column is-layout-flow wp-block-column-is-layout-flow\">\n<figure class=\"wp-block-image size-large is-resized\"><img loading=\"lazy\" decoding=\"async\" src=\"https:\/\/viuresobrerodes.cat\/wp-content\/uploads\/2023\/08\/WhatsApp-Image-2023-08-07-at-17.00.19-472x1024.jpeg\" alt=\"\" class=\"wp-image-1062\" style=\"width:361px;height:782px\" width=\"361\" height=\"782\" srcset=\"https:\/\/viuresobrerodes.cat\/wp-content\/uploads\/2023\/08\/WhatsApp-Image-2023-08-07-at-17.00.19-472x1024.jpeg 472w, https:\/\/viuresobrerodes.cat\/wp-content\/uploads\/2023\/08\/WhatsApp-Image-2023-08-07-at-17.00.19-138x300.jpeg 138w, https:\/\/viuresobrerodes.cat\/wp-content\/uploads\/2023\/08\/WhatsApp-Image-2023-08-07-at-17.00.19-708x1536.jpeg 708w, https:\/\/viuresobrerodes.cat\/wp-content\/uploads\/2023\/08\/WhatsApp-Image-2023-08-07-at-17.00.19.jpeg 738w\" sizes=\"auto, (max-width: 361px) 100vw, 361px\" \/><\/figure>\n<\/div>\n<\/div>\n\n\n\n<p> i, iniciarem la baixada \ud83c\udfcd. <\/p>\n\n\n\n<p>I ja el cap de setmana vacacional, arribava a la fi \ud83e\udd14, l&#8217;endem\u00e0 a la tarda i al sendem\u00e0 el Miquel havia de treballar al <strong>Baix Llobregat<\/strong>\ud83d\udc81\ud83c\udffb\u200d\u2640\ufe0f. <\/p>\n\n\n\n<p>Al mat\u00ed, carreg\u00e0rem la moto\ud83c\udfcd  i vinga, som-hi! Par\u00e0rem a l&#8217;\u00e0rea de <strong><a href=\"https:\/\/areascamper.com\/ficha\/area-de-autocaravanas-en-barruera-lleida\/\">Barruera<\/a><\/strong> a buidar i omplir les aig\u00fces\u2026 Que \u00e9s l&#8217;\u00fanic que es pot fer\u2026 Per\u00f2 hi havia molta cua \ud83d\ude90\ud83d\ude90\ud83d\ude90 i segu\u00edrem cam\u00ed. A <a href=\"https:\/\/areascamper.com\/ficha\/area-de-autocaravanas-en-tremp-lleida\/\"><strong>Tremp<\/strong><\/a> potser s\u00ed que f\u00e9rem feina! Buid\u00e0rem aig\u00fces i vam omplir amb aigua potable, i ja, amb tot net i polit, cap a<strong> la Noguera<\/strong> i falta gent!!<\/p>\n","protected":false},"excerpt":{"rendered":"<p>Sort\u00edrem de casa \ud83d\ude90 a un quart de tres, del dia 4, cap a la Vall de Bo\u00ed, que juntament amb la Vall de Lord, s\u00f3n les \u00faniques valls que ens quedava per visitar. Aparc\u00e0rem al Pla de l&#8217;Ermita. Alt.1626 m. F\u00e9rem un dinar-sopar \ud83c\udf7d a les sis, i ja no an\u00e0rem a fer un [&hellip;]<\/p>\n","protected":false},"author":1,"featured_media":1040,"comment_status":"open","ping_status":"open","sticky":false,"template":"","format":"standard","meta":{"_jetpack_memberships_contains_paid_content":false,"footnotes":""},"categories":[4,5],"tags":[204,94,82,198,192,63,200,202,196,190,194,197,191,201,199,195,72,68,185,186,188,203,184],"class_list":["post-1013","post","type-post","status-publish","format-standard","has-post-thumbnail","hentry","category-autocaravana","category-motocicleta","tag-area-dautocaravanes-de-tremp","tag-autocaravana","tag-baix-llobregat","tag-barruera","tag-boi","tag-carado-v132","tag-durro","tag-embassament-de-cavallers","tag-erill-la-vall","tag-esglesia-de-sant-climent-de-taull","tag-esglesia-de-sant-joan-de-boi","tag-esglesia-de-santa-eulalia-derill-la-vall","tag-esglesia-de-santa-maria-de-taull","tag-esglesia-nativitat-de-la-mare-de-deu","tag-esglesia-sant-feliu-de-barruera","tag-estany-del-pesso","tag-honda-cb-300-r","tag-la-noguera","tag-pla-de-lermita","tag-romanic","tag-taull-2","tag-tremp","tag-vall-de-boi"],"jetpack_featured_media_url":"https:\/\/viuresobrerodes.cat\/wp-content\/uploads\/2023\/08\/WhatsApp-Image-2023-08-06-at-23.08.31.jpeg","jetpack_sharing_enabled":true,"_links":{"self":[{"href":"https:\/\/viuresobrerodes.cat\/index.php?rest_route=\/wp\/v2\/posts\/1013","targetHints":{"allow":["GET"]}}],"collection":[{"href":"https:\/\/viuresobrerodes.cat\/index.php?rest_route=\/wp\/v2\/posts"}],"about":[{"href":"https:\/\/viuresobrerodes.cat\/index.php?rest_route=\/wp\/v2\/types\/post"}],"author":[{"embeddable":true,"href":"https:\/\/viuresobrerodes.cat\/index.php?rest_route=\/wp\/v2\/users\/1"}],"replies":[{"embeddable":true,"href":"https:\/\/viuresobrerodes.cat\/index.php?rest_route=%2Fwp%2Fv2%2Fcomments&post=1013"}],"version-history":[{"count":11,"href":"https:\/\/viuresobrerodes.cat\/index.php?rest_route=\/wp\/v2\/posts\/1013\/revisions"}],"predecessor-version":[{"id":1221,"href":"https:\/\/viuresobrerodes.cat\/index.php?rest_route=\/wp\/v2\/posts\/1013\/revisions\/1221"}],"wp:featuredmedia":[{"embeddable":true,"href":"https:\/\/viuresobrerodes.cat\/index.php?rest_route=\/wp\/v2\/media\/1040"}],"wp:attachment":[{"href":"https:\/\/viuresobrerodes.cat\/index.php?rest_route=%2Fwp%2Fv2%2Fmedia&parent=1013"}],"wp:term":[{"taxonomy":"category","embeddable":true,"href":"https:\/\/viuresobrerodes.cat\/index.php?rest_route=%2Fwp%2Fv2%2Fcategories&post=1013"},{"taxonomy":"post_tag","embeddable":true,"href":"https:\/\/viuresobrerodes.cat\/index.php?rest_route=%2Fwp%2Fv2%2Ftags&post=1013"}],"curies":[{"name":"wp","href":"https:\/\/api.w.org\/{rel}","templated":true}]}}