{"id":130,"date":"2021-12-27T20:32:00","date_gmt":"2021-12-27T20:32:00","guid":{"rendered":"https:\/\/viuresobrerodes.cat\/?p=130"},"modified":"2022-11-09T14:48:07","modified_gmt":"2022-11-09T14:48:07","slug":"prova","status":"publish","type":"post","link":"https:\/\/viuresobrerodes.cat\/?p=130","title":{"rendered":"Tot un canvi!"},"content":{"rendered":"\n<p>Fa uns mesos vam decidir<strong><a href=\"https:\/\/z-p15.www.instagram.com\/p\/CVtAasKNkjE\/\"> canviar el modus vivendi<\/a><\/strong>, i s&#8217;est\u00e0 fent m\u00e9s llarg del que ens pens\u00e0vem. Ens han anat sortint entrebancs, per\u00f2\u00a0diria que ja estem a la recta final, b\u00e9, potser encara en tenim per un parell de mesos&#8230; Tocarem fusta!<\/p>\n\n\n\n<p>Per fer l&#8217;espera m\u00e9s curta us anirem explicant com ha anat des del primer moment que vam decidir fer el canvi .<\/p>\n\n\n\n<p>Vinga, som-hi!<\/p>\n\n\n\n<h5 class=\"wp-block-heading\"><strong>I despr\u00e9s de decidir canviar la nostra quotidianitat&#8230;<\/strong><\/h5>\n\n\n\n<p>En un primer moment, vam comen\u00e7ar a mirar <strong>furgonetes gran volum<\/strong> per camperitzar, com ara la Iveco Daily, Volkswagen Crafter, Fiat Ducato, Renault Master, Ford Transit, Mercedes-Benz 609D, Volkswagen Transporter. I mirant v\u00eddeos per trobar idees de com fer-ho.<\/p>\n\n\n\n<p><strong>Recordant la primera experi\u00e8ncia en furgoneta<\/strong><\/p>\n\n\n<div class=\"wp-block-image is-style-default\">\n<figure class=\"alignright size-large is-resized\"><img loading=\"lazy\" decoding=\"async\" src=\"http:\/\/viuresobrerodes.cat\/wp-content\/uploads\/2021\/12\/016-1024x706.jpg\" alt=\"\" class=\"wp-image-190\" width=\"365\" height=\"251\" srcset=\"https:\/\/viuresobrerodes.cat\/wp-content\/uploads\/2021\/12\/016-1024x706.jpg 1024w, https:\/\/viuresobrerodes.cat\/wp-content\/uploads\/2021\/12\/016-300x207.jpg 300w, https:\/\/viuresobrerodes.cat\/wp-content\/uploads\/2021\/12\/016-768x529.jpg 768w, https:\/\/viuresobrerodes.cat\/wp-content\/uploads\/2021\/12\/016-435x300.jpg 435w, https:\/\/viuresobrerodes.cat\/wp-content\/uploads\/2021\/12\/016.jpg 1175w\" sizes=\"auto, (max-width: 365px) 100vw, 365px\" \/><\/figure>\n<\/div>\n\n\n<p>Tot i que els anys vuitanta, ja vam camperitzar una furgoneta <strong>Sava Pegaso<\/strong> per anar de c\u00e0mping!<\/p>\n\n\n\n<p>&#8220;La Sava&#8221;, t\u00e9 un raconet especial al nostre cor. Amb ella el Miquel es despla\u00e7ava per tota Catalunya, visitant clients i repartint comandes.<\/p>\n\n\n\n<p>Tamb\u00e9 va ser el nostre vehicle particular i, tot i que era velleta, vam anar amb ella de viatge de nuvis recorrent \u00abmitja Espanya\u00bb el mes de febrer&#8230; Una aventura que va durar tres dies, plens de moments tragi-c\u00f2mics que mai oblidarem.<\/p>\n\n\n\n<p>Ella, ens va tornar a casa, com una&nbsp;campiona! I quan es va acostar l&#8217;estiu, la vam preparar per anar amb ella de c\u00e0mping.<\/p>\n\n\n\n<p><strong>Camperitzar o no, aquesta \u00e9s la q\u00fcesti\u00f3<\/strong><\/p>\n\n\n\n<p>Tornant al que us explicava, ara l\u2019any 2021, jo ho veia molt complicat, nom\u00e9s vint anys enrere segur que no ho hauria dubtat gens, per\u00f2 actualment&#8230; i a m\u00e9s, el temps que cal per poder fer una <strong>camperitzaci\u00f3<\/strong> amb cara i ulls&#8230;<\/p>\n\n\n\n<p>Amb un munt d&#8217;informaci\u00f3 al cap i a l&#8217;ordinador, abans de fer el pas definitiu, vam quedar per parlar-ne amb uns amics, el Juan i la Feli, que fa anys que tenen <strong>autocaravana<\/strong> i havien tingut una <strong>camper<\/strong>.<\/p>\n\n\n\n<p>Els vam explicar el que vol\u00edem fer, i tots quatre vam valorar pros i contres, com ara el preu de les grans volum noves, les de segona m\u00e0, del fet que \u00e9s indispensable l&#8217;adhesiu del medi ambient per poder circular per tot arreu i el que ja he dit sobre el temps que cal per fer-ho b\u00e9. El resultat de la xerrada va ser que vam fixar un dia per anar a visitar concessionaris d&#8217;autocaravanes i campers, i, per una altra banda, amb unes idees m\u00e9s clares del que vol\u00edem, buscar\u00edem tamb\u00e9 per internet.<\/p>\n\n\n\n<p><strong>Valorem altres opcions<\/strong><\/p>\n\n\n\n<p>Tot mirant i remirant per internet, vam trobar-ne una que ens va fer molta patxoca, i ja la idea de camperitzar va passar a millor vida. De tota manera hav\u00edem d&#8217;anar a veure-les f\u00edsicament, entrar dins i fer-nos millor la idea de com seria viure en ella&#8230; I va arribar el dia d&#8217;anar d&#8217;excursi\u00f3 amb el Juan i la Feli.<\/p>\n\n\n\n<p>De bon mat\u00ed vam anar a esmorzar i a visitar uns concessionaris que ells coneixien, per\u00f2, o eren massa grans, o massa petites&#8230; o no en tenien. Ja ho deix\u00e0vem c\u00f3rrer, de moment, quan va sortir a la conversa l&#8217;autocaravana que hav\u00edem vist per internet, quedava lluny per anar-hi, o no&#8230; \u00c9s a <strong>Vic<\/strong>, anem-hi?, anem!<\/p>\n\n\n\n<p><strong>Visita al concessionari de Vic, <a href=\"https:\/\/autosuministres.com\/\" target=\"_blank\" rel=\"noreferrer noopener\">AutoSuministres Motor<\/a><\/strong>.<\/p>\n\n\n\n<p>Encara que ja port\u00e0vem els deures fets i sab\u00edem el que vol\u00edem, en Ramon ens va ensenyar totes les que tenia, que no eren poques i ens explic\u00e0 les caracter\u00edstiques de totes amb detall. Per\u00f2 nosaltres ja ho ten\u00edem clar, vol\u00edem la&nbsp;<strong>CARADOV132 <\/strong>!<\/p>\n\n\n\n<p class=\"has-normal-font-size\"><strong>Per qu\u00e8 vol\u00edem la&nbsp;CARADO V132?<\/strong><\/p>\n\n\n\n<p class=\"has-normal-font-size\">  <\/p>\n\n\n\n<figure class=\"wp-block-embed is-provider-youtube wp-block-embed-youtube\"><div class=\"wp-block-embed__wrapper\">\n <div class=\"jetpack-video-wrapper\"><iframe loading=\"lazy\" title=\"CARADO V132 d&#039;AutoSuministres Motor\" width=\"723\" height=\"407\" src=\"https:\/\/www.youtube.com\/embed\/B9PQ-lAIM1g?feature=oembed\" frameborder=\"0\" allow=\"accelerometer; autoplay; clipboard-write; encrypted-media; gyroscope; picture-in-picture\" allowfullscreen><\/iframe><\/div> \n<\/div><\/figure>\n\n\n\n<p>La&nbsp;<strong>Carado V132<\/strong>, exteriorment t\u00e9 unes mides molt similars a les de les furgonetes gran volum, per la qual cosa t\u00e9 molta m\u00e9s mobilitat que una autocaravana &#8220;normal&#8221;. <\/p>\n\n\n\n<p>L&#8217;interior est\u00e0 molt ben equipat, amb espais de magatzematge suficient, tenint en compte que no passarem molts dies sense anar al nostre camp base, la nostra casa a <strong>la Noguera<\/strong>. El bany ens va agradar molt\u00edssim; el sistema que t\u00e9 de separar el plat de dutxa del lavabo i del&nbsp;wc.<\/p>\n\n\n<div class=\"wp-block-image\">\n<figure class=\"alignleft size-large is-resized\"><img loading=\"lazy\" decoding=\"async\" src=\"https:\/\/www.sumco-moto.com\/img\/motos\/Dingo-Roja-B.jpg\" alt=\"\" width=\"360\" height=\"237\"\/><\/figure>\n<\/div>\n\n\n<p>T\u00e9 un garatge en qu\u00e8 ens entra una motocicleta <strong>Dingo&nbsp;EFI125&nbsp;ClassicCL<\/strong>,   i aix\u00ed no ens caldr\u00e0 portar-la penjada a l&#8217;exterior.<\/p>\n","protected":false},"excerpt":{"rendered":"<p>Fa uns mesos vam decidir canviar el modus vivendi, i s&#8217;est\u00e0 fent m\u00e9s llarg del que ens pens\u00e0vem. Ens han anat sortint entrebancs, per\u00f2\u00a0diria que ja estem a la recta final, b\u00e9, potser encara en tenim per un parell de mesos&#8230; Tocarem fusta! Per fer l&#8217;espera m\u00e9s curta us anirem explicant com ha anat des [&hellip;]<\/p>\n","protected":false},"author":1,"featured_media":190,"comment_status":"open","ping_status":"open","sticky":false,"template":"","format":"standard","meta":{"_jetpack_memberships_contains_paid_content":false,"footnotes":""},"categories":[4],"tags":[],"class_list":["post-130","post","type-post","status-publish","format-standard","has-post-thumbnail","hentry","category-autocaravana"],"jetpack_featured_media_url":"https:\/\/viuresobrerodes.cat\/wp-content\/uploads\/2021\/12\/016.jpg","jetpack_sharing_enabled":true,"_links":{"self":[{"href":"https:\/\/viuresobrerodes.cat\/index.php?rest_route=\/wp\/v2\/posts\/130","targetHints":{"allow":["GET"]}}],"collection":[{"href":"https:\/\/viuresobrerodes.cat\/index.php?rest_route=\/wp\/v2\/posts"}],"about":[{"href":"https:\/\/viuresobrerodes.cat\/index.php?rest_route=\/wp\/v2\/types\/post"}],"author":[{"embeddable":true,"href":"https:\/\/viuresobrerodes.cat\/index.php?rest_route=\/wp\/v2\/users\/1"}],"replies":[{"embeddable":true,"href":"https:\/\/viuresobrerodes.cat\/index.php?rest_route=%2Fwp%2Fv2%2Fcomments&post=130"}],"version-history":[{"count":20,"href":"https:\/\/viuresobrerodes.cat\/index.php?rest_route=\/wp\/v2\/posts\/130\/revisions"}],"predecessor-version":[{"id":614,"href":"https:\/\/viuresobrerodes.cat\/index.php?rest_route=\/wp\/v2\/posts\/130\/revisions\/614"}],"wp:featuredmedia":[{"embeddable":true,"href":"https:\/\/viuresobrerodes.cat\/index.php?rest_route=\/wp\/v2\/media\/190"}],"wp:attachment":[{"href":"https:\/\/viuresobrerodes.cat\/index.php?rest_route=%2Fwp%2Fv2%2Fmedia&parent=130"}],"wp:term":[{"taxonomy":"category","embeddable":true,"href":"https:\/\/viuresobrerodes.cat\/index.php?rest_route=%2Fwp%2Fv2%2Fcategories&post=130"},{"taxonomy":"post_tag","embeddable":true,"href":"https:\/\/viuresobrerodes.cat\/index.php?rest_route=%2Fwp%2Fv2%2Ftags&post=130"}],"curies":[{"name":"wp","href":"https:\/\/api.w.org\/{rel}","templated":true}]}}