{"id":139,"date":"2022-01-05T21:02:00","date_gmt":"2022-01-05T21:02:00","guid":{"rendered":"http:\/\/viuresobrerodes.cat\/?p=139"},"modified":"2022-10-30T16:28:26","modified_gmt":"2022-10-30T16:28:26","slug":"prova-2","status":"publish","type":"post","link":"https:\/\/viuresobrerodes.cat\/?p=139","title":{"rendered":"Nosaltres i les motos"},"content":{"rendered":"\n<p>La setmana passada us vam explicar els nostres inicis amb les furgonetes camperitzades. Per\u00f2, i amb la moto? Voleu saber quan va comen\u00e7ar la nostra aventura? Us ho expliquem!<\/p>\n\n\n\n<p><\/p>\n\n\n\n<p><strong>Motorista preco\u00e7.<\/strong><\/p>\n\n\n\n<p><\/p>\n\n\n\n<p><img loading=\"lazy\" decoding=\"async\" width=\"300\" height=\"240\" class=\"wp-image-235\" style=\"width: 300px;\" src=\"http:\/\/viuresobrerodes.cat\/wp-content\/uploads\/2022\/01\/Diseno-sin-titulo.png\" alt=\"\" srcset=\"https:\/\/viuresobrerodes.cat\/wp-content\/uploads\/2022\/01\/Diseno-sin-titulo.png 2000w, https:\/\/viuresobrerodes.cat\/wp-content\/uploads\/2022\/01\/Diseno-sin-titulo-300x240.png 300w, https:\/\/viuresobrerodes.cat\/wp-content\/uploads\/2022\/01\/Diseno-sin-titulo-1024x819.png 1024w, https:\/\/viuresobrerodes.cat\/wp-content\/uploads\/2022\/01\/Diseno-sin-titulo-768x614.png 768w, https:\/\/viuresobrerodes.cat\/wp-content\/uploads\/2022\/01\/Diseno-sin-titulo-1536x1229.png 1536w, https:\/\/viuresobrerodes.cat\/wp-content\/uploads\/2022\/01\/Diseno-sin-titulo-375x300.png 375w\" sizes=\"auto, (max-width: 300px) 100vw, 300px\" \/>Quan el Miquel tenia uns deu anys, el seu oncle Roman ja el portava de &#8220;paquet&#8221; per anar a la platja, en una <strong>Ducati 175<\/strong>.                                                                                                                                                                                                                                 <\/p>\n\n\n\n<p>Al cap de quatre anys, ja li demanava la <strong>Vespino<\/strong> al seu pare.                             <img loading=\"lazy\" decoding=\"async\" width=\"153\" height=\"234\" class=\"wp-image-234\" style=\"width: 153px;\" src=\"http:\/\/viuresobrerodes.cat\/wp-content\/uploads\/2022\/01\/VESPINO.jpeg\" alt=\"\" srcset=\"https:\/\/viuresobrerodes.cat\/wp-content\/uploads\/2022\/01\/VESPINO.jpeg 223w, https:\/\/viuresobrerodes.cat\/wp-content\/uploads\/2022\/01\/VESPINO-196x300.jpeg 196w\" sizes=\"auto, (max-width: 153px) 100vw, 153px\" \/><\/p>\n\n\n\n<p><strong>Joventut temer\u00e0ria.<\/strong><\/p>\n\n\n\n<p><\/p>\n\n\n\n<p>  <img loading=\"lazy\" decoding=\"async\" width=\"271\" height=\"160\" class=\"wp-image-229\" style=\"width: 271px;\" src=\"http:\/\/viuresobrerodes.cat\/wp-content\/uploads\/2022\/01\/MIKI2-scaled.jpeg\" alt=\"\" srcset=\"https:\/\/viuresobrerodes.cat\/wp-content\/uploads\/2022\/01\/MIKI2-scaled.jpeg 2560w, https:\/\/viuresobrerodes.cat\/wp-content\/uploads\/2022\/01\/MIKI2-300x177.jpeg 300w, https:\/\/viuresobrerodes.cat\/wp-content\/uploads\/2022\/01\/MIKI2-1024x604.jpeg 1024w, https:\/\/viuresobrerodes.cat\/wp-content\/uploads\/2022\/01\/MIKI2-768x453.jpeg 768w, https:\/\/viuresobrerodes.cat\/wp-content\/uploads\/2022\/01\/MIKI2-1536x907.jpeg 1536w, https:\/\/viuresobrerodes.cat\/wp-content\/uploads\/2022\/01\/MIKI2-2048x1209.jpeg 2048w, https:\/\/viuresobrerodes.cat\/wp-content\/uploads\/2022\/01\/MIKI2-508x300.jpeg 508w\" sizes=\"auto, (max-width: 271px) 100vw, 271px\" \/>       A finals dels setanta, ja tenia moto, una <strong>Derbi 49 cc<\/strong>., retocada a 65 cc&#8230; i amb el tub d&#8217;escapament una mica massa lliure&#8230; com sonava aquell tub!<\/p>\n\n\n\n<p>Tot i que no estava perm\u00e8s que jo an\u00e9s de &#8220;paquet&#8221;, amb la <strong>Derbi<\/strong> an\u00e0vem a la platja, b\u00e9, quan arrib\u00e0vem a l&#8217;autovia jo la traspassava caminant. Era tota una aventura.<\/p>\n\n\n\n<p>En aquella \u00e8poca no calia portar casc, i jo ara encara no s\u00e9 com podien conduir sense protecci\u00f3 ocular, si jo anava darrere amb els ulls mig tancats!.<\/p>\n\n\n\n<p><strong>Uns anys sense moto.<\/strong><\/p>\n\n\n\n<p>Quan el Miquel va comen\u00e7ar a treballar de comercial i calia un cotxe, es va acabar la moto. No obstant sempre hi havia un amic que n&#8217;hi deixava una, una <strong>Bultaco MK11<\/strong>, o, una <strong>Vespa Primavera 125<\/strong>. Amb la Bultaco em venia a buscar a la feina, i jo presumia d&#8217;all\u00f2 m\u00e9s!<\/p>\n\n\n\n<p>Quan va n\u00e9ixer la nostra filla, no vam tornar a anar en moto, i no per falta de ganes.<\/p>\n\n\n\n<p><strong>Reprenem l&#8217;aventura.<\/strong><\/p>\n\n\n\n<p>Fins que anys m\u00e9s tard, any 2005, ens vam adonar que ella i el seu amic feien sortides amb moto, i les feien amb motoristes del poble, que el Miquel coneixia des de l&#8217;etapa escolar!<\/p>\n\n\n\n<p>I en un pim-pam, en setembre, ja ten\u00edem moto, una <strong>Honda CB 450 DX<\/strong>, les jaquetes, les botes, els cascs, i, moltes ganes de fer sortides!                                                                                           <img loading=\"lazy\" decoding=\"async\" width=\"200\" height=\"150\" class=\"wp-image-226\" style=\"width: 200px;\" src=\"http:\/\/viuresobrerodes.cat\/wp-content\/uploads\/2022\/01\/CB-450-DX-2.jpg\" alt=\"\" srcset=\"https:\/\/viuresobrerodes.cat\/wp-content\/uploads\/2022\/01\/CB-450-DX-2.jpg 800w, https:\/\/viuresobrerodes.cat\/wp-content\/uploads\/2022\/01\/CB-450-DX-2-300x225.jpg 300w, https:\/\/viuresobrerodes.cat\/wp-content\/uploads\/2022\/01\/CB-450-DX-2-768x576.jpg 768w, https:\/\/viuresobrerodes.cat\/wp-content\/uploads\/2022\/01\/CB-450-DX-2-400x300.jpg 400w\" sizes=\"auto, (max-width: 200px) 100vw, 200px\" \/><\/p>\n\n\n\n<p>Amb aquella moto vam fer sortides de cap de setmana, <strong>Andorra<\/strong>, i sortides nom\u00e9s per esmorzar&#8230;(vam fer amb ella 15.000 km) i el mes de febrer de l&#8217;any 2006 ens la vam vendre i ens vam comprar la <strong>BMW K 75 RT<\/strong>.<\/p>\n\n\n\n<p><img decoding=\"async\" class=\"wp-image-236\" style=\"width: 300px;\" src=\"http:\/\/viuresobrerodes.cat\/wp-content\/uploads\/2022\/01\/11.png\" alt=\"\">Amb la <strong>K 75 RT<\/strong> vam viatjar molt, per <strong>Catalunya<\/strong>, <strong>Fran\u00e7a<\/strong>, <strong>Espanya<\/strong> i <strong>It\u00e0lia<\/strong>. Vam viure amb ella moments incre\u00efbles que recordarem sempre. (Vam fer amb ella 107.000 km)<\/p>\n\n\n\n<p><strong>Un petit avan\u00e7ament de l&#8217;anecdotari.<\/strong><\/p>\n\n\n\n<p>Heu anat amb moto m\u00e9s de 100 km nevant? Com vaig gaudir de la imatge de les volves caient sobre la visera del meu casc! (encara que s&#8217;acumul\u00e9s i s&#8217;hagu\u00e9s d&#8217;anar traient la neu gla\u00e7ada) i mirant el paisatge&#8230; El Miquel, no t\u00e9 una imatge tan buc\u00f2lica com jo!<br>Si sou \u00abpaquets\u00bb com jo, us heu adormit viatjant? Jo s\u00ed. Hora? Despr\u00e9s de dinar, el sol de la tarda&#8230; Clar que ho vaig solucionar canviant la visera per una altra fumada.<br><br><strong>Historial de les motos que hem tingut<\/strong>.<\/p>\n\n\n\n<p><img loading=\"lazy\" decoding=\"async\" width=\"300\" height=\"240\" class=\"wp-image-237\" style=\"width: 300px;\" src=\"http:\/\/viuresobrerodes.cat\/wp-content\/uploads\/2022\/01\/12.png\" alt=\"\" srcset=\"https:\/\/viuresobrerodes.cat\/wp-content\/uploads\/2022\/01\/12.png 2000w, https:\/\/viuresobrerodes.cat\/wp-content\/uploads\/2022\/01\/12-300x240.png 300w, https:\/\/viuresobrerodes.cat\/wp-content\/uploads\/2022\/01\/12-1024x819.png 1024w, https:\/\/viuresobrerodes.cat\/wp-content\/uploads\/2022\/01\/12-768x614.png 768w, https:\/\/viuresobrerodes.cat\/wp-content\/uploads\/2022\/01\/12-1536x1229.png 1536w, https:\/\/viuresobrerodes.cat\/wp-content\/uploads\/2022\/01\/12-375x300.png 375w\" sizes=\"auto, (max-width: 300px) 100vw, 300px\" \/>A part de tenir la <strong>K 75 RT<\/strong>, ten\u00edem la <strong>Yamaha XJ 600<\/strong>, ja que resultava m\u00e9s c\u00f2mode per anar per ciutat <img loading=\"lazy\" decoding=\"async\" width=\"157\" height=\"117\" class=\"wp-image-261\" style=\"width: 157px;\" src=\"http:\/\/viuresobrerodes.cat\/wp-content\/uploads\/2022\/01\/Yamaha-XJ-600.jpeg\" alt=\"\" srcset=\"https:\/\/viuresobrerodes.cat\/wp-content\/uploads\/2022\/01\/Yamaha-XJ-600.jpeg 1600w, https:\/\/viuresobrerodes.cat\/wp-content\/uploads\/2022\/01\/Yamaha-XJ-600-300x224.jpeg 300w, https:\/\/viuresobrerodes.cat\/wp-content\/uploads\/2022\/01\/Yamaha-XJ-600-1024x765.jpeg 1024w, https:\/\/viuresobrerodes.cat\/wp-content\/uploads\/2022\/01\/Yamaha-XJ-600-768x574.jpeg 768w, https:\/\/viuresobrerodes.cat\/wp-content\/uploads\/2022\/01\/Yamaha-XJ-600-1536x1147.jpeg 1536w, https:\/\/viuresobrerodes.cat\/wp-content\/uploads\/2022\/01\/Yamaha-XJ-600-402x300.jpeg 402w\" sizes=\"auto, (max-width: 157px) 100vw, 157px\" \/>(vam fer amb ella 45.000 km). Vam acabar canviant-la per una <strong>Yamaha X MAX 250<\/strong> <img loading=\"lazy\" decoding=\"async\" width=\"155\" height=\"116\" class=\"wp-image-262\" style=\"width: 155px;\" src=\"http:\/\/viuresobrerodes.cat\/wp-content\/uploads\/2022\/01\/Yamaha-XMax-250.jpeg\" alt=\"\" srcset=\"https:\/\/viuresobrerodes.cat\/wp-content\/uploads\/2022\/01\/Yamaha-XMax-250.jpeg 1600w, https:\/\/viuresobrerodes.cat\/wp-content\/uploads\/2022\/01\/Yamaha-XMax-250-300x225.jpeg 300w, https:\/\/viuresobrerodes.cat\/wp-content\/uploads\/2022\/01\/Yamaha-XMax-250-1024x768.jpeg 1024w, https:\/\/viuresobrerodes.cat\/wp-content\/uploads\/2022\/01\/Yamaha-XMax-250-768x576.jpeg 768w, https:\/\/viuresobrerodes.cat\/wp-content\/uploads\/2022\/01\/Yamaha-XMax-250-1536x1152.jpeg 1536w, https:\/\/viuresobrerodes.cat\/wp-content\/uploads\/2022\/01\/Yamaha-XMax-250-400x300.jpeg 400w\" sizes=\"auto, (max-width: 155px) 100vw, 155px\" \/>(vam fer amb ella 18.000 km), per\u00f2 tamb\u00e9 la vam acabar venent per quedar-nos nom\u00e9s amb la <strong>K 75 RT<\/strong>.<\/p>\n\n\n\n<p>A l&#8217;octubre del 2014, vam canviar la <strong>BMW K 75 RT<\/strong> per la <strong>BMW 1100 RT<\/strong>. El desembre del 2021 port\u00e0vem fets uns 45.000 km.  <img loading=\"lazy\" decoding=\"async\" width=\"300\" height=\"240\" class=\"wp-image-254\" style=\"width: 300px;\" src=\"http:\/\/viuresobrerodes.cat\/wp-content\/uploads\/2022\/01\/BMW-1100-RT.png\" alt=\"\" srcset=\"https:\/\/viuresobrerodes.cat\/wp-content\/uploads\/2022\/01\/BMW-1100-RT.png 2000w, https:\/\/viuresobrerodes.cat\/wp-content\/uploads\/2022\/01\/BMW-1100-RT-300x240.png 300w, https:\/\/viuresobrerodes.cat\/wp-content\/uploads\/2022\/01\/BMW-1100-RT-1024x819.png 1024w, https:\/\/viuresobrerodes.cat\/wp-content\/uploads\/2022\/01\/BMW-1100-RT-768x614.png 768w, https:\/\/viuresobrerodes.cat\/wp-content\/uploads\/2022\/01\/BMW-1100-RT-1536x1229.png 1536w, https:\/\/viuresobrerodes.cat\/wp-content\/uploads\/2022\/01\/BMW-1100-RT-375x300.png 375w\" sizes=\"auto, (max-width: 300px) 100vw, 300px\" \/>                                      <\/p>\n\n\n\n<p><strong>En un futur pr\u00f2xim.<\/strong><\/p>\n\n\n\n<p>No nom\u00e9s tindrem la <strong>BMW 1100 RT<\/strong> ( com \u00e9s massa gran per anar dins del garatge de l&#8217;autocaravana, haur\u00e0 d&#8217;estar desada al nostre camp base de <strong>la Noguera<\/strong>), ens hem de comprar una altra moto petita, que ser\u00e0 la <strong>Dingo EFI 125<\/strong> <strong>Classic CL<\/strong>, que ens anir\u00e0 molt b\u00e9 per moure&#8217;ns en petits despla\u00e7aments.<\/p>\n\n\n\n<p>I a poc a poc us anirem explicant les sortides que hem fet, amb relat escrit i fotografies, des de l&#8217;any 2005 fins a l&#8217;actualitat.<\/p>\n","protected":false},"excerpt":{"rendered":"<p>La setmana passada us vam explicar els nostres inicis amb les furgonetes camperitzades. Per\u00f2, i amb la moto? Voleu saber quan va comen\u00e7ar la nostra aventura? Us ho expliquem! Motorista preco\u00e7. Quan el Miquel tenia uns deu anys, el seu oncle Roman ja el portava de &#8220;paquet&#8221; per anar a la platja, en una Ducati [&hellip;]<\/p>\n","protected":false},"author":1,"featured_media":231,"comment_status":"open","ping_status":"open","sticky":false,"template":"","format":"standard","meta":{"_jetpack_memberships_contains_paid_content":false,"footnotes":""},"categories":[5],"tags":[18,15,12,11,19,20,73,8,13,10,17,16],"class_list":["post-139","post","type-post","status-publish","format-standard","has-post-thumbnail","hentry","category-motocicleta","tag-bmw-1100-rt","tag-bmw-k-75-rt","tag-bultaco-mk11","tag-derbi-49-cc","tag-dingo-efi-125-classic-cl","tag-ducati-175","tag-honda-cb-450-dx","tag-motocicleta","tag-vespa-primavera-125","tag-vespino","tag-yamaha-x-max-250","tag-yamaha-xj-600"],"jetpack_featured_media_url":"https:\/\/viuresobrerodes.cat\/wp-content\/uploads\/2022\/01\/RUTA.jpg","jetpack_sharing_enabled":true,"_links":{"self":[{"href":"https:\/\/viuresobrerodes.cat\/index.php?rest_route=\/wp\/v2\/posts\/139","targetHints":{"allow":["GET"]}}],"collection":[{"href":"https:\/\/viuresobrerodes.cat\/index.php?rest_route=\/wp\/v2\/posts"}],"about":[{"href":"https:\/\/viuresobrerodes.cat\/index.php?rest_route=\/wp\/v2\/types\/post"}],"author":[{"embeddable":true,"href":"https:\/\/viuresobrerodes.cat\/index.php?rest_route=\/wp\/v2\/users\/1"}],"replies":[{"embeddable":true,"href":"https:\/\/viuresobrerodes.cat\/index.php?rest_route=%2Fwp%2Fv2%2Fcomments&post=139"}],"version-history":[{"count":10,"href":"https:\/\/viuresobrerodes.cat\/index.php?rest_route=\/wp\/v2\/posts\/139\/revisions"}],"predecessor-version":[{"id":520,"href":"https:\/\/viuresobrerodes.cat\/index.php?rest_route=\/wp\/v2\/posts\/139\/revisions\/520"}],"wp:featuredmedia":[{"embeddable":true,"href":"https:\/\/viuresobrerodes.cat\/index.php?rest_route=\/wp\/v2\/media\/231"}],"wp:attachment":[{"href":"https:\/\/viuresobrerodes.cat\/index.php?rest_route=%2Fwp%2Fv2%2Fmedia&parent=139"}],"wp:term":[{"taxonomy":"category","embeddable":true,"href":"https:\/\/viuresobrerodes.cat\/index.php?rest_route=%2Fwp%2Fv2%2Fcategories&post=139"},{"taxonomy":"post_tag","embeddable":true,"href":"https:\/\/viuresobrerodes.cat\/index.php?rest_route=%2Fwp%2Fv2%2Ftags&post=139"}],"curies":[{"name":"wp","href":"https:\/\/api.w.org\/{rel}","templated":true}]}}