{"id":1694,"date":"2024-01-27T13:11:39","date_gmt":"2024-01-27T13:11:39","guid":{"rendered":"https:\/\/viuresobrerodes.cat\/?p=1694"},"modified":"2024-01-27T13:11:39","modified_gmt":"2024-01-27T13:11:39","slug":"incidencia-en-la-calefaccio","status":"publish","type":"post","link":"https:\/\/viuresobrerodes.cat\/?p=1694","title":{"rendered":"Incid\u00e8ncia en la calefacci\u00f3"},"content":{"rendered":"\n<p>En els dies m\u00e9s freds \ud83e\udd76 del que port\u00e0vem d&#8217;hivern i amb pluges\ud83c\udf27 , se&#8217;ns va espatllar la calefacci\u00f3, tamb\u00e9 l&#8217;aigua calenta, \ud83e\udd26\u200d\u2640\ufe0f \u00e9s clar \ud83d\udc81\ud83c\udffb\u200d\u2640\ufe0f . <\/p>\n\n\n\n<p>La Mussi \ud83d\ude90 va estar aturada deu dies a <strong>la Noguera<\/strong>, i com que va gla\u00e7ar \u2744, va expulsar l&#8217;aigua potable \ud83d\udeb0 que quedava en el dip\u00f2sit. <\/p>\n\n\n\n<p>En arribar al <strong>Baix Llobregat<\/strong>, la calefacci\u00f3 es va posar en funcionament tota sola \ud83d\ude32, i seguidament va deixar d&#8217;anar \ud83d\udc81\ud83c\udffb\u200d\u2640\ufe0f, per\u00f2 la centraleta de comandament, marcava fixament un n\u00famero qualsevol, i la llumeta carabassa que ens indica en apagar-se, que l&#8217;aigua est\u00e0 calenta, no parava de fer pampallugues. Ten\u00edem un problema \ud83e\udd26\u200d\u2640\ufe0f .<\/p>\n\n\n<div class=\"wp-block-image\">\n<figure class=\"aligncenter size-full\"><img loading=\"lazy\" decoding=\"async\" width=\"439\" height=\"221\" src=\"https:\/\/viuresobrerodes.cat\/wp-content\/uploads\/2024\/01\/3.png\" alt=\"\" class=\"wp-image-1701\" srcset=\"https:\/\/viuresobrerodes.cat\/wp-content\/uploads\/2024\/01\/3.png 439w, https:\/\/viuresobrerodes.cat\/wp-content\/uploads\/2024\/01\/3-300x151.png 300w\" sizes=\"auto, (max-width: 439px) 100vw, 439px\" \/><\/figure>\n<\/div>\n\n\n<p> Contact\u00e0rem amb <strong><strong><a href=\"https:\/\/autosuministres.com\/taller\/\">ASM<\/a><\/strong>\u00a0, Autosuministres motor<\/strong>. El Miquel va explicar a en Jaume \ud83d\udc68\u200d\ud83d\udd27 (\u00e9s amb el que parlem sempre que tenim un problema per tel\u00e8fon \ud83d\udcf1 i, el que ens rep, ens fa la fitxa \ud83d\udccb, i ens explica com ha anat tot) el problema. Primer de tot, en Jaume \ud83d\udc68\u200d\ud83d\udd27 el va informar que en el quadre el\u00e8ctric, a sota del seient del conductor \ud83d\udcba, hi ha el fusible de la caldera, <\/p>\n\n\n<div class=\"wp-block-image\">\n<figure class=\"aligncenter size-large is-resized\"><img loading=\"lazy\" decoding=\"async\" width=\"1024\" height=\"768\" src=\"https:\/\/viuresobrerodes.cat\/wp-content\/uploads\/2024\/01\/85f98afa-cf03-4c71-8853-e6eb275083c6-1024x768.jpg\" alt=\"\" class=\"wp-image-1712\" style=\"width:659px;height:auto\" srcset=\"https:\/\/viuresobrerodes.cat\/wp-content\/uploads\/2024\/01\/85f98afa-cf03-4c71-8853-e6eb275083c6-1024x768.jpg 1024w, https:\/\/viuresobrerodes.cat\/wp-content\/uploads\/2024\/01\/85f98afa-cf03-4c71-8853-e6eb275083c6-300x225.jpg 300w, https:\/\/viuresobrerodes.cat\/wp-content\/uploads\/2024\/01\/85f98afa-cf03-4c71-8853-e6eb275083c6-768x576.jpg 768w, https:\/\/viuresobrerodes.cat\/wp-content\/uploads\/2024\/01\/85f98afa-cf03-4c71-8853-e6eb275083c6-1536x1152.jpg 1536w, https:\/\/viuresobrerodes.cat\/wp-content\/uploads\/2024\/01\/85f98afa-cf03-4c71-8853-e6eb275083c6-400x300.jpg 400w, https:\/\/viuresobrerodes.cat\/wp-content\/uploads\/2024\/01\/85f98afa-cf03-4c71-8853-e6eb275083c6.jpg 1600w\" sizes=\"auto, (max-width: 1024px) 100vw, 1024px\" \/><\/figure>\n<\/div>\n\n\n<p>calia comprovar que estigu\u00e9s b\u00e9 \ud83d\udc40\u2026 S\u00ed, el fusible no tenia la culpa, anava b\u00e9\ud83d\udc4f , traient-lo s&#8217;aturava la calefacci\u00f3, per\u00f2 no se solucionava el problema \ud83e\udd26\u200d\u2640\ufe0f.<\/p>\n\n\n\n<p> Seguidament, per evitar-nos el despla\u00e7ament, va donar indicacions d&#8217;on hi havia un bot\u00f3, per pitjar-lo i fer un reinici \ud83d\udc81\ud83c\udffb\u200d\u2640\ufe0f. Tot seguint les instruccions, buid\u00e0rem el maleter per accedir la caldera de calefacci\u00f3 i escalfador d&#8217;aigua. No es veia cap bot\u00f3 \ud83e\udd26\u200d\u2640\ufe0f. <\/p>\n\n\n<div class=\"wp-block-image\">\n<figure class=\"aligncenter size-full is-resized\"><img loading=\"lazy\" decoding=\"async\" width=\"234\" height=\"423\" src=\"https:\/\/viuresobrerodes.cat\/wp-content\/uploads\/2024\/01\/2.png\" alt=\"\" class=\"wp-image-1702\" style=\"width:276px;height:auto\" srcset=\"https:\/\/viuresobrerodes.cat\/wp-content\/uploads\/2024\/01\/2.png 234w, https:\/\/viuresobrerodes.cat\/wp-content\/uploads\/2024\/01\/2-166x300.png 166w\" sizes=\"auto, (max-width: 234px) 100vw, 234px\" \/><\/figure>\n<\/div>\n\n\n<p>Vaig buidar una part de l&#8217;armari\ud83d\udc5a\ud83d\udc55 , per tal que el Miquel pogu\u00e9s desmuntar les parets interiors\ud83d\udd27, per accedir a on estaven els botons. No es podia desenganxar completament, i amb l&#8217;ajuda d&#8217;un cass\u00f3 va poder mantenir la tapa enlairada per poder mirar dins, Eureka! \ud83d\udc4f\ud83d\udc4fEl bot\u00f3 estava all\u00e0!, <\/p>\n\n\n<div class=\"wp-block-image\">\n<figure class=\"aligncenter size-full is-resized\"><img loading=\"lazy\" decoding=\"async\" width=\"545\" height=\"317\" src=\"https:\/\/viuresobrerodes.cat\/wp-content\/uploads\/2024\/01\/6.png\" alt=\"\" class=\"wp-image-1703\" style=\"width:662px;height:auto\" srcset=\"https:\/\/viuresobrerodes.cat\/wp-content\/uploads\/2024\/01\/6.png 545w, https:\/\/viuresobrerodes.cat\/wp-content\/uploads\/2024\/01\/6-300x174.png 300w, https:\/\/viuresobrerodes.cat\/wp-content\/uploads\/2024\/01\/6-516x300.png 516w\" sizes=\"auto, (max-width: 545px) 100vw, 545px\" \/><\/figure>\n<\/div>\n\n\n<p>va clicar-lo i semblava que el problema s&#8217;havia solucionat \ud83d\udc4f, ja que la calefacci\u00f3 anava! Vam purgar l&#8217;aigua, cinc minuts d&#8217;aixeta oberta \ud83d\udeb0\u2026 Per\u00f2 la centraleta seguia malament, no hav\u00edem fet res!\ud83d\ude29 Torn\u00e0rem a contactar amb <strong>ASM<\/strong>, i van dir que s&#8217;havia de canviar la placa electr\u00f2nica, que l&#8217;havien de demanar i fins al comen\u00e7ament de la setmana vinent, \u00e9rem a dimarts, no la tindrien!\ud83e\udd76\ud83e\udd26\u200d\u2640\ufe0f <\/p>\n\n\n\n<p>Sort, \ud83d\udc81\ud83c\udffb\u200d\u2640\ufe0fde qu\u00e8 si es refredava l&#8217;habitacle, pod\u00edem posar el fusible per escalfar-lo\ud83d\ude05 i, una vegada caldejat el Miquel el tornava a treure, ja que la calefacci\u00f3 no es parava, encara que el comandament estigu\u00e9s a zero \ud83d\ude22\u2026 <\/p>\n\n\n\n<p>Tot va comen\u00e7ar \ud83d\uddd3 el dia cinc de gener i el dia quinze, baix\u00e0vem de <strong>la Noguera<\/strong> \ud83d\ude90 i ens van trucar \ud83d\udcf1d&#8217;<strong>ASM<\/strong>, per dir-nos que l&#8217;endem\u00e0 a les deu del mat\u00ed \ud83d\udd59 ens esperaven per canviar la placa \ud83d\udc68\u200d\ud83d\udd27. Aix\u00ed doncs, canvi\u00e0rem de direcci\u00f3 \ud83d\ude90, primer an\u00e0rem cap a <strong>Matar\u00f3<\/strong> a visitar un client, i continu\u00e0rem cam\u00ed \ud83d\ude90 per pernoctar a l&#8217;<strong><a href=\"https:\/\/areascamper.com\/ficha\/area-de-autocaravanas-en-vic-barcelona\/\">\u00e0rea d\u2019autocaravanes<\/a><\/strong>\u00a0(5 \u20ac) de <strong><strong><a href=\"https:\/\/www.victurisme.cat\/ca\/que-s2019hi-pot-fer\">Vic<\/a><\/strong><\/strong>, per a les deu h\ud83d\udd59 estar a la porta d&#8217;<strong>ASM<\/strong>!! <\/p>\n\n\n<div class=\"wp-block-image\">\n<figure class=\"aligncenter size-full is-resized\"><img loading=\"lazy\" decoding=\"async\" width=\"681\" height=\"315\" src=\"https:\/\/viuresobrerodes.cat\/wp-content\/uploads\/2024\/01\/IMG_20240116_083346.jpg\" alt=\"\" class=\"wp-image-1705\" style=\"width:663px;height:auto\" srcset=\"https:\/\/viuresobrerodes.cat\/wp-content\/uploads\/2024\/01\/IMG_20240116_083346.jpg 681w, https:\/\/viuresobrerodes.cat\/wp-content\/uploads\/2024\/01\/IMG_20240116_083346-300x139.jpg 300w, https:\/\/viuresobrerodes.cat\/wp-content\/uploads\/2024\/01\/IMG_20240116_083346-649x300.jpg 649w\" sizes=\"auto, (max-width: 681px) 100vw, 681px\" \/><\/figure>\n<\/div>\n\n\n<p>A l&#8217;<strong>\u00e0rea de Vic<\/strong>, ens vam posar al costat d&#8217;una altra <a href=\"https:\/\/autosuministres.com\/ca\/autocaravanes\/carado-v-132\/\"><strong>Carado<\/strong> <strong>V132<\/strong> <\/a>, similar a la nostra \ud83d\ude90\ud83d\ude90 . Ens vam saludar\ud83d\udc4b\ud83d\udc4bdes de dins, per\u00f2 no pogu\u00e9rem parlar amb ells.<\/p>\n\n\n\n<p>A tres quarts de deu del mat\u00ed, sort\u00edem per anar a <strong>ASM<\/strong> (En el camp del costat de l&#8217;\u00e0rea ja estaven al\u00e7ant un globus aerost\u00e0tic \ud83d\ude0d),<\/p>\n\n\n<div class=\"wp-block-image\">\n<figure class=\"aligncenter size-full is-resized\"><img loading=\"lazy\" decoding=\"async\" width=\"681\" height=\"315\" src=\"https:\/\/viuresobrerodes.cat\/wp-content\/uploads\/2024\/01\/IMG_20240116_094033.jpg\" alt=\"\" class=\"wp-image-1706\" style=\"width:661px;height:auto\" srcset=\"https:\/\/viuresobrerodes.cat\/wp-content\/uploads\/2024\/01\/IMG_20240116_094033.jpg 681w, https:\/\/viuresobrerodes.cat\/wp-content\/uploads\/2024\/01\/IMG_20240116_094033-300x139.jpg 300w, https:\/\/viuresobrerodes.cat\/wp-content\/uploads\/2024\/01\/IMG_20240116_094033-649x300.jpg 649w\" sizes=\"auto, (max-width: 681px) 100vw, 681px\" \/><\/figure>\n<\/div>\n\n\n<p> a l&#8217;hora pactada \ud83d\udd59 la Mussi entrava al taller\ud83d\udd27\u2699 .<\/p>\n\n\n\n<p> Durant el temps d&#8217;espera \u23f2, el Miquel va poder treballar \ud83d\udcbb,<\/p>\n\n\n<div class=\"wp-block-image\">\n<figure class=\"aligncenter size-full is-resized\"><img loading=\"lazy\" decoding=\"async\" width=\"681\" height=\"315\" src=\"https:\/\/viuresobrerodes.cat\/wp-content\/uploads\/2024\/01\/IMG_20240116_123429.jpg\" alt=\"\" class=\"wp-image-1707\" style=\"width:659px;height:auto\" srcset=\"https:\/\/viuresobrerodes.cat\/wp-content\/uploads\/2024\/01\/IMG_20240116_123429.jpg 681w, https:\/\/viuresobrerodes.cat\/wp-content\/uploads\/2024\/01\/IMG_20240116_123429-300x139.jpg 300w, https:\/\/viuresobrerodes.cat\/wp-content\/uploads\/2024\/01\/IMG_20240116_123429-649x300.jpg 649w\" sizes=\"auto, (max-width: 681px) 100vw, 681px\" \/><\/figure>\n<\/div>\n\n\n<p> i tamb\u00e9 va haver-hi temps per donar una ullada \ud83d\udc40 al blog &#8220;<strong><a href=\"https:\/\/www.kiwisflythecoop.com\/blog\/\">Linda and Scotty<\/a><\/strong>&#8221; i l&#8217;Instagram &#8220;<strong><a href=\"https:\/\/www.instagram.com\/kiwisflythecoop\/\">Kiwisflythecoop<\/a><\/strong>&#8221; dels ve\u00efns que hav\u00edem tingut a l&#8217;\u00e0rea \ud83d\ude90\ud83d\ude90, doncs, havia vist l&#8217;anunciat a l&#8217;autocaravana. Des de l&#8217;Instagram, els va saludar \ud83d\udc4b, fent-los saber que comen\u00e7\u00e0vem a seguir-los. Potser algun dia ens trobarem un altre cop \ud83d\ude03. <\/p>\n\n\n\n<p>En Jaume\ud83d\udc68\u200d\ud83d\udd27, passades les tretze h, va dir-nos que haur\u00edem de dinar per all\u00e0, perqu\u00e8, tot i haver canviat la placa el\u00e8ctrica, <\/p>\n\n\n<div class=\"wp-block-image\">\n<figure class=\"aligncenter size-large is-resized\"><img loading=\"lazy\" decoding=\"async\" width=\"1024\" height=\"768\" src=\"https:\/\/viuresobrerodes.cat\/wp-content\/uploads\/2024\/01\/f7a4ff7d-ade3-489b-b449-e5aa71fab99b-1024x768.jpg\" alt=\"\" class=\"wp-image-1710\" style=\"width:588px;height:auto\" srcset=\"https:\/\/viuresobrerodes.cat\/wp-content\/uploads\/2024\/01\/f7a4ff7d-ade3-489b-b449-e5aa71fab99b-1024x768.jpg 1024w, https:\/\/viuresobrerodes.cat\/wp-content\/uploads\/2024\/01\/f7a4ff7d-ade3-489b-b449-e5aa71fab99b-300x225.jpg 300w, https:\/\/viuresobrerodes.cat\/wp-content\/uploads\/2024\/01\/f7a4ff7d-ade3-489b-b449-e5aa71fab99b-768x576.jpg 768w, https:\/\/viuresobrerodes.cat\/wp-content\/uploads\/2024\/01\/f7a4ff7d-ade3-489b-b449-e5aa71fab99b-1536x1152.jpg 1536w, https:\/\/viuresobrerodes.cat\/wp-content\/uploads\/2024\/01\/f7a4ff7d-ade3-489b-b449-e5aa71fab99b-400x300.jpg 400w, https:\/\/viuresobrerodes.cat\/wp-content\/uploads\/2024\/01\/f7a4ff7d-ade3-489b-b449-e5aa71fab99b-rotated.jpg 1600w\" sizes=\"auto, (max-width: 1024px) 100vw, 1024px\" \/><\/figure>\n<\/div>\n\n\n<p>tamb\u00e9 havien de canviar el comandament amb el cablejat (\ud83d\udc81\ud83c\udffb\u200d\u2640\ufe0fes veu que ell, \u00e9s el culpable que la placa s&#8217;espatll\u00e9s). Per tal que, si calgu\u00e9s, pogu\u00e9rem dinar \ud83c\udf7d , ens va dir d&#8217;un lloc on fan menjars per a portar, &#8220;<strong><a href=\"https:\/\/laparada.cat\/\">La Parada<\/a><\/strong>&#8220;, <strong><a href=\"https:\/\/www.femturisme.cat\/ca\/pobles\/gurb\">Gurb<\/a><\/strong>.  A m\u00e9s a m\u00e9s, davant mateix hi ha una esplanada per aparcar \ud83d\ude90. I cap all\u00e0 an\u00e0rem! <\/p>\n\n\n<div class=\"wp-block-image\">\n<figure class=\"aligncenter size-full is-resized\"><img loading=\"lazy\" decoding=\"async\" width=\"713\" height=\"609\" src=\"https:\/\/viuresobrerodes.cat\/wp-content\/uploads\/2024\/01\/8.png\" alt=\"\" class=\"wp-image-1708\" style=\"width:472px;height:auto\" srcset=\"https:\/\/viuresobrerodes.cat\/wp-content\/uploads\/2024\/01\/8.png 713w, https:\/\/viuresobrerodes.cat\/wp-content\/uploads\/2024\/01\/8-300x256.png 300w, https:\/\/viuresobrerodes.cat\/wp-content\/uploads\/2024\/01\/8-351x300.png 351w\" sizes=\"auto, (max-width: 713px) 100vw, 713px\" \/><\/figure>\n<\/div>\n\n<div class=\"wp-block-image\">\n<figure class=\"aligncenter size-full is-resized\"><img loading=\"lazy\" decoding=\"async\" width=\"681\" height=\"315\" src=\"https:\/\/viuresobrerodes.cat\/wp-content\/uploads\/2024\/01\/IMG_20240116_145104.jpg\" alt=\"\" class=\"wp-image-1709\" style=\"width:663px;height:auto\" srcset=\"https:\/\/viuresobrerodes.cat\/wp-content\/uploads\/2024\/01\/IMG_20240116_145104.jpg 681w, https:\/\/viuresobrerodes.cat\/wp-content\/uploads\/2024\/01\/IMG_20240116_145104-300x139.jpg 300w, https:\/\/viuresobrerodes.cat\/wp-content\/uploads\/2024\/01\/IMG_20240116_145104-649x300.jpg 649w\" sizes=\"auto, (max-width: 681px) 100vw, 681px\" \/><\/figure>\n<\/div>\n\n\n<p>S\u00ed, ens va agradar for\u00e7a \ud83d\ude03, el men\u00fa (dues racions de canelons, dues racions de bacall\u00e0 arrebossat, un flam, una natilla, una ampolla d&#8217;1,5 l d&#8217;aigua i una barra de pa, 16,80 \u20ac). <\/p>\n\n\n\n<p>A dos quarts de cinc \ud83d\udd5f, ens esperaven per acabar la feina\u2026 i a dos quarts de set \ud83d\udd61 sort\u00edem d&#8217;<strong>ASM<\/strong>. El tracte ha sigut com sempre exquisit, \ud83d\udc81\ud83c\udffb\u200d\u2640\ufe0f per\u00f2 de tota manera\u2026 tant de bo, triguem a tornar!!!<\/p>\n","protected":false},"excerpt":{"rendered":"<p>En els dies m\u00e9s freds \ud83e\udd76 del que port\u00e0vem d&#8217;hivern i amb pluges\ud83c\udf27 , se&#8217;ns va espatllar la calefacci\u00f3, tamb\u00e9 l&#8217;aigua calenta, \ud83e\udd26\u200d\u2640\ufe0f \u00e9s clar \ud83d\udc81\ud83c\udffb\u200d\u2640\ufe0f . La Mussi \ud83d\ude90 va estar aturada deu dies a la Noguera, i com que va gla\u00e7ar \u2744, va expulsar l&#8217;aigua potable \ud83d\udeb0 que quedava en el dip\u00f2sit. En [&hellip;]<\/p>\n","protected":false},"author":1,"featured_media":1701,"comment_status":"open","ping_status":"open","sticky":false,"template":"","format":"standard","meta":{"_jetpack_memberships_contains_paid_content":false,"footnotes":""},"categories":[4],"tags":[314,23,82,63,318,316,68,317,315,123],"class_list":["post-1694","post","type-post","status-publish","format-standard","has-post-thumbnail","hentry","category-autocaravana","tag-area-dautocaravanes-de-vic","tag-autosuministres-motor","tag-baix-llobregat","tag-carado-v132","tag-gurb","tag-kiwisflythecoop","tag-la-noguera","tag-la-parada","tag-linda-and-scotty","tag-vic"],"jetpack_featured_media_url":"https:\/\/viuresobrerodes.cat\/wp-content\/uploads\/2024\/01\/3.png","jetpack_sharing_enabled":true,"_links":{"self":[{"href":"https:\/\/viuresobrerodes.cat\/index.php?rest_route=\/wp\/v2\/posts\/1694","targetHints":{"allow":["GET"]}}],"collection":[{"href":"https:\/\/viuresobrerodes.cat\/index.php?rest_route=\/wp\/v2\/posts"}],"about":[{"href":"https:\/\/viuresobrerodes.cat\/index.php?rest_route=\/wp\/v2\/types\/post"}],"author":[{"embeddable":true,"href":"https:\/\/viuresobrerodes.cat\/index.php?rest_route=\/wp\/v2\/users\/1"}],"replies":[{"embeddable":true,"href":"https:\/\/viuresobrerodes.cat\/index.php?rest_route=%2Fwp%2Fv2%2Fcomments&post=1694"}],"version-history":[{"count":11,"href":"https:\/\/viuresobrerodes.cat\/index.php?rest_route=\/wp\/v2\/posts\/1694\/revisions"}],"predecessor-version":[{"id":1717,"href":"https:\/\/viuresobrerodes.cat\/index.php?rest_route=\/wp\/v2\/posts\/1694\/revisions\/1717"}],"wp:featuredmedia":[{"embeddable":true,"href":"https:\/\/viuresobrerodes.cat\/index.php?rest_route=\/wp\/v2\/media\/1701"}],"wp:attachment":[{"href":"https:\/\/viuresobrerodes.cat\/index.php?rest_route=%2Fwp%2Fv2%2Fmedia&parent=1694"}],"wp:term":[{"taxonomy":"category","embeddable":true,"href":"https:\/\/viuresobrerodes.cat\/index.php?rest_route=%2Fwp%2Fv2%2Fcategories&post=1694"},{"taxonomy":"post_tag","embeddable":true,"href":"https:\/\/viuresobrerodes.cat\/index.php?rest_route=%2Fwp%2Fv2%2Ftags&post=1694"}],"curies":[{"name":"wp","href":"https:\/\/api.w.org\/{rel}","templated":true}]}}