{"id":1779,"date":"2024-06-25T11:34:17","date_gmt":"2024-06-25T11:34:17","guid":{"rendered":"https:\/\/viuresobrerodes.cat\/?p=1779"},"modified":"2024-08-23T16:14:43","modified_gmt":"2024-08-23T16:14:43","slug":"fent-tots-els-papers-de-lauca","status":"publish","type":"post","link":"https:\/\/viuresobrerodes.cat\/?p=1779","title":{"rendered":"Fent tots els papers de l\u2019auca\u2026"},"content":{"rendered":"\n<p>Vam anar\ud83d\ude90 per feina \ud83d\udc69\ud83c\udffc\u200d\ud83d\udcbc\ud83d\udc68\ud83c\udffc\u200d\ud83d\udcbc a <strong><a href=\"https:\/\/www.reus.cat\/la-ciutat\/historia-i-situacio\">Reus<\/a><\/strong>, en el&nbsp;Park4night&nbsp;vam trobar 3 possibilitats per pernoctar, la primera en un<a href=\"https:\/\/www.areasac.es\/reus\/tarragona\/reus-bonarea_7799_1_ap.html\">&nbsp;<strong>Bon\u00c0rea<\/strong><\/a>, on nom\u00e9s par\u00e0rem per comprar \ud83d\uded2. La segona,&nbsp;carrer de doctor&nbsp;Frias, en un aparcament amb places per autocaravanes, que ocupen els turismes sense cap recan\u00e7a\ud83e\udd26\u200d\u2640\ufe0f , ni pel que sembla, sanci\u00f3 \ud83d\udc81\u200d\u2640\ufe0f.<\/p>\n\n\n<div class=\"wp-block-image\">\n<figure class=\"aligncenter size-large is-resized\"><img loading=\"lazy\" decoding=\"async\" width=\"1024\" height=\"461\" src=\"https:\/\/viuresobrerodes.cat\/wp-content\/uploads\/2024\/06\/12b78600-d491-4004-9e6a-ae86fedfddd1-1024x461.jpg\" alt=\"\" class=\"wp-image-1780\" style=\"width:684px;height:auto\" srcset=\"https:\/\/viuresobrerodes.cat\/wp-content\/uploads\/2024\/06\/12b78600-d491-4004-9e6a-ae86fedfddd1-1024x461.jpg 1024w, https:\/\/viuresobrerodes.cat\/wp-content\/uploads\/2024\/06\/12b78600-d491-4004-9e6a-ae86fedfddd1-300x135.jpg 300w, https:\/\/viuresobrerodes.cat\/wp-content\/uploads\/2024\/06\/12b78600-d491-4004-9e6a-ae86fedfddd1-768x346.jpg 768w, https:\/\/viuresobrerodes.cat\/wp-content\/uploads\/2024\/06\/12b78600-d491-4004-9e6a-ae86fedfddd1-1536x692.jpg 1536w, https:\/\/viuresobrerodes.cat\/wp-content\/uploads\/2024\/06\/12b78600-d491-4004-9e6a-ae86fedfddd1-666x300.jpg 666w, https:\/\/viuresobrerodes.cat\/wp-content\/uploads\/2024\/06\/12b78600-d491-4004-9e6a-ae86fedfddd1.jpg 1600w\" sizes=\"auto, (max-width: 1024px) 100vw, 1024px\" \/><\/figure>\n<\/div>\n\n\n<p>Marx\u00e0rem i an\u00e0rem cap a <strong><a href=\"https:\/\/vinyols.altanet.org\/llocs-i-espais-dinteres\">Vinyols i els Arcs<\/a><\/strong>,\ud83d\ude0d<\/p>\n\n\n<div class=\"wp-block-image\">\n<figure class=\"aligncenter size-large is-resized\"><img loading=\"lazy\" decoding=\"async\" width=\"1024\" height=\"461\" src=\"https:\/\/viuresobrerodes.cat\/wp-content\/uploads\/2024\/06\/68ae4d33-c173-40d4-a3aa-1f4180b7f4e0-1024x461.jpg\" alt=\"\" class=\"wp-image-1781\" style=\"width:683px;height:auto\" srcset=\"https:\/\/viuresobrerodes.cat\/wp-content\/uploads\/2024\/06\/68ae4d33-c173-40d4-a3aa-1f4180b7f4e0-1024x461.jpg 1024w, https:\/\/viuresobrerodes.cat\/wp-content\/uploads\/2024\/06\/68ae4d33-c173-40d4-a3aa-1f4180b7f4e0-300x135.jpg 300w, https:\/\/viuresobrerodes.cat\/wp-content\/uploads\/2024\/06\/68ae4d33-c173-40d4-a3aa-1f4180b7f4e0-768x346.jpg 768w, https:\/\/viuresobrerodes.cat\/wp-content\/uploads\/2024\/06\/68ae4d33-c173-40d4-a3aa-1f4180b7f4e0-1536x692.jpg 1536w, https:\/\/viuresobrerodes.cat\/wp-content\/uploads\/2024\/06\/68ae4d33-c173-40d4-a3aa-1f4180b7f4e0-666x300.jpg 666w, https:\/\/viuresobrerodes.cat\/wp-content\/uploads\/2024\/06\/68ae4d33-c173-40d4-a3aa-1f4180b7f4e0.jpg 1600w\" sizes=\"auto, (max-width: 1024px) 100vw, 1024px\" \/><\/figure>\n<\/div>\n\n\n<p>i&nbsp;all\u00e0 s\u00ed que ens pogu\u00e9rem estacionar \ud83d\ude90.<\/p>\n\n\n\n<p><strong><a href=\"https:\/\/park4night.com\/es\/place\/352866\">\u00c9s una \u00e0rea d&#8217;autocaravanes<\/a><\/strong> privada, (15 \u20ac la nit) amb tots els serveis normals (buidatge d&#8217;aig\u00fces grises\ud83d\udebf i negres\ud83d\udebd, llum\ud83d\udd0c i aigua\ud83d\udeb0 potable per omplir) m\u00e9s, rentadora, servei de WC\ud83e\uddfb i dutxes \ud83d\udebf, aig\u00fcera per rentar plats , barbacoes, taules i bancs de fusta.<\/p>\n\n\n\n<div class=\"wp-block-columns is-layout-flex wp-container-core-columns-is-layout-9d6595d7 wp-block-columns-is-layout-flex\">\n<div class=\"wp-block-column is-layout-flow wp-block-column-is-layout-flow\">\n<figure class=\"wp-block-image size-large is-resized\"><img loading=\"lazy\" decoding=\"async\" width=\"461\" height=\"1024\" src=\"https:\/\/viuresobrerodes.cat\/wp-content\/uploads\/2024\/06\/adcda51c-bd97-461f-b486-cfab30106db2-461x1024.jpg\" alt=\"\" class=\"wp-image-1782\" style=\"width:253px;height:auto\" srcset=\"https:\/\/viuresobrerodes.cat\/wp-content\/uploads\/2024\/06\/adcda51c-bd97-461f-b486-cfab30106db2-461x1024.jpg 461w, https:\/\/viuresobrerodes.cat\/wp-content\/uploads\/2024\/06\/adcda51c-bd97-461f-b486-cfab30106db2-135x300.jpg 135w, https:\/\/viuresobrerodes.cat\/wp-content\/uploads\/2024\/06\/adcda51c-bd97-461f-b486-cfab30106db2-692x1536.jpg 692w, https:\/\/viuresobrerodes.cat\/wp-content\/uploads\/2024\/06\/adcda51c-bd97-461f-b486-cfab30106db2.jpg 721w\" sizes=\"auto, (max-width: 461px) 100vw, 461px\" \/><\/figure>\n<\/div>\n\n\n\n<div class=\"wp-block-column is-layout-flow wp-block-column-is-layout-flow\">\n<figure class=\"wp-block-image size-large is-resized\"><img loading=\"lazy\" decoding=\"async\" width=\"461\" height=\"1024\" src=\"https:\/\/viuresobrerodes.cat\/wp-content\/uploads\/2024\/06\/c494f967-8e22-40e6-b8ae-316b8420e1f4-461x1024.jpg\" alt=\"\" class=\"wp-image-1783\" style=\"width:253px;height:auto\" srcset=\"https:\/\/viuresobrerodes.cat\/wp-content\/uploads\/2024\/06\/c494f967-8e22-40e6-b8ae-316b8420e1f4-461x1024.jpg 461w, https:\/\/viuresobrerodes.cat\/wp-content\/uploads\/2024\/06\/c494f967-8e22-40e6-b8ae-316b8420e1f4-135x300.jpg 135w, https:\/\/viuresobrerodes.cat\/wp-content\/uploads\/2024\/06\/c494f967-8e22-40e6-b8ae-316b8420e1f4-692x1536.jpg 692w, https:\/\/viuresobrerodes.cat\/wp-content\/uploads\/2024\/06\/c494f967-8e22-40e6-b8ae-316b8420e1f4.jpg 721w\" sizes=\"auto, (max-width: 461px) 100vw, 461px\" \/><\/figure>\n<\/div>\n\n\n\n<div class=\"wp-block-column is-layout-flow wp-block-column-is-layout-flow\">\n<figure class=\"wp-block-image size-large is-resized\"><img loading=\"lazy\" decoding=\"async\" width=\"461\" height=\"1024\" src=\"https:\/\/viuresobrerodes.cat\/wp-content\/uploads\/2024\/06\/8e28165c-9481-4292-9125-ef8bfcef9851-461x1024.jpg\" alt=\"\" class=\"wp-image-1784\" style=\"width:253px;height:auto\" srcset=\"https:\/\/viuresobrerodes.cat\/wp-content\/uploads\/2024\/06\/8e28165c-9481-4292-9125-ef8bfcef9851-461x1024.jpg 461w, https:\/\/viuresobrerodes.cat\/wp-content\/uploads\/2024\/06\/8e28165c-9481-4292-9125-ef8bfcef9851-135x300.jpg 135w, https:\/\/viuresobrerodes.cat\/wp-content\/uploads\/2024\/06\/8e28165c-9481-4292-9125-ef8bfcef9851-692x1536.jpg 692w, https:\/\/viuresobrerodes.cat\/wp-content\/uploads\/2024\/06\/8e28165c-9481-4292-9125-ef8bfcef9851.jpg 721w\" sizes=\"auto, (max-width: 461px) 100vw, 461px\" \/><\/figure>\n<\/div>\n<\/div>\n\n\n\n<p>Per entrar i sortir de l&#8217;\u00e0rea \ud83d\ude90 \ud83c\udfcd s&#8217;ha d&#8217;avisar per qu\u00e8 obrin la porta&#8230; I una dist\u00e0ncia entre auto i auto, prou ample per a sentir privacitat&#8230; Ens va agradar \ud83d\ude0d , es nota? Segur que hi tornem\ud83d\ude01 .<\/p>\n\n\n\n<p>Amb la \ud83c\udfcd <strong>Honda CB 300 R<\/strong>, inici\u00e0rem el dia feiner. Recorregu\u00e9rem \ud83d\udeb6\u200d\u2642\ufe0f\ud83d\udeb6\u200d\u2640\ufe0f<strong>Reus<\/strong> tant com la feina ens va permetre. Pogu\u00e9rem admirar diferents edificis modernistes, sense poder recrear-nos-en, ja que, an\u00e0vem per feina\ud83d\udc81\u200d\u2640\ufe0f .<\/p>\n\n\n\n<div class=\"wp-block-columns is-layout-flex wp-container-core-columns-is-layout-9d6595d7 wp-block-columns-is-layout-flex\">\n<div class=\"wp-block-column is-layout-flow wp-block-column-is-layout-flow\">\n<figure class=\"wp-block-image size-large is-resized\"><img loading=\"lazy\" decoding=\"async\" width=\"461\" height=\"1024\" src=\"https:\/\/viuresobrerodes.cat\/wp-content\/uploads\/2024\/06\/55977ff2-d966-4f2a-8da4-fb51f8cbee9d-461x1024.jpg\" alt=\"\" class=\"wp-image-1785\" style=\"width:248px;height:auto\" srcset=\"https:\/\/viuresobrerodes.cat\/wp-content\/uploads\/2024\/06\/55977ff2-d966-4f2a-8da4-fb51f8cbee9d-461x1024.jpg 461w, https:\/\/viuresobrerodes.cat\/wp-content\/uploads\/2024\/06\/55977ff2-d966-4f2a-8da4-fb51f8cbee9d-135x300.jpg 135w, https:\/\/viuresobrerodes.cat\/wp-content\/uploads\/2024\/06\/55977ff2-d966-4f2a-8da4-fb51f8cbee9d-692x1536.jpg 692w, https:\/\/viuresobrerodes.cat\/wp-content\/uploads\/2024\/06\/55977ff2-d966-4f2a-8da4-fb51f8cbee9d.jpg 721w\" sizes=\"auto, (max-width: 461px) 100vw, 461px\" \/><\/figure>\n<\/div>\n\n\n\n<div class=\"wp-block-column is-layout-flow wp-block-column-is-layout-flow\">\n<figure class=\"wp-block-image size-large is-resized\"><img loading=\"lazy\" decoding=\"async\" width=\"461\" height=\"1024\" src=\"https:\/\/viuresobrerodes.cat\/wp-content\/uploads\/2024\/06\/77a88791-3064-4377-bba9-6d0890d7f457-461x1024.jpg\" alt=\"\" class=\"wp-image-1786\" style=\"width:249px;height:auto\" srcset=\"https:\/\/viuresobrerodes.cat\/wp-content\/uploads\/2024\/06\/77a88791-3064-4377-bba9-6d0890d7f457-461x1024.jpg 461w, https:\/\/viuresobrerodes.cat\/wp-content\/uploads\/2024\/06\/77a88791-3064-4377-bba9-6d0890d7f457-135x300.jpg 135w, https:\/\/viuresobrerodes.cat\/wp-content\/uploads\/2024\/06\/77a88791-3064-4377-bba9-6d0890d7f457-692x1536.jpg 692w, https:\/\/viuresobrerodes.cat\/wp-content\/uploads\/2024\/06\/77a88791-3064-4377-bba9-6d0890d7f457.jpg 721w\" sizes=\"auto, (max-width: 461px) 100vw, 461px\" \/><\/figure>\n<\/div>\n\n\n\n<div class=\"wp-block-column is-layout-flow wp-block-column-is-layout-flow\">\n<figure class=\"wp-block-image size-large is-resized\"><img loading=\"lazy\" decoding=\"async\" width=\"461\" height=\"1024\" src=\"https:\/\/viuresobrerodes.cat\/wp-content\/uploads\/2024\/06\/be0f3b2c-43a4-4a63-a122-10719d93dad2-461x1024.jpg\" alt=\"\" class=\"wp-image-1787\" style=\"width:248px;height:auto\" srcset=\"https:\/\/viuresobrerodes.cat\/wp-content\/uploads\/2024\/06\/be0f3b2c-43a4-4a63-a122-10719d93dad2-461x1024.jpg 461w, https:\/\/viuresobrerodes.cat\/wp-content\/uploads\/2024\/06\/be0f3b2c-43a4-4a63-a122-10719d93dad2-135x300.jpg 135w, https:\/\/viuresobrerodes.cat\/wp-content\/uploads\/2024\/06\/be0f3b2c-43a4-4a63-a122-10719d93dad2-692x1536.jpg 692w, https:\/\/viuresobrerodes.cat\/wp-content\/uploads\/2024\/06\/be0f3b2c-43a4-4a63-a122-10719d93dad2.jpg 721w\" sizes=\"auto, (max-width: 461px) 100vw, 461px\" \/><\/figure>\n<\/div>\n<\/div>\n\n\n\n<p>Quan ja marx\u00e0vem\ud83d\udeb6\u200d\u2640\ufe0f\ud83d\udeb6\u200d\u2642\ufe0f , comen\u00e7ava la 28a edici\u00f3 de <strong><a href=\"https:\/\/www.trapezi.cat\/\">La Fira TRAPEZI<\/a><\/strong> (8 al 12 de maig) \ud83e\udd39\u200d\u2642\ufe0fi ens par\u00e0rem davant d&#8217;una <strong><a href=\"https:\/\/elbarato.cat\/ca\/elementor-272\/\">botiga meravellosa<\/a><\/strong> \ud83d\ude0d a gaudir de l&#8217;espectacle <strong><a href=\"https:\/\/www.instagram.com\/marti_natzo\/\">&#8220;Finestres&#8221; de la Cia. @marti_natzo<\/a><\/strong> \ud83d\ude0d,<\/p>\n\n\n\n<div class=\"wp-block-columns is-layout-flex wp-container-core-columns-is-layout-9d6595d7 wp-block-columns-is-layout-flex\">\n<div class=\"wp-block-column is-layout-flow wp-block-column-is-layout-flow\">\n<figure class=\"wp-block-image size-large is-resized\"><img loading=\"lazy\" decoding=\"async\" width=\"461\" height=\"1024\" src=\"https:\/\/viuresobrerodes.cat\/wp-content\/uploads\/2024\/06\/cb2e96f3-0c83-4460-a276-838b83302680-461x1024.jpg\" alt=\"\" class=\"wp-image-1788\" style=\"width:243px;height:auto\" srcset=\"https:\/\/viuresobrerodes.cat\/wp-content\/uploads\/2024\/06\/cb2e96f3-0c83-4460-a276-838b83302680-461x1024.jpg 461w, https:\/\/viuresobrerodes.cat\/wp-content\/uploads\/2024\/06\/cb2e96f3-0c83-4460-a276-838b83302680-135x300.jpg 135w, https:\/\/viuresobrerodes.cat\/wp-content\/uploads\/2024\/06\/cb2e96f3-0c83-4460-a276-838b83302680-692x1536.jpg 692w, https:\/\/viuresobrerodes.cat\/wp-content\/uploads\/2024\/06\/cb2e96f3-0c83-4460-a276-838b83302680.jpg 721w\" sizes=\"auto, (max-width: 461px) 100vw, 461px\" \/><\/figure>\n<\/div>\n\n\n\n<div class=\"wp-block-column is-layout-flow wp-block-column-is-layout-flow\">\n<figure class=\"wp-block-image size-large is-resized\"><img loading=\"lazy\" decoding=\"async\" width=\"462\" height=\"1024\" src=\"https:\/\/viuresobrerodes.cat\/wp-content\/uploads\/2024\/06\/5155ac0e-e9e1-48ce-a4ba-b6d099594850-462x1024.jpg\" alt=\"\" class=\"wp-image-1789\" style=\"width:242px;height:auto\" srcset=\"https:\/\/viuresobrerodes.cat\/wp-content\/uploads\/2024\/06\/5155ac0e-e9e1-48ce-a4ba-b6d099594850-462x1024.jpg 462w, https:\/\/viuresobrerodes.cat\/wp-content\/uploads\/2024\/06\/5155ac0e-e9e1-48ce-a4ba-b6d099594850-135x300.jpg 135w, https:\/\/viuresobrerodes.cat\/wp-content\/uploads\/2024\/06\/5155ac0e-e9e1-48ce-a4ba-b6d099594850-768x1703.jpg 768w, https:\/\/viuresobrerodes.cat\/wp-content\/uploads\/2024\/06\/5155ac0e-e9e1-48ce-a4ba-b6d099594850-693x1536.jpg 693w, https:\/\/viuresobrerodes.cat\/wp-content\/uploads\/2024\/06\/5155ac0e-e9e1-48ce-a4ba-b6d099594850.jpg 920w\" sizes=\"auto, (max-width: 462px) 100vw, 462px\" \/><\/figure>\n<\/div>\n\n\n\n<div class=\"wp-block-column is-layout-flow wp-block-column-is-layout-flow\">\n<figure class=\"wp-block-image size-large is-resized\"><img loading=\"lazy\" decoding=\"async\" width=\"462\" height=\"1024\" src=\"https:\/\/viuresobrerodes.cat\/wp-content\/uploads\/2024\/06\/b18a7951-f785-4beb-88d6-86623867946a-462x1024.jpg\" alt=\"\" class=\"wp-image-1790\" style=\"width:241px;height:auto\" srcset=\"https:\/\/viuresobrerodes.cat\/wp-content\/uploads\/2024\/06\/b18a7951-f785-4beb-88d6-86623867946a-462x1024.jpg 462w, https:\/\/viuresobrerodes.cat\/wp-content\/uploads\/2024\/06\/b18a7951-f785-4beb-88d6-86623867946a-135x300.jpg 135w, https:\/\/viuresobrerodes.cat\/wp-content\/uploads\/2024\/06\/b18a7951-f785-4beb-88d6-86623867946a-768x1703.jpg 768w, https:\/\/viuresobrerodes.cat\/wp-content\/uploads\/2024\/06\/b18a7951-f785-4beb-88d6-86623867946a-693x1536.jpg 693w, https:\/\/viuresobrerodes.cat\/wp-content\/uploads\/2024\/06\/b18a7951-f785-4beb-88d6-86623867946a.jpg 920w\" sizes=\"auto, (max-width: 462px) 100vw, 462px\" \/><\/figure>\n<\/div>\n<\/div>\n\n\n\n<p>i&nbsp;marx\u00e0rem de <strong>Reus<\/strong> cap a <strong><a href=\"https:\/\/cambrils-turisme.com\/\">Cambrils<\/a><\/strong>, pel cam\u00ed par\u00e0rem en veure aquesta torre tan bonica \ud83d\ude0d del <strong><a href=\"https:\/\/patrimoni.gencat.cat\/ca\/coleccio\/parc-sama\">Parc&nbsp;Sam\u00e0<\/a><\/strong>. Un altre dia el visitarem!!\ud83d\ude01<\/p>\n\n\n\n<div class=\"wp-block-columns is-layout-flex wp-container-core-columns-is-layout-9d6595d7 wp-block-columns-is-layout-flex\">\n<div class=\"wp-block-column is-layout-flow wp-block-column-is-layout-flow\"><div class=\"wp-block-image\">\n<figure class=\"aligncenter size-large is-resized\"><img loading=\"lazy\" decoding=\"async\" width=\"462\" height=\"1024\" src=\"https:\/\/viuresobrerodes.cat\/wp-content\/uploads\/2024\/06\/32d4c8eb-ab00-49b3-9aef-235b08f50e04-462x1024.jpg\" alt=\"\" class=\"wp-image-1792\" style=\"width:291px;height:auto\" srcset=\"https:\/\/viuresobrerodes.cat\/wp-content\/uploads\/2024\/06\/32d4c8eb-ab00-49b3-9aef-235b08f50e04-462x1024.jpg 462w, https:\/\/viuresobrerodes.cat\/wp-content\/uploads\/2024\/06\/32d4c8eb-ab00-49b3-9aef-235b08f50e04-135x300.jpg 135w, https:\/\/viuresobrerodes.cat\/wp-content\/uploads\/2024\/06\/32d4c8eb-ab00-49b3-9aef-235b08f50e04-768x1703.jpg 768w, https:\/\/viuresobrerodes.cat\/wp-content\/uploads\/2024\/06\/32d4c8eb-ab00-49b3-9aef-235b08f50e04-693x1536.jpg 693w, https:\/\/viuresobrerodes.cat\/wp-content\/uploads\/2024\/06\/32d4c8eb-ab00-49b3-9aef-235b08f50e04.jpg 920w\" sizes=\"auto, (max-width: 462px) 100vw, 462px\" \/><\/figure>\n<\/div><\/div>\n\n\n\n<div class=\"wp-block-column is-layout-flow wp-block-column-is-layout-flow\"><div class=\"wp-block-image\">\n<figure class=\"aligncenter size-large is-resized\"><img loading=\"lazy\" decoding=\"async\" width=\"462\" height=\"1024\" src=\"https:\/\/viuresobrerodes.cat\/wp-content\/uploads\/2024\/06\/72bb3e9b-053a-4862-8c4e-0a2f4c72ba1e-462x1024.jpg\" alt=\"\" class=\"wp-image-1793\" style=\"width:293px;height:auto\" srcset=\"https:\/\/viuresobrerodes.cat\/wp-content\/uploads\/2024\/06\/72bb3e9b-053a-4862-8c4e-0a2f4c72ba1e-462x1024.jpg 462w, https:\/\/viuresobrerodes.cat\/wp-content\/uploads\/2024\/06\/72bb3e9b-053a-4862-8c4e-0a2f4c72ba1e-135x300.jpg 135w, https:\/\/viuresobrerodes.cat\/wp-content\/uploads\/2024\/06\/72bb3e9b-053a-4862-8c4e-0a2f4c72ba1e-768x1703.jpg 768w, https:\/\/viuresobrerodes.cat\/wp-content\/uploads\/2024\/06\/72bb3e9b-053a-4862-8c4e-0a2f4c72ba1e-693x1536.jpg 693w, https:\/\/viuresobrerodes.cat\/wp-content\/uploads\/2024\/06\/72bb3e9b-053a-4862-8c4e-0a2f4c72ba1e.jpg 920w\" sizes=\"auto, (max-width: 462px) 100vw, 462px\" \/><\/figure>\n<\/div><\/div>\n<\/div>\n\n\n\n<p>F\u00e9rem una visita r\u00e0pida de feina i, \ud83c\udfcd cap a l&#8217;\u00e0rea <strong>Vinyols i els Arcs<\/strong>!<\/p>\n\n\n\n<p>Al mat\u00ed, despr\u00e9s d&#8217;esmorzar\u2615, sense buidar aig\u00fces\ud83d\udebd\ud83d\udebf, sort\u00edrem \ud83d\ude90 cap a <strong><a href=\"https:\/\/www.femturisme.cat\/ca\/pobles\/mora-ebre\">M\u00f3ra d&#8217;Ebre<\/a><\/strong>.<\/p>\n\n\n\n<p><\/p>\n\n\n\n<div class=\"wp-block-columns is-layout-flex wp-container-core-columns-is-layout-9d6595d7 wp-block-columns-is-layout-flex\">\n<div class=\"wp-block-column is-layout-flow wp-block-column-is-layout-flow\">\n<figure class=\"wp-block-image size-large is-resized\"><img loading=\"lazy\" decoding=\"async\" width=\"462\" height=\"1024\" src=\"https:\/\/viuresobrerodes.cat\/wp-content\/uploads\/2024\/06\/45e98eca-9fe9-4437-b231-444327983d9c-462x1024.jpg\" alt=\"\" class=\"wp-image-1794\" style=\"width:323px;height:auto\" srcset=\"https:\/\/viuresobrerodes.cat\/wp-content\/uploads\/2024\/06\/45e98eca-9fe9-4437-b231-444327983d9c-462x1024.jpg 462w, https:\/\/viuresobrerodes.cat\/wp-content\/uploads\/2024\/06\/45e98eca-9fe9-4437-b231-444327983d9c-135x300.jpg 135w, https:\/\/viuresobrerodes.cat\/wp-content\/uploads\/2024\/06\/45e98eca-9fe9-4437-b231-444327983d9c-768x1703.jpg 768w, https:\/\/viuresobrerodes.cat\/wp-content\/uploads\/2024\/06\/45e98eca-9fe9-4437-b231-444327983d9c-693x1536.jpg 693w, https:\/\/viuresobrerodes.cat\/wp-content\/uploads\/2024\/06\/45e98eca-9fe9-4437-b231-444327983d9c.jpg 920w\" sizes=\"auto, (max-width: 462px) 100vw, 462px\" \/><\/figure>\n<\/div>\n\n\n\n<div class=\"wp-block-column is-layout-flow wp-block-column-is-layout-flow\">\n<figure class=\"wp-block-image size-large is-resized\"><img loading=\"lazy\" decoding=\"async\" width=\"462\" height=\"1024\" src=\"https:\/\/viuresobrerodes.cat\/wp-content\/uploads\/2024\/06\/9c429b16-a78f-4917-a3a5-1db977bcc067-462x1024.jpg\" alt=\"\" class=\"wp-image-1795\" style=\"width:322px;height:auto\" srcset=\"https:\/\/viuresobrerodes.cat\/wp-content\/uploads\/2024\/06\/9c429b16-a78f-4917-a3a5-1db977bcc067-462x1024.jpg 462w, https:\/\/viuresobrerodes.cat\/wp-content\/uploads\/2024\/06\/9c429b16-a78f-4917-a3a5-1db977bcc067-135x300.jpg 135w, https:\/\/viuresobrerodes.cat\/wp-content\/uploads\/2024\/06\/9c429b16-a78f-4917-a3a5-1db977bcc067-768x1703.jpg 768w, https:\/\/viuresobrerodes.cat\/wp-content\/uploads\/2024\/06\/9c429b16-a78f-4917-a3a5-1db977bcc067-693x1536.jpg 693w, https:\/\/viuresobrerodes.cat\/wp-content\/uploads\/2024\/06\/9c429b16-a78f-4917-a3a5-1db977bcc067.jpg 920w\" sizes=\"auto, (max-width: 462px) 100vw, 462px\" \/><\/figure>\n<\/div>\n<\/div>\n\n\n\n<p>Com que nom\u00e9s ten\u00edem una visita per fer, acab\u00e0rem la feina aviat. Busc\u00e0rem on pod\u00edem buidar aig\u00fces\ud83d\udebf\ud83d\udebd de cam\u00ed a casa, al&nbsp;<strong>Park4night<\/strong>, i cap a <strong><a href=\"https:\/\/www.femturisme.cat\/ca\/pobles\/flix\">Flix<\/a><\/strong>. A l&#8217;<strong><a href=\"https:\/\/park4night.com\/es\/place\/204815\">\u00e0rea d&#8217;autocaravanes<\/a><\/strong>, buid\u00e0rem les aig\u00fces, i quan sort\u00edem del lloc de buidatge \ud83d\ude90, fent marxa enrere, el Miquel no va veure un fanal, \ud83e\udd26\u200d\u2640\ufe0f i amb el soroll de la roda amb la grava del terra, tampoc va escoltar el primer impacte o refrec&#8230; \ud83e\udd26\u200d\u2640\ufe0fNo hi havia manera de separar a la&nbsp;Mussi&nbsp;del fanal \ud83d\ude16. En maniobrar endavant i enrere se n&#8217;anava aprofundint la ferida&#8230;\ud83d\ude2d Sort que va acabar encertant la maniobra, per\u00f2 ja podeu veure com va quedar\ud83d\udc81\u200d\u2640\ufe0f.<\/p>\n\n\n\n<div class=\"wp-block-columns is-layout-flex wp-container-core-columns-is-layout-9d6595d7 wp-block-columns-is-layout-flex\">\n<div class=\"wp-block-column is-layout-flow wp-block-column-is-layout-flow\">\n<figure class=\"wp-block-image size-large is-resized\"><img loading=\"lazy\" decoding=\"async\" width=\"461\" height=\"1024\" src=\"https:\/\/viuresobrerodes.cat\/wp-content\/uploads\/2024\/06\/fcf67651-51b3-459b-9451-c906f31d813e-461x1024.jpg\" alt=\"\" class=\"wp-image-1796\" style=\"width:233px;height:auto\" srcset=\"https:\/\/viuresobrerodes.cat\/wp-content\/uploads\/2024\/06\/fcf67651-51b3-459b-9451-c906f31d813e-461x1024.jpg 461w, https:\/\/viuresobrerodes.cat\/wp-content\/uploads\/2024\/06\/fcf67651-51b3-459b-9451-c906f31d813e-135x300.jpg 135w, https:\/\/viuresobrerodes.cat\/wp-content\/uploads\/2024\/06\/fcf67651-51b3-459b-9451-c906f31d813e-692x1536.jpg 692w, https:\/\/viuresobrerodes.cat\/wp-content\/uploads\/2024\/06\/fcf67651-51b3-459b-9451-c906f31d813e.jpg 721w\" sizes=\"auto, (max-width: 461px) 100vw, 461px\" \/><\/figure>\n<\/div>\n\n\n\n<div class=\"wp-block-column is-layout-flow wp-block-column-is-layout-flow\">\n<figure class=\"wp-block-image size-large is-resized\"><img loading=\"lazy\" decoding=\"async\" width=\"461\" height=\"1024\" src=\"https:\/\/viuresobrerodes.cat\/wp-content\/uploads\/2024\/06\/6c99fb57-b155-4819-b11a-973ad25c2ceb-461x1024.jpg\" alt=\"\" class=\"wp-image-1797\" style=\"width:233px;height:auto\" srcset=\"https:\/\/viuresobrerodes.cat\/wp-content\/uploads\/2024\/06\/6c99fb57-b155-4819-b11a-973ad25c2ceb-461x1024.jpg 461w, https:\/\/viuresobrerodes.cat\/wp-content\/uploads\/2024\/06\/6c99fb57-b155-4819-b11a-973ad25c2ceb-135x300.jpg 135w, https:\/\/viuresobrerodes.cat\/wp-content\/uploads\/2024\/06\/6c99fb57-b155-4819-b11a-973ad25c2ceb-692x1536.jpg 692w, https:\/\/viuresobrerodes.cat\/wp-content\/uploads\/2024\/06\/6c99fb57-b155-4819-b11a-973ad25c2ceb.jpg 721w\" sizes=\"auto, (max-width: 461px) 100vw, 461px\" \/><\/figure>\n<\/div>\n\n\n\n<div class=\"wp-block-column is-layout-flow wp-block-column-is-layout-flow\">\n<figure class=\"wp-block-image size-large is-resized\"><img loading=\"lazy\" decoding=\"async\" width=\"461\" height=\"1024\" src=\"https:\/\/viuresobrerodes.cat\/wp-content\/uploads\/2024\/06\/976a2af3-9d01-467d-99c9-c1681e086704-461x1024.jpg\" alt=\"\" class=\"wp-image-1798\" style=\"width:233px;height:auto\" srcset=\"https:\/\/viuresobrerodes.cat\/wp-content\/uploads\/2024\/06\/976a2af3-9d01-467d-99c9-c1681e086704-461x1024.jpg 461w, https:\/\/viuresobrerodes.cat\/wp-content\/uploads\/2024\/06\/976a2af3-9d01-467d-99c9-c1681e086704-135x300.jpg 135w, https:\/\/viuresobrerodes.cat\/wp-content\/uploads\/2024\/06\/976a2af3-9d01-467d-99c9-c1681e086704-692x1536.jpg 692w, https:\/\/viuresobrerodes.cat\/wp-content\/uploads\/2024\/06\/976a2af3-9d01-467d-99c9-c1681e086704.jpg 721w\" sizes=\"auto, (max-width: 461px) 100vw, 461px\" \/><\/figure>\n<\/div>\n<\/div>\n\n\n\n<p>I de <strong>Flix<\/strong>, <strong><a href=\"https:\/\/www.turismeriberaebre.org\/comarca\/la-ribera-debre-terres-de-lebre\/\">Ribera d&#8217;Ebre<\/a><\/strong>, cap a <strong><a href=\"https:\/\/www.catalunya.com\/ca\/continguts\/territori\/noguera-2-2-23\">la Noguera<\/a><\/strong> amb el cor ben encongit\ud83d\ude1f.<br>Pass\u00e0rem dies i dies esperant preus\ud83d\ude1f per arreglar la pobra&nbsp;Mussi&#8230;  I durant aquells dies, ja est\u00e0vem en el <strong><a href=\"https:\/\/municipiscatalans.com\/inici\/comarques-de-barcelona\/baix-llobregat\/\">Baix Llobregat<\/a><\/strong> \ud83d\ude90, va haver-hi la <strong><a href=\"https:\/\/www.santclimentdellobregat.cat\/temes\/festa-de-la-cirera-\/266-historia\/historia-de-la-festa-de-la-cirera\/\">festa de la cirera<\/a><\/strong> \ud83c\udf52a <strong><a href=\"https:\/\/www.turismebaixllobregat.com\/ca\/municipi\/sant-climent-de-llobregat\">Sant Climent de Llobregat<\/a><\/strong>, (l&#8217;exposici\u00f3 d&#8217;aquest any va ser, per culpa de la sequera, bastant pobra) per\u00f2 allargarem els dies d&#8217;estada al Baix per poder gaudir, tamb\u00e9, de totes les altres activitats.<\/p>\n\n\n\n<div class=\"wp-block-columns is-layout-flex wp-container-core-columns-is-layout-9d6595d7 wp-block-columns-is-layout-flex\">\n<div class=\"wp-block-column is-layout-flow wp-block-column-is-layout-flow\">\n<figure class=\"wp-block-image size-large is-resized\"><img loading=\"lazy\" decoding=\"async\" width=\"462\" height=\"1024\" src=\"https:\/\/viuresobrerodes.cat\/wp-content\/uploads\/2024\/06\/d4f234d3-bcb0-4a4a-9d4c-c1c7954ca5aa-462x1024.jpg\" alt=\"\" class=\"wp-image-1799\" style=\"width:232px;height:auto\" srcset=\"https:\/\/viuresobrerodes.cat\/wp-content\/uploads\/2024\/06\/d4f234d3-bcb0-4a4a-9d4c-c1c7954ca5aa-462x1024.jpg 462w, https:\/\/viuresobrerodes.cat\/wp-content\/uploads\/2024\/06\/d4f234d3-bcb0-4a4a-9d4c-c1c7954ca5aa-135x300.jpg 135w, https:\/\/viuresobrerodes.cat\/wp-content\/uploads\/2024\/06\/d4f234d3-bcb0-4a4a-9d4c-c1c7954ca5aa-768x1703.jpg 768w, https:\/\/viuresobrerodes.cat\/wp-content\/uploads\/2024\/06\/d4f234d3-bcb0-4a4a-9d4c-c1c7954ca5aa-693x1536.jpg 693w, https:\/\/viuresobrerodes.cat\/wp-content\/uploads\/2024\/06\/d4f234d3-bcb0-4a4a-9d4c-c1c7954ca5aa.jpg 920w\" sizes=\"auto, (max-width: 462px) 100vw, 462px\" \/><\/figure>\n<\/div>\n\n\n\n<div class=\"wp-block-column is-layout-flow wp-block-column-is-layout-flow\">\n<figure class=\"wp-block-image size-large is-resized\"><img loading=\"lazy\" decoding=\"async\" width=\"461\" height=\"1024\" src=\"https:\/\/viuresobrerodes.cat\/wp-content\/uploads\/2024\/06\/4416b301-8c25-4f15-a36a-8e8fda1e89f6-461x1024.jpg\" alt=\"\" class=\"wp-image-1800\" style=\"width:230px;height:auto\" srcset=\"https:\/\/viuresobrerodes.cat\/wp-content\/uploads\/2024\/06\/4416b301-8c25-4f15-a36a-8e8fda1e89f6-461x1024.jpg 461w, https:\/\/viuresobrerodes.cat\/wp-content\/uploads\/2024\/06\/4416b301-8c25-4f15-a36a-8e8fda1e89f6-135x300.jpg 135w, https:\/\/viuresobrerodes.cat\/wp-content\/uploads\/2024\/06\/4416b301-8c25-4f15-a36a-8e8fda1e89f6-692x1536.jpg 692w, https:\/\/viuresobrerodes.cat\/wp-content\/uploads\/2024\/06\/4416b301-8c25-4f15-a36a-8e8fda1e89f6.jpg 721w\" sizes=\"auto, (max-width: 461px) 100vw, 461px\" \/><\/figure>\n<\/div>\n\n\n\n<div class=\"wp-block-column is-layout-flow wp-block-column-is-layout-flow\">\n<figure class=\"wp-block-image size-large is-resized\"><img loading=\"lazy\" decoding=\"async\" width=\"462\" height=\"1024\" src=\"https:\/\/viuresobrerodes.cat\/wp-content\/uploads\/2024\/06\/5f97bd7a-6127-41c9-985d-7585101d815b-462x1024.jpg\" alt=\"\" class=\"wp-image-1801\" style=\"width:230px;height:auto\" srcset=\"https:\/\/viuresobrerodes.cat\/wp-content\/uploads\/2024\/06\/5f97bd7a-6127-41c9-985d-7585101d815b-462x1024.jpg 462w, https:\/\/viuresobrerodes.cat\/wp-content\/uploads\/2024\/06\/5f97bd7a-6127-41c9-985d-7585101d815b-135x300.jpg 135w, https:\/\/viuresobrerodes.cat\/wp-content\/uploads\/2024\/06\/5f97bd7a-6127-41c9-985d-7585101d815b-768x1704.jpg 768w, https:\/\/viuresobrerodes.cat\/wp-content\/uploads\/2024\/06\/5f97bd7a-6127-41c9-985d-7585101d815b-692x1536.jpg 692w, https:\/\/viuresobrerodes.cat\/wp-content\/uploads\/2024\/06\/5f97bd7a-6127-41c9-985d-7585101d815b.jpg 923w\" sizes=\"auto, (max-width: 462px) 100vw, 462px\" \/><\/figure>\n<\/div>\n<\/div>\n\n\n\n<p>Com que l&#8217;A \ud83d\udc67 dormiria \ud83d\udecc una nit amb nosaltres, vam muntar, per primer cop, el llit \ud83d\udecc del menjador. Primer busc\u00e0rem algun tutorial de la \ud83d\ude90&nbsp;<strong>Carado&nbsp;V132<\/strong> que ens ho expliqu\u00e9s, i res, cap ni un\ud83d\udc81\u200d\u2640\ufe0f. Com qu\u00e8 d&#8217;altres autocaravanes s\u00ed que n&#8217;hi ha, recoll\u00edrem alguna idea de com podia anar \ud83d\ude09. Un dia abans, desmunt\u00e0rem els seients i jug\u00e0rem amb els coixins fins a trobar la millor manera \ud83e\udd14, la m\u00e9s c\u00f2moda possible contant que hi dormir\u00e0 una criatura \ud83d\udc67 de set anys, ja que una persona adulta no crec que hi dormi b\u00e9 en cap de les possibles maneres de col\u00b7locar-ho\ud83d\udc81\ud83c\udffb\u200d\u2640\ufe0f.<\/p>\n\n\n\n<div class=\"wp-block-columns is-layout-flex wp-container-core-columns-is-layout-9d6595d7 wp-block-columns-is-layout-flex\">\n<div class=\"wp-block-column is-layout-flow wp-block-column-is-layout-flow\"><div class=\"wp-block-image\">\n<figure class=\"aligncenter size-large is-resized\"><img loading=\"lazy\" decoding=\"async\" width=\"1024\" height=\"462\" src=\"https:\/\/viuresobrerodes.cat\/wp-content\/uploads\/2024\/06\/de4c2756-1eb7-4ac8-b047-8badacb5256f-1024x462.jpg\" alt=\"\" class=\"wp-image-1802\" style=\"width:676px;height:auto\" srcset=\"https:\/\/viuresobrerodes.cat\/wp-content\/uploads\/2024\/06\/de4c2756-1eb7-4ac8-b047-8badacb5256f-1024x462.jpg 1024w, https:\/\/viuresobrerodes.cat\/wp-content\/uploads\/2024\/06\/de4c2756-1eb7-4ac8-b047-8badacb5256f-300x135.jpg 300w, https:\/\/viuresobrerodes.cat\/wp-content\/uploads\/2024\/06\/de4c2756-1eb7-4ac8-b047-8badacb5256f-768x346.jpg 768w, https:\/\/viuresobrerodes.cat\/wp-content\/uploads\/2024\/06\/de4c2756-1eb7-4ac8-b047-8badacb5256f-1536x693.jpg 1536w, https:\/\/viuresobrerodes.cat\/wp-content\/uploads\/2024\/06\/de4c2756-1eb7-4ac8-b047-8badacb5256f-665x300.jpg 665w, https:\/\/viuresobrerodes.cat\/wp-content\/uploads\/2024\/06\/de4c2756-1eb7-4ac8-b047-8badacb5256f.jpg 2040w\" sizes=\"auto, (max-width: 1024px) 100vw, 1024px\" \/><\/figure>\n<\/div>\n\n<div class=\"wp-block-image\">\n<figure class=\"aligncenter size-large is-resized\"><img loading=\"lazy\" decoding=\"async\" width=\"1024\" height=\"462\" src=\"https:\/\/viuresobrerodes.cat\/wp-content\/uploads\/2024\/06\/3288ff6c-f785-4eaf-a2c1-41c59a87efbd-1024x462.jpg\" alt=\"\" class=\"wp-image-1803\" style=\"width:685px;height:auto\" srcset=\"https:\/\/viuresobrerodes.cat\/wp-content\/uploads\/2024\/06\/3288ff6c-f785-4eaf-a2c1-41c59a87efbd-1024x462.jpg 1024w, https:\/\/viuresobrerodes.cat\/wp-content\/uploads\/2024\/06\/3288ff6c-f785-4eaf-a2c1-41c59a87efbd-300x135.jpg 300w, https:\/\/viuresobrerodes.cat\/wp-content\/uploads\/2024\/06\/3288ff6c-f785-4eaf-a2c1-41c59a87efbd-768x346.jpg 768w, https:\/\/viuresobrerodes.cat\/wp-content\/uploads\/2024\/06\/3288ff6c-f785-4eaf-a2c1-41c59a87efbd-1536x693.jpg 1536w, https:\/\/viuresobrerodes.cat\/wp-content\/uploads\/2024\/06\/3288ff6c-f785-4eaf-a2c1-41c59a87efbd-665x300.jpg 665w, https:\/\/viuresobrerodes.cat\/wp-content\/uploads\/2024\/06\/3288ff6c-f785-4eaf-a2c1-41c59a87efbd.jpg 2040w\" sizes=\"auto, (max-width: 1024px) 100vw, 1024px\" \/><\/figure>\n<\/div>\n\n<div class=\"wp-block-image\">\n<figure class=\"aligncenter size-large is-resized\"><img loading=\"lazy\" decoding=\"async\" width=\"1024\" height=\"462\" src=\"https:\/\/viuresobrerodes.cat\/wp-content\/uploads\/2024\/06\/a1e270d0-4411-483a-8788-0e06971e3ae5-1024x462.jpg\" alt=\"\" class=\"wp-image-1804\" style=\"width:680px;height:auto\" srcset=\"https:\/\/viuresobrerodes.cat\/wp-content\/uploads\/2024\/06\/a1e270d0-4411-483a-8788-0e06971e3ae5-1024x462.jpg 1024w, https:\/\/viuresobrerodes.cat\/wp-content\/uploads\/2024\/06\/a1e270d0-4411-483a-8788-0e06971e3ae5-300x135.jpg 300w, https:\/\/viuresobrerodes.cat\/wp-content\/uploads\/2024\/06\/a1e270d0-4411-483a-8788-0e06971e3ae5-768x346.jpg 768w, https:\/\/viuresobrerodes.cat\/wp-content\/uploads\/2024\/06\/a1e270d0-4411-483a-8788-0e06971e3ae5-1536x693.jpg 1536w, https:\/\/viuresobrerodes.cat\/wp-content\/uploads\/2024\/06\/a1e270d0-4411-483a-8788-0e06971e3ae5-665x300.jpg 665w, https:\/\/viuresobrerodes.cat\/wp-content\/uploads\/2024\/06\/a1e270d0-4411-483a-8788-0e06971e3ae5.jpg 2040w\" sizes=\"auto, (max-width: 1024px) 100vw, 1024px\" \/><\/figure>\n<\/div><\/div>\n<\/div>\n\n\n\n<p>De cop, una altra incid\u00e8ncia\ud83e\udd26\u200d\u2640\ufe0f, que a m\u00e9s a m\u00e9s era la <strong><a href=\"https:\/\/viuresobrerodes.cat\/?p=851\">segona vegada que passava<\/a><\/strong>&#8230; es va tornar a trencar l&#8217;eix del motor que activa el gra\u00f3!!!&#8230;\ud83d\udc81\ud83c\udffb\u200d\u2640\ufe0f Per\u00f2 aquest cop no v\u00e0rem fer el mateix. El Miquel va buscar l&#8217;eix per internet \ud83d\udc68\u200d\ud83d\udcbb, hi havia diferents p\u00e0gines que l&#8217;oferien, per\u00f2 la que sortia millor de preu, comptant la pe\u00e7a i l&#8217;enviament era a <strong><a href=\"https:\/\/pplucaravan.com\/thule\/1007-thule-eje-.html\">pplucaravanonline<\/a><\/strong>.<\/p>\n\n\n\n<p>En un parell de dies ja el ten\u00edem, vam anar al nostre mec\u00e0nic de cap\u00e7alera\ud83d\udc68\u200d\ud83d\udd27 , <strong><a href=\"https:\/\/autosefd73.com\/WordPress3\/auto-sefd-2\/\">Auto Sefd 73<\/a><\/strong>, a posar-lo. En poca estona el gra\u00f3 funcionava i pogu\u00e9rem anar cap a casa, a <strong>la Noguera<\/strong>\ud83d\ude01 .<br>&#8230; Per Sant Joan encara ens mancava un preu!!! I tot esperant el preu, del marc de la porta del but\u00e0, comen\u00e7\u00e0rem a planejar les vacances \ud83d\udcc5, ja que tenim assumit que fins despr\u00e9s de les vacances no es podr\u00e0 arreglar&#8230; aix\u00ed qu\u00e8, paci\u00e8ncia \ud83d\udc86\u200d\u2640\ufe0f\ud83d\udc86\u200d\u2642\ufe0f<\/p>\n\n\n\n<p><\/p>\n","protected":false},"excerpt":{"rendered":"<p>Vam anar\ud83d\ude90 per feina \ud83d\udc69\ud83c\udffc\u200d\ud83d\udcbc\ud83d\udc68\ud83c\udffc\u200d\ud83d\udcbc a Reus, en el&nbsp;Park4night&nbsp;vam trobar 3 possibilitats per pernoctar, la primera en un&nbsp;Bon\u00c0rea, on nom\u00e9s par\u00e0rem per comprar \ud83d\uded2. La segona,&nbsp;carrer de doctor&nbsp;Frias, en un aparcament amb places per autocaravanes, que ocupen els turismes sense cap recan\u00e7a\ud83e\udd26\u200d\u2640\ufe0f , ni pel que sembla, sanci\u00f3 \ud83d\udc81\u200d\u2640\ufe0f. Marx\u00e0rem i an\u00e0rem cap a Vinyols [&hellip;]<\/p>\n","protected":false},"author":1,"featured_media":1811,"comment_status":"open","ping_status":"open","sticky":false,"template":"","format":"standard","meta":{"_jetpack_memberships_contains_paid_content":false,"footnotes":""},"categories":[4,5],"tags":[334,332,336,339,95,94,82,137,63,335,341,72,333,68,135,337,343,136,340,342,138],"class_list":["post-1779","post","type-post","status-publish","format-standard","has-post-thumbnail","hentry","category-autocaravana","category-motocicleta","tag-finestres-de-la-cia-marti_natzo","tag-area-bonarea","tag-area-daurocaravanes-de-vinyols-i-els-arcs","tag-area-dautocaravanes-de-flix","tag-auto-sefd-73","tag-autocaravana","tag-baix-llobregat","tag-cambrils","tag-carado-v132","tag-el-barat-1881","tag-festa-de-la-cirera-de-sant-climent-de-llobregat","tag-honda-cb-300-r","tag-la-fira-trapezi","tag-la-noguera","tag-mora-debre","tag-parc-sama","tag-pplucaravanonline","tag-reus","tag-ribera-debre","tag-sant-climent-de-llobregat","tag-vinyols-i-els-arcs"],"jetpack_featured_media_url":"https:\/\/viuresobrerodes.cat\/wp-content\/uploads\/2024\/06\/7ec66934-95e6-4c05-91a8-47a98557a330.jpg","jetpack_sharing_enabled":true,"_links":{"self":[{"href":"https:\/\/viuresobrerodes.cat\/index.php?rest_route=\/wp\/v2\/posts\/1779","targetHints":{"allow":["GET"]}}],"collection":[{"href":"https:\/\/viuresobrerodes.cat\/index.php?rest_route=\/wp\/v2\/posts"}],"about":[{"href":"https:\/\/viuresobrerodes.cat\/index.php?rest_route=\/wp\/v2\/types\/post"}],"author":[{"embeddable":true,"href":"https:\/\/viuresobrerodes.cat\/index.php?rest_route=\/wp\/v2\/users\/1"}],"replies":[{"embeddable":true,"href":"https:\/\/viuresobrerodes.cat\/index.php?rest_route=%2Fwp%2Fv2%2Fcomments&post=1779"}],"version-history":[{"count":10,"href":"https:\/\/viuresobrerodes.cat\/index.php?rest_route=\/wp\/v2\/posts\/1779\/revisions"}],"predecessor-version":[{"id":1821,"href":"https:\/\/viuresobrerodes.cat\/index.php?rest_route=\/wp\/v2\/posts\/1779\/revisions\/1821"}],"wp:featuredmedia":[{"embeddable":true,"href":"https:\/\/viuresobrerodes.cat\/index.php?rest_route=\/wp\/v2\/media\/1811"}],"wp:attachment":[{"href":"https:\/\/viuresobrerodes.cat\/index.php?rest_route=%2Fwp%2Fv2%2Fmedia&parent=1779"}],"wp:term":[{"taxonomy":"category","embeddable":true,"href":"https:\/\/viuresobrerodes.cat\/index.php?rest_route=%2Fwp%2Fv2%2Fcategories&post=1779"},{"taxonomy":"post_tag","embeddable":true,"href":"https:\/\/viuresobrerodes.cat\/index.php?rest_route=%2Fwp%2Fv2%2Ftags&post=1779"}],"curies":[{"name":"wp","href":"https:\/\/api.w.org\/{rel}","templated":true}]}}