{"id":1855,"date":"2024-07-29T11:46:14","date_gmt":"2024-07-29T11:46:14","guid":{"rendered":"https:\/\/viuresobrerodes.cat\/?p=1855"},"modified":"2024-07-29T12:12:59","modified_gmt":"2024-07-29T12:12:59","slug":"ruta-%f0%9f%9a%90-destiu-amb-la-%f0%9f%91%a7","status":"publish","type":"post","link":"https:\/\/viuresobrerodes.cat\/?p=1855","title":{"rendered":"Ruta \ud83d\ude90 d&#8217;estiu amb l&#8217;A \ud83d\udc67"},"content":{"rendered":"\n<p>Organitzar una sortida-ruta \ud83d\ude90 amb l&#8217;A \ud83d\udc67 , t\u00e9 el seu qu\u00e8\ud83d\udc81\ud83c\udffb\u200d\u2640\ufe0f. Primer pensar en el dormir\ud83d\udecc. Ja s&#8217;havia quedat un parell de dies a dormir a l&#8217;autocaravana \ud83d\ude90, i hav\u00edem comprovat que el sistema que ens van dir al comprar-la, molt pr\u00e0ctic no \u00e9s. La practicitat que se&#8217;ns va oc\u00f3rrer&nbsp;va ser&nbsp;comprar un matal\u00e0s de 70 x 160 x 10 cm a l&#8217;<strong>Ikea<\/strong>. El despleg\u00e0rem i, com diuen les instruccions, el tingu\u00e9rem 75 h ventilant-se i prenent forma, ja que venia enrotllat com un canel\u00f3 i al buit&#8230; aix\u00ed va quedar, molt millor que utilitzant els coixins dels seients \ud83d\udc81\ud83c\udffb\u200d\u2640\ufe0f.<\/p>\n\n\n\n<div class=\"wp-block-columns is-layout-flex wp-container-core-columns-is-layout-9d6595d7 wp-block-columns-is-layout-flex\">\n<div class=\"wp-block-column is-layout-flow wp-block-column-is-layout-flow\"><div class=\"wp-block-image\">\n<figure class=\"aligncenter size-large is-resized\"><img loading=\"lazy\" decoding=\"async\" width=\"1024\" height=\"462\" src=\"https:\/\/viuresobrerodes.cat\/wp-content\/uploads\/2024\/07\/a24654e7-8399-41f3-85ec-b26136911c54-1024x462.jpg\" alt=\"\" class=\"wp-image-1856\" style=\"width:688px;height:auto\" srcset=\"https:\/\/viuresobrerodes.cat\/wp-content\/uploads\/2024\/07\/a24654e7-8399-41f3-85ec-b26136911c54-1024x462.jpg 1024w, https:\/\/viuresobrerodes.cat\/wp-content\/uploads\/2024\/07\/a24654e7-8399-41f3-85ec-b26136911c54-300x135.jpg 300w, https:\/\/viuresobrerodes.cat\/wp-content\/uploads\/2024\/07\/a24654e7-8399-41f3-85ec-b26136911c54-768x346.jpg 768w, https:\/\/viuresobrerodes.cat\/wp-content\/uploads\/2024\/07\/a24654e7-8399-41f3-85ec-b26136911c54-1536x693.jpg 1536w, https:\/\/viuresobrerodes.cat\/wp-content\/uploads\/2024\/07\/a24654e7-8399-41f3-85ec-b26136911c54-665x300.jpg 665w, https:\/\/viuresobrerodes.cat\/wp-content\/uploads\/2024\/07\/a24654e7-8399-41f3-85ec-b26136911c54.jpg 2040w\" sizes=\"auto, (max-width: 1024px) 100vw, 1024px\" \/><\/figure>\n<\/div><\/div>\n<\/div>\n\n\n<div class=\"wp-block-image\">\n<figure class=\"aligncenter size-large is-resized\"><img loading=\"lazy\" decoding=\"async\" width=\"1024\" height=\"462\" src=\"https:\/\/viuresobrerodes.cat\/wp-content\/uploads\/2024\/07\/000913e5-5a9a-46cb-ad33-e31da34e29f7-1024x462.jpg\" alt=\"\" class=\"wp-image-1857\" style=\"width:686px;height:auto\" srcset=\"https:\/\/viuresobrerodes.cat\/wp-content\/uploads\/2024\/07\/000913e5-5a9a-46cb-ad33-e31da34e29f7-1024x462.jpg 1024w, https:\/\/viuresobrerodes.cat\/wp-content\/uploads\/2024\/07\/000913e5-5a9a-46cb-ad33-e31da34e29f7-300x135.jpg 300w, https:\/\/viuresobrerodes.cat\/wp-content\/uploads\/2024\/07\/000913e5-5a9a-46cb-ad33-e31da34e29f7-768x346.jpg 768w, https:\/\/viuresobrerodes.cat\/wp-content\/uploads\/2024\/07\/000913e5-5a9a-46cb-ad33-e31da34e29f7-1536x693.jpg 1536w, https:\/\/viuresobrerodes.cat\/wp-content\/uploads\/2024\/07\/000913e5-5a9a-46cb-ad33-e31da34e29f7-665x300.jpg 665w, https:\/\/viuresobrerodes.cat\/wp-content\/uploads\/2024\/07\/000913e5-5a9a-46cb-ad33-e31da34e29f7.jpg 2040w\" sizes=\"auto, (max-width: 1024px) 100vw, 1024px\" \/><\/figure>\n<\/div>\n\n\n<p>Tamb\u00e9, vam planejar les parades tant a \u00e0rees com al c\u00e0mping, que hav\u00edem de fer durant la ruta,\ud83e\udd14 <\/p>\n\n\n<div class=\"wp-block-image\">\n<figure class=\"aligncenter size-full is-resized\"><img loading=\"lazy\" decoding=\"async\" width=\"787\" height=\"594\" src=\"https:\/\/viuresobrerodes.cat\/wp-content\/uploads\/2024\/07\/1f4e0f5d-e1cb-4504-bd03-fffd4ff2245b.jpg\" alt=\"\" class=\"wp-image-1888\" style=\"width:520px;height:auto\" srcset=\"https:\/\/viuresobrerodes.cat\/wp-content\/uploads\/2024\/07\/1f4e0f5d-e1cb-4504-bd03-fffd4ff2245b.jpg 787w, https:\/\/viuresobrerodes.cat\/wp-content\/uploads\/2024\/07\/1f4e0f5d-e1cb-4504-bd03-fffd4ff2245b-300x226.jpg 300w, https:\/\/viuresobrerodes.cat\/wp-content\/uploads\/2024\/07\/1f4e0f5d-e1cb-4504-bd03-fffd4ff2245b-768x580.jpg 768w, https:\/\/viuresobrerodes.cat\/wp-content\/uploads\/2024\/07\/1f4e0f5d-e1cb-4504-bd03-fffd4ff2245b-397x300.jpg 397w\" sizes=\"auto, (max-width: 787px) 100vw, 787px\" \/><\/figure>\n<\/div>\n\n\n<p>i pagar la reserva, tamb\u00e9 la del <strong>Tren Groc de la Cerdanya<\/strong> \ud83d\ude82\u2026 aix\u00f2 \u00faltim va ser una mica complicat per falta de disponibilitat d&#8217;horaris, perqu\u00e8 havia de coincidir amb l&#8217;estada al <strong>c\u00e0mping Les Asperas<\/strong> \ud83c\udfd5\u2026de fer tot aquest tr\u00e0mit se&#8217;n va encarregar el Miquel \ud83d\udc68\u200d\ud83d\udcbb.<\/p>\n\n\n\n<p>Va arribar el dia d&#8217;iniciar la ruta \ud83d\ude90, al mat\u00ed, pass\u00e0rem per la bugaderia \ud83d\udc5a\ud83d\udc55 i tot, per\u00f2 fins a les 18.45 h no pogu\u00e9rem sortir \ud83d\ude90. Tot esperant un sistema millor, el ventilador amb pin\u00e7a, \u00e9s una de les millors compres que hem fet \ud83d\ude0d. El pos\u00e0rem enganxant a la taula per a l&#8217;A \ud83d\udc67<\/p>\n\n\n<div class=\"wp-block-image\">\n<figure class=\"aligncenter size-large is-resized\"><img loading=\"lazy\" decoding=\"async\" width=\"654\" height=\"1024\" src=\"https:\/\/viuresobrerodes.cat\/wp-content\/uploads\/2024\/07\/2cca77f8-1056-4d69-afe4-975a2b55b8ca-654x1024.jpg\" alt=\"\" class=\"wp-image-1861\" style=\"width:318px;height:auto\" srcset=\"https:\/\/viuresobrerodes.cat\/wp-content\/uploads\/2024\/07\/2cca77f8-1056-4d69-afe4-975a2b55b8ca-654x1024.jpg 654w, https:\/\/viuresobrerodes.cat\/wp-content\/uploads\/2024\/07\/2cca77f8-1056-4d69-afe4-975a2b55b8ca-191x300.jpg 191w, https:\/\/viuresobrerodes.cat\/wp-content\/uploads\/2024\/07\/2cca77f8-1056-4d69-afe4-975a2b55b8ca-768x1203.jpg 768w, https:\/\/viuresobrerodes.cat\/wp-content\/uploads\/2024\/07\/2cca77f8-1056-4d69-afe4-975a2b55b8ca-980x1536.jpg 980w, https:\/\/viuresobrerodes.cat\/wp-content\/uploads\/2024\/07\/2cca77f8-1056-4d69-afe4-975a2b55b8ca.jpg 1307w\" sizes=\"auto, (max-width: 654px) 100vw, 654px\" \/><\/figure>\n<\/div>\n\n\n<p>Dest\u00ed, <strong><a href=\"https:\/\/www.turismecervera.cat\/\">Cervera<\/a><\/strong>. \ud83d\ude90 L&#8217;<strong><a href=\"https:\/\/www.turismecervera.cat\/area-dautocaravanes\/\">\u00e0rea d&#8217;autocaravanes de Cervera<\/a><\/strong>, t\u00e9 moltes taules de fusta, hi ha una font\u2026 (que no rajava\ud83d\ude22). El terra, t\u00e9 algunes zones desnivellades\u2026 per\u00f2 en general, en arribar la impressi\u00f3 va ser bona&#8230;o molt bona \ud83d\udc81\ud83c\udffb\u200d\u2640\ufe0f.<\/p>\n\n\n<div class=\"wp-block-image\">\n<figure class=\"aligncenter size-large is-resized\"><img loading=\"lazy\" decoding=\"async\" width=\"1024\" height=\"461\" src=\"https:\/\/viuresobrerodes.cat\/wp-content\/uploads\/2024\/07\/d5a31d54-9578-4036-a00a-2575a7ac16bb-1024x461.jpg\" alt=\"\" class=\"wp-image-1862\" style=\"width:696px;height:auto\" srcset=\"https:\/\/viuresobrerodes.cat\/wp-content\/uploads\/2024\/07\/d5a31d54-9578-4036-a00a-2575a7ac16bb-1024x461.jpg 1024w, https:\/\/viuresobrerodes.cat\/wp-content\/uploads\/2024\/07\/d5a31d54-9578-4036-a00a-2575a7ac16bb-300x135.jpg 300w, https:\/\/viuresobrerodes.cat\/wp-content\/uploads\/2024\/07\/d5a31d54-9578-4036-a00a-2575a7ac16bb-768x346.jpg 768w, https:\/\/viuresobrerodes.cat\/wp-content\/uploads\/2024\/07\/d5a31d54-9578-4036-a00a-2575a7ac16bb-1536x692.jpg 1536w, https:\/\/viuresobrerodes.cat\/wp-content\/uploads\/2024\/07\/d5a31d54-9578-4036-a00a-2575a7ac16bb-666x300.jpg 666w, https:\/\/viuresobrerodes.cat\/wp-content\/uploads\/2024\/07\/d5a31d54-9578-4036-a00a-2575a7ac16bb.jpg 1600w\" sizes=\"auto, (max-width: 1024px) 100vw, 1024px\" \/><\/figure>\n<\/div>\n\n\n<p>Sop\u00e0rem \ud83c\udf7d a la taula de fusta m\u00e9s propera. Encara est\u00e0vem entaulats i van arribar m\u00e9s autocaravanes \ud83d\ude90\ud83d\ude90\ud83d\ude90, una es va posar al costat nostre. Eren un matrimoni amb una nena de deu anys \ud83d\udc68\u200d\ud83d\udc69\u200d\ud83d\udc67, molt agradables. Xarrarem for\u00e7a estona. I tot parlant, resulta que venien de Guadalajara, els hi va fer gr\u00e0cia que el Miquel fos d&#8217;all\u00e0.\ud83d\udc81\ud83c\udffb\u200d\u2640\ufe0f<br>L&#8217;A \ud83d\udc67&nbsp;va&nbsp;fer amistat r\u00e0pidament amb la Martina \ud83d\udc67, mentre que nosaltres convers\u00e0rem, elles estaven dins de la&nbsp;Mussi&nbsp;pintant. Es van fer &#8220;amigues per sempre&#8221;\ud83d\ude0d\ud83d\ude0d.<\/p>\n\n\n\n<p>A l&#8217;hora d&#8217;anar a dormir, el sistema nou de matal\u00e0s \ud83d\udecc, va anar molt m\u00e9s b\u00e9 \ud83d\udc4f\ud83d\udc4f.<\/p>\n\n\n\n<p>Despr\u00e9s d&#8217;una pl\u00e0cida nit a <strong>Cervera<\/strong>, a mig mat\u00ed sort\u00edrem \ud83d\udeb6\u200d\u2642\ufe0f\ud83d\udeb6\u200d\u2640\ufe0f\ud83d\udeb6\u200d\u2640\ufe0f cap a <strong><a href=\"https:\/\/almenar.cat\/municipi\">Almenar<\/a><\/strong>. \ud83d\ude90 L&#8217;<strong><a href=\"https:\/\/areascamper.com\/ficha\/area-autocaravanas-almenar-lleida\/\">\u00e0rea d&#8217;autocaravanes<\/a><\/strong> est\u00e0 prou b\u00e9, i est\u00e0 tocant al poble.<\/p>\n\n\n<div class=\"wp-block-image\">\n<figure class=\"aligncenter size-full is-resized\"><img loading=\"lazy\" decoding=\"async\" width=\"547\" height=\"909\" src=\"https:\/\/viuresobrerodes.cat\/wp-content\/uploads\/2024\/07\/39ae0d19-e15b-4a82-97f8-3868d84cb26c.jpg\" alt=\"\" class=\"wp-image-1865\" style=\"width:286px;height:auto\" srcset=\"https:\/\/viuresobrerodes.cat\/wp-content\/uploads\/2024\/07\/39ae0d19-e15b-4a82-97f8-3868d84cb26c.jpg 547w, https:\/\/viuresobrerodes.cat\/wp-content\/uploads\/2024\/07\/39ae0d19-e15b-4a82-97f8-3868d84cb26c-181x300.jpg 181w\" sizes=\"auto, (max-width: 547px) 100vw, 547px\" \/><\/figure>\n<\/div>\n\n\n<p>Vam anar al <strong><a href=\"https:\/\/totnens.cat\/que-fem\/parc-magic-dalmenar\/\">Parc M\u00e0gic<\/a><\/strong>. L&#8217;A \ud83d\udc67 es va divertir i nosaltres tamb\u00e9, clar. En el <strong><a href=\"https:\/\/www.instagram.com\/p\/C-AMqscMMNZ\/\">parc<\/a><\/strong> fins i tot hi ha una tirolina!<\/p>\n\n\n\n<div class=\"wp-block-columns is-layout-flex wp-container-core-columns-is-layout-9d6595d7 wp-block-columns-is-layout-flex\">\n<div class=\"wp-block-column is-layout-flow wp-block-column-is-layout-flow\"><div class=\"wp-block-image\">\n<figure class=\"aligncenter size-full is-resized\"><img loading=\"lazy\" decoding=\"async\" width=\"247\" height=\"446\" src=\"https:\/\/viuresobrerodes.cat\/wp-content\/uploads\/2024\/07\/1.png\" alt=\"\" class=\"wp-image-1863\" style=\"width:311px;height:auto\" srcset=\"https:\/\/viuresobrerodes.cat\/wp-content\/uploads\/2024\/07\/1.png 247w, https:\/\/viuresobrerodes.cat\/wp-content\/uploads\/2024\/07\/1-166x300.png 166w\" sizes=\"auto, (max-width: 247px) 100vw, 247px\" \/><\/figure>\n<\/div><\/div>\n\n\n\n<div class=\"wp-block-column is-layout-flow wp-block-column-is-layout-flow\"><div class=\"wp-block-image\">\n<figure class=\"aligncenter size-large is-resized\"><img loading=\"lazy\" decoding=\"async\" width=\"461\" height=\"1024\" src=\"https:\/\/viuresobrerodes.cat\/wp-content\/uploads\/2024\/07\/e2753e96-86da-4623-8b53-7a2aac8869dd-461x1024.jpg\" alt=\"\" class=\"wp-image-1864\" style=\"width:249px;height:auto\" srcset=\"https:\/\/viuresobrerodes.cat\/wp-content\/uploads\/2024\/07\/e2753e96-86da-4623-8b53-7a2aac8869dd-461x1024.jpg 461w, https:\/\/viuresobrerodes.cat\/wp-content\/uploads\/2024\/07\/e2753e96-86da-4623-8b53-7a2aac8869dd-135x300.jpg 135w, https:\/\/viuresobrerodes.cat\/wp-content\/uploads\/2024\/07\/e2753e96-86da-4623-8b53-7a2aac8869dd-692x1536.jpg 692w, https:\/\/viuresobrerodes.cat\/wp-content\/uploads\/2024\/07\/e2753e96-86da-4623-8b53-7a2aac8869dd.jpg 721w\" sizes=\"auto, (max-width: 461px) 100vw, 461px\" \/><\/figure>\n<\/div><\/div>\n<\/div>\n\n\n\n<p>La pr\u00f2xima vegada que hi anem portarem algun conte \ud83d\udcd7\ud83d\udcd8 per deixar-lo a la biblioteca que hi ha, i que puguin renovar-los \ud83d\udc81\ud83c\udffb\u200d\u2640\ufe0f.<\/p>\n\n\n\n<div class=\"wp-block-columns is-layout-flex wp-container-core-columns-is-layout-9d6595d7 wp-block-columns-is-layout-flex\">\n<div class=\"wp-block-column is-layout-flow wp-block-column-is-layout-flow\"><div class=\"wp-block-image\">\n<figure class=\"aligncenter size-large is-resized\"><img loading=\"lazy\" decoding=\"async\" width=\"461\" height=\"1024\" src=\"https:\/\/viuresobrerodes.cat\/wp-content\/uploads\/2024\/07\/a96746c7-ef70-4b47-8344-e84b6a0e0fe2-461x1024.jpg\" alt=\"\" class=\"wp-image-1866\" style=\"width:262px;height:auto\" srcset=\"https:\/\/viuresobrerodes.cat\/wp-content\/uploads\/2024\/07\/a96746c7-ef70-4b47-8344-e84b6a0e0fe2-461x1024.jpg 461w, https:\/\/viuresobrerodes.cat\/wp-content\/uploads\/2024\/07\/a96746c7-ef70-4b47-8344-e84b6a0e0fe2-135x300.jpg 135w, https:\/\/viuresobrerodes.cat\/wp-content\/uploads\/2024\/07\/a96746c7-ef70-4b47-8344-e84b6a0e0fe2-692x1536.jpg 692w, https:\/\/viuresobrerodes.cat\/wp-content\/uploads\/2024\/07\/a96746c7-ef70-4b47-8344-e84b6a0e0fe2.jpg 721w\" sizes=\"auto, (max-width: 461px) 100vw, 461px\" \/><\/figure>\n<\/div><\/div>\n\n\n\n<div class=\"wp-block-column is-layout-flow wp-block-column-is-layout-flow\"><div class=\"wp-block-image\">\n<figure class=\"aligncenter size-large is-resized\"><img loading=\"lazy\" decoding=\"async\" width=\"462\" height=\"1024\" src=\"https:\/\/viuresobrerodes.cat\/wp-content\/uploads\/2024\/07\/879ee01b-d6c1-4e36-82bc-0d0ae357c034-462x1024.jpg\" alt=\"\" class=\"wp-image-1867\" style=\"width:262px;height:auto\" srcset=\"https:\/\/viuresobrerodes.cat\/wp-content\/uploads\/2024\/07\/879ee01b-d6c1-4e36-82bc-0d0ae357c034-462x1024.jpg 462w, https:\/\/viuresobrerodes.cat\/wp-content\/uploads\/2024\/07\/879ee01b-d6c1-4e36-82bc-0d0ae357c034-135x300.jpg 135w, https:\/\/viuresobrerodes.cat\/wp-content\/uploads\/2024\/07\/879ee01b-d6c1-4e36-82bc-0d0ae357c034-768x1703.jpg 768w, https:\/\/viuresobrerodes.cat\/wp-content\/uploads\/2024\/07\/879ee01b-d6c1-4e36-82bc-0d0ae357c034-693x1536.jpg 693w, https:\/\/viuresobrerodes.cat\/wp-content\/uploads\/2024\/07\/879ee01b-d6c1-4e36-82bc-0d0ae357c034.jpg 920w\" sizes=\"auto, (max-width: 462px) 100vw, 462px\" \/><\/figure>\n<\/div><\/div>\n<\/div>\n\n\n\n<p>Din\u00e0rem a l&#8217;\u00e0rea, per\u00f2 dins de l&#8217;autocaravana \ud83d\ude90, ja que nom\u00e9s hi ha una taula de fusta, just al mig, on no toca l&#8217;ombra dels arbres.<\/p>\n\n\n<div class=\"wp-block-image\">\n<figure class=\"aligncenter size-large is-resized\"><img loading=\"lazy\" decoding=\"async\" width=\"1024\" height=\"462\" src=\"https:\/\/viuresobrerodes.cat\/wp-content\/uploads\/2024\/07\/6c060191-f931-48af-9ac2-1c7420ad41c8-1024x462.jpg\" alt=\"\" class=\"wp-image-1868\" style=\"width:658px;height:auto\" srcset=\"https:\/\/viuresobrerodes.cat\/wp-content\/uploads\/2024\/07\/6c060191-f931-48af-9ac2-1c7420ad41c8-1024x462.jpg 1024w, https:\/\/viuresobrerodes.cat\/wp-content\/uploads\/2024\/07\/6c060191-f931-48af-9ac2-1c7420ad41c8-300x135.jpg 300w, https:\/\/viuresobrerodes.cat\/wp-content\/uploads\/2024\/07\/6c060191-f931-48af-9ac2-1c7420ad41c8-768x346.jpg 768w, https:\/\/viuresobrerodes.cat\/wp-content\/uploads\/2024\/07\/6c060191-f931-48af-9ac2-1c7420ad41c8-1536x693.jpg 1536w, https:\/\/viuresobrerodes.cat\/wp-content\/uploads\/2024\/07\/6c060191-f931-48af-9ac2-1c7420ad41c8-665x300.jpg 665w, https:\/\/viuresobrerodes.cat\/wp-content\/uploads\/2024\/07\/6c060191-f931-48af-9ac2-1c7420ad41c8.jpg 2040w\" sizes=\"auto, (max-width: 1024px) 100vw, 1024px\" \/><\/figure>\n<\/div>\n\n\n<p>Una vegada dinats i tot recollit, an\u00e0rem a comprar \ud83d\uded2, i a seguir cam\u00ed cap a<strong> Pont de Montanyana<\/strong>! Per\u00f2 pass\u00e0rem de llarg,\ud83d\udc81\ud83c\udffb\u200d\u2640\ufe0f<\/p>\n\n\n<div class=\"wp-block-image\">\n<figure class=\"aligncenter size-large is-resized\"><img loading=\"lazy\" decoding=\"async\" width=\"1024\" height=\"462\" src=\"https:\/\/viuresobrerodes.cat\/wp-content\/uploads\/2024\/07\/7dc55d53-8be6-435d-ac0a-10134a7141f1-1024x462.jpg\" alt=\"\" class=\"wp-image-1869\" style=\"width:658px;height:auto\" srcset=\"https:\/\/viuresobrerodes.cat\/wp-content\/uploads\/2024\/07\/7dc55d53-8be6-435d-ac0a-10134a7141f1-1024x462.jpg 1024w, https:\/\/viuresobrerodes.cat\/wp-content\/uploads\/2024\/07\/7dc55d53-8be6-435d-ac0a-10134a7141f1-300x135.jpg 300w, https:\/\/viuresobrerodes.cat\/wp-content\/uploads\/2024\/07\/7dc55d53-8be6-435d-ac0a-10134a7141f1-768x346.jpg 768w, https:\/\/viuresobrerodes.cat\/wp-content\/uploads\/2024\/07\/7dc55d53-8be6-435d-ac0a-10134a7141f1-1536x693.jpg 1536w, https:\/\/viuresobrerodes.cat\/wp-content\/uploads\/2024\/07\/7dc55d53-8be6-435d-ac0a-10134a7141f1-665x300.jpg 665w, https:\/\/viuresobrerodes.cat\/wp-content\/uploads\/2024\/07\/7dc55d53-8be6-435d-ac0a-10134a7141f1.jpg 2040w\" sizes=\"auto, (max-width: 1024px) 100vw, 1024px\" \/><\/figure>\n<\/div>\n\n\n<p>l&#8217;A \ud83d\udc67 dormia \ud83d\ude34 i continu\u00e0rem fins a <strong><a href=\"https:\/\/visitaelpontdesuert.com\/\">Pont de Suert<\/a><\/strong>, al carrer del Salencar, un <strong><a href=\"https:\/\/park4night.com\/es\/place\/57256\">p\u00e0rquing d&#8217;autocaravanes<\/a><\/strong> molt ben situat.<\/p>\n\n\n<div class=\"wp-block-image\">\n<figure class=\"aligncenter size-large is-resized\"><img loading=\"lazy\" decoding=\"async\" width=\"1024\" height=\"462\" src=\"https:\/\/viuresobrerodes.cat\/wp-content\/uploads\/2024\/07\/43750829-a292-4540-8dcc-c3deccbec4a9-1024x462.jpg\" alt=\"\" class=\"wp-image-1875\" style=\"width:660px;height:auto\" srcset=\"https:\/\/viuresobrerodes.cat\/wp-content\/uploads\/2024\/07\/43750829-a292-4540-8dcc-c3deccbec4a9-1024x462.jpg 1024w, https:\/\/viuresobrerodes.cat\/wp-content\/uploads\/2024\/07\/43750829-a292-4540-8dcc-c3deccbec4a9-300x135.jpg 300w, https:\/\/viuresobrerodes.cat\/wp-content\/uploads\/2024\/07\/43750829-a292-4540-8dcc-c3deccbec4a9-768x346.jpg 768w, https:\/\/viuresobrerodes.cat\/wp-content\/uploads\/2024\/07\/43750829-a292-4540-8dcc-c3deccbec4a9-1536x693.jpg 1536w, https:\/\/viuresobrerodes.cat\/wp-content\/uploads\/2024\/07\/43750829-a292-4540-8dcc-c3deccbec4a9-665x300.jpg 665w, https:\/\/viuresobrerodes.cat\/wp-content\/uploads\/2024\/07\/43750829-a292-4540-8dcc-c3deccbec4a9.jpg 2040w\" sizes=\"auto, (max-width: 1024px) 100vw, 1024px\" \/><\/figure>\n<\/div>\n\n\n<p>An\u00e0rem a <strong><a href=\"https:\/\/www.instagram.com\/p\/C-AOO3NMGxJ\/\">fer un volt pel poble<\/a><\/strong> \ud83d\udeb6\u200d\u2640\ufe0f\ud83d\udeb6\u200d\u2640\ufe0f\ud83d\udeb6\u200d\u2642\ufe0f.<\/p>\n\n\n<div class=\"wp-block-image\">\n<figure class=\"aligncenter size-large is-resized\"><img loading=\"lazy\" decoding=\"async\" width=\"462\" height=\"1024\" src=\"https:\/\/viuresobrerodes.cat\/wp-content\/uploads\/2024\/07\/a985773d-91a3-4986-980e-e9db4784a648-462x1024.jpg\" alt=\"\" class=\"wp-image-1870\" style=\"width:262px;height:auto\" srcset=\"https:\/\/viuresobrerodes.cat\/wp-content\/uploads\/2024\/07\/a985773d-91a3-4986-980e-e9db4784a648-462x1024.jpg 462w, https:\/\/viuresobrerodes.cat\/wp-content\/uploads\/2024\/07\/a985773d-91a3-4986-980e-e9db4784a648-135x300.jpg 135w, https:\/\/viuresobrerodes.cat\/wp-content\/uploads\/2024\/07\/a985773d-91a3-4986-980e-e9db4784a648-768x1703.jpg 768w, https:\/\/viuresobrerodes.cat\/wp-content\/uploads\/2024\/07\/a985773d-91a3-4986-980e-e9db4784a648-693x1536.jpg 693w, https:\/\/viuresobrerodes.cat\/wp-content\/uploads\/2024\/07\/a985773d-91a3-4986-980e-e9db4784a648.jpg 920w\" sizes=\"auto, (max-width: 462px) 100vw, 462px\" \/><\/figure>\n<\/div>\n\n\n<p>Un senyor \ud83d\udc68\u200d\ud83e\uddb3 ens va indicar els carrers amb m\u00e9s hist\u00f2ria del poble \ud83c\udfd8, carrers ombr\u00edvols i carrerons foscos medievals, amb porxos on s&#8217;estava fresquet. A l&#8217;A \ud83d\udc67 li van agradar, tot i que &#8220;no per viure-hi ella, massa vells&#8221;\ud83e\udd2d. <\/p>\n\n\n\n<div class=\"wp-block-columns is-layout-flex wp-container-core-columns-is-layout-9d6595d7 wp-block-columns-is-layout-flex\">\n<div class=\"wp-block-column is-layout-flow wp-block-column-is-layout-flow\"><div class=\"wp-block-image\">\n<figure class=\"aligncenter size-large is-resized\"><img loading=\"lazy\" decoding=\"async\" width=\"462\" height=\"1024\" src=\"https:\/\/viuresobrerodes.cat\/wp-content\/uploads\/2024\/07\/1cfba5fb-7a7b-47eb-95f7-b4730d60cd4c-462x1024.jpg\" alt=\"\" class=\"wp-image-1871\" style=\"width:266px;height:auto\" srcset=\"https:\/\/viuresobrerodes.cat\/wp-content\/uploads\/2024\/07\/1cfba5fb-7a7b-47eb-95f7-b4730d60cd4c-462x1024.jpg 462w, https:\/\/viuresobrerodes.cat\/wp-content\/uploads\/2024\/07\/1cfba5fb-7a7b-47eb-95f7-b4730d60cd4c-135x300.jpg 135w, https:\/\/viuresobrerodes.cat\/wp-content\/uploads\/2024\/07\/1cfba5fb-7a7b-47eb-95f7-b4730d60cd4c-768x1703.jpg 768w, https:\/\/viuresobrerodes.cat\/wp-content\/uploads\/2024\/07\/1cfba5fb-7a7b-47eb-95f7-b4730d60cd4c-693x1536.jpg 693w, https:\/\/viuresobrerodes.cat\/wp-content\/uploads\/2024\/07\/1cfba5fb-7a7b-47eb-95f7-b4730d60cd4c.jpg 920w\" sizes=\"auto, (max-width: 462px) 100vw, 462px\" \/><\/figure>\n<\/div><\/div>\n\n\n\n<div class=\"wp-block-column is-layout-flow wp-block-column-is-layout-flow\"><div class=\"wp-block-image\">\n<figure class=\"aligncenter size-large is-resized\"><img loading=\"lazy\" decoding=\"async\" width=\"462\" height=\"1024\" src=\"https:\/\/viuresobrerodes.cat\/wp-content\/uploads\/2024\/07\/b5a78fd6-d740-4c94-9d57-4f987d6ffd4e-462x1024.jpg\" alt=\"\" class=\"wp-image-1872\" style=\"width:267px;height:auto\" srcset=\"https:\/\/viuresobrerodes.cat\/wp-content\/uploads\/2024\/07\/b5a78fd6-d740-4c94-9d57-4f987d6ffd4e-462x1024.jpg 462w, https:\/\/viuresobrerodes.cat\/wp-content\/uploads\/2024\/07\/b5a78fd6-d740-4c94-9d57-4f987d6ffd4e-135x300.jpg 135w, https:\/\/viuresobrerodes.cat\/wp-content\/uploads\/2024\/07\/b5a78fd6-d740-4c94-9d57-4f987d6ffd4e-768x1703.jpg 768w, https:\/\/viuresobrerodes.cat\/wp-content\/uploads\/2024\/07\/b5a78fd6-d740-4c94-9d57-4f987d6ffd4e-693x1536.jpg 693w, https:\/\/viuresobrerodes.cat\/wp-content\/uploads\/2024\/07\/b5a78fd6-d740-4c94-9d57-4f987d6ffd4e.jpg 920w\" sizes=\"auto, (max-width: 462px) 100vw, 462px\" \/><\/figure>\n<\/div><\/div>\n<\/div>\n\n\n<div class=\"wp-block-image\">\n<figure class=\"aligncenter size-large is-resized\"><img loading=\"lazy\" decoding=\"async\" width=\"1024\" height=\"462\" src=\"https:\/\/viuresobrerodes.cat\/wp-content\/uploads\/2024\/07\/ba67b40f-ddde-4d84-8ad4-a2e52e0a9896-1-1024x462.jpg\" alt=\"\" class=\"wp-image-1874\" style=\"width:683px;height:auto\" srcset=\"https:\/\/viuresobrerodes.cat\/wp-content\/uploads\/2024\/07\/ba67b40f-ddde-4d84-8ad4-a2e52e0a9896-1-1024x462.jpg 1024w, https:\/\/viuresobrerodes.cat\/wp-content\/uploads\/2024\/07\/ba67b40f-ddde-4d84-8ad4-a2e52e0a9896-1-300x135.jpg 300w, https:\/\/viuresobrerodes.cat\/wp-content\/uploads\/2024\/07\/ba67b40f-ddde-4d84-8ad4-a2e52e0a9896-1-768x346.jpg 768w, https:\/\/viuresobrerodes.cat\/wp-content\/uploads\/2024\/07\/ba67b40f-ddde-4d84-8ad4-a2e52e0a9896-1-1536x693.jpg 1536w, https:\/\/viuresobrerodes.cat\/wp-content\/uploads\/2024\/07\/ba67b40f-ddde-4d84-8ad4-a2e52e0a9896-1-665x300.jpg 665w, https:\/\/viuresobrerodes.cat\/wp-content\/uploads\/2024\/07\/ba67b40f-ddde-4d84-8ad4-a2e52e0a9896-1.jpg 2040w\" sizes=\"auto, (max-width: 1024px) 100vw, 1024px\" \/><\/figure>\n<\/div>\n\n\n<p>Els els vam rec\u00f3rrer\ud83d\udeb6\u200d\u2640\ufe0f\ud83d\udeb6\u200d\u2640\ufe0f\ud83d\udeb6\u200d\u2642\ufe0f, vam fer un refresc a la Pla\u00e7a Major \ud83c\udf79\ud83c\udf7bi cap a la Mussi \ud83d\ude90. L&#8217;endem\u00e0 veur\u00edem m\u00e9s coses, ja que ens hav\u00edem de quedar un parell de dies, fins dilluns. Una vegada esmorzats, ens va passar el mat\u00ed volant, torn\u00e0rem a recorrer el poble \ud83d\ude0d\ud83d\ude0d.<\/p>\n\n\n\n<div class=\"wp-block-columns is-layout-flex wp-container-core-columns-is-layout-9d6595d7 wp-block-columns-is-layout-flex\">\n<div class=\"wp-block-column is-layout-flow wp-block-column-is-layout-flow\"><div class=\"wp-block-image\">\n<figure class=\"aligncenter size-large is-resized\"><img loading=\"lazy\" decoding=\"async\" width=\"461\" height=\"1024\" src=\"https:\/\/viuresobrerodes.cat\/wp-content\/uploads\/2024\/07\/67e28d2d-4ac1-406d-b535-4b64cb0000d7-461x1024.jpg\" alt=\"\" class=\"wp-image-1876\" style=\"width:248px;height:auto\" srcset=\"https:\/\/viuresobrerodes.cat\/wp-content\/uploads\/2024\/07\/67e28d2d-4ac1-406d-b535-4b64cb0000d7-461x1024.jpg 461w, https:\/\/viuresobrerodes.cat\/wp-content\/uploads\/2024\/07\/67e28d2d-4ac1-406d-b535-4b64cb0000d7-135x300.jpg 135w, https:\/\/viuresobrerodes.cat\/wp-content\/uploads\/2024\/07\/67e28d2d-4ac1-406d-b535-4b64cb0000d7-692x1536.jpg 692w, https:\/\/viuresobrerodes.cat\/wp-content\/uploads\/2024\/07\/67e28d2d-4ac1-406d-b535-4b64cb0000d7.jpg 721w\" sizes=\"auto, (max-width: 461px) 100vw, 461px\" \/><\/figure>\n<\/div><\/div>\n\n\n\n<div class=\"wp-block-column is-layout-flow wp-block-column-is-layout-flow\"><div class=\"wp-block-image\">\n<figure class=\"aligncenter size-full is-resized\"><img loading=\"lazy\" decoding=\"async\" width=\"241\" height=\"438\" src=\"https:\/\/viuresobrerodes.cat\/wp-content\/uploads\/2024\/07\/2-1.png\" alt=\"\" class=\"wp-image-1877\" style=\"width:304px;height:auto\" srcset=\"https:\/\/viuresobrerodes.cat\/wp-content\/uploads\/2024\/07\/2-1.png 241w, https:\/\/viuresobrerodes.cat\/wp-content\/uploads\/2024\/07\/2-1-165x300.png 165w\" sizes=\"auto, (max-width: 241px) 100vw, 241px\" \/><\/figure>\n<\/div><\/div>\n<\/div>\n\n\n\n<p><strong><mark style=\"background-color:rgba(0, 0, 0, 0)\" class=\"has-inline-color has-vivid-red-color\">Una cosa important<\/mark><\/strong> que hem apr\u00e8s, \u00e9s que s&#8217;ha de portar <strong><mark style=\"background-color:rgba(0, 0, 0, 0)\" class=\"has-inline-color has-vivid-red-color\">pomada per a les cremades<\/mark><\/strong>, encara que nom\u00e9s la fem servir un cop i se&#8217;ns caduqui. Em vaig fer una cremada cuinant i no en tenia \ud83d\ude22, i a <strong>Pont de Suert<\/strong> no hi havia farm\u00e0cia de gu\u00e0rdia per comprar-ne \ud83e\udd26\u200d\u2640\ufe0f. An\u00e0rem a un parell de restaurants, per si en tenien\u2026 per\u00f2 tampoc\ud83e\udd26\u200d\u2640\ufe0f.<\/p>\n\n\n\n<p>Sort\u00edrem al mat\u00ed \ud83d\ude90 per tornar a anar al <strong><a href=\"https:\/\/viuresobrerodes.cat\/?p=315\">Pla de Beret<\/a><\/strong>, aquest cop nom\u00e9s va ser per dinar \ud83c\udf7d. Els cavalls \ud83d\udc0e\ud83d\udc0e, primer pass\u00e0rem nosaltres pel seu costat a la carretera, i despr\u00e9s quan din\u00e0vem, passaren ells pel costat de la Mussi \ud83d\udc0e\ud83d\udc0e\ud83d\ude90\ud83d\udc0e.<\/p>\n\n\n\n<div class=\"wp-block-columns is-layout-flex wp-container-core-columns-is-layout-9d6595d7 wp-block-columns-is-layout-flex\">\n<div class=\"wp-block-column is-layout-flow wp-block-column-is-layout-flow\"><div class=\"wp-block-image\">\n<figure class=\"aligncenter size-full is-resized\"><img loading=\"lazy\" decoding=\"async\" width=\"245\" height=\"444\" src=\"https:\/\/viuresobrerodes.cat\/wp-content\/uploads\/2024\/07\/1-1.png\" alt=\"\" class=\"wp-image-1879\" style=\"width:293px;height:auto\" srcset=\"https:\/\/viuresobrerodes.cat\/wp-content\/uploads\/2024\/07\/1-1.png 245w, https:\/\/viuresobrerodes.cat\/wp-content\/uploads\/2024\/07\/1-1-166x300.png 166w\" sizes=\"auto, (max-width: 245px) 100vw, 245px\" \/><\/figure>\n<\/div><\/div>\n\n\n\n<div class=\"wp-block-column is-layout-flow wp-block-column-is-layout-flow\"><div class=\"wp-block-image\">\n<figure class=\"aligncenter size-full is-resized\"><img loading=\"lazy\" decoding=\"async\" width=\"251\" height=\"447\" src=\"https:\/\/viuresobrerodes.cat\/wp-content\/uploads\/2024\/07\/2-2.png\" alt=\"\" class=\"wp-image-1880\" style=\"width:298px;height:auto\" srcset=\"https:\/\/viuresobrerodes.cat\/wp-content\/uploads\/2024\/07\/2-2.png 251w, https:\/\/viuresobrerodes.cat\/wp-content\/uploads\/2024\/07\/2-2-168x300.png 168w\" sizes=\"auto, (max-width: 251px) 100vw, 251px\" \/><\/figure>\n<\/div><\/div>\n<\/div>\n\n\n\n<p>A la tarda, ten\u00edem previst anar a <strong><a href=\"https:\/\/www.nautaran.org\/ca\/naut-aran\/tredos\/\">Tred\u00f2s<\/a><\/strong>, a seguir \ud83d\udeb6\u200d\u2640\ufe0f\ud83d\udeb6\u200d\u2642\ufe0f\ud83c\udfc3\u200d\u2640\ufe0f <strong><a href=\"https:\/\/aranmap.com\/camin-dera-bruisha-tredos\/\">el cam\u00ed de les bruixes<\/a><\/strong>\ud83e\uddd9\u200d\u2640\ufe0f .<\/p>\n\n\n\n<div class=\"wp-block-columns is-layout-flex wp-container-core-columns-is-layout-9d6595d7 wp-block-columns-is-layout-flex\">\n<div class=\"wp-block-column is-layout-flow wp-block-column-is-layout-flow\"><div class=\"wp-block-image\">\n<figure class=\"aligncenter size-large is-resized\"><img loading=\"lazy\" decoding=\"async\" width=\"771\" height=\"1024\" src=\"https:\/\/viuresobrerodes.cat\/wp-content\/uploads\/2024\/07\/c5de1e1a-9096-4d94-8c88-ff1f097167dd-771x1024.jpg\" alt=\"\" class=\"wp-image-1881\" style=\"width:327px;height:auto\" srcset=\"https:\/\/viuresobrerodes.cat\/wp-content\/uploads\/2024\/07\/c5de1e1a-9096-4d94-8c88-ff1f097167dd-771x1024.jpg 771w, https:\/\/viuresobrerodes.cat\/wp-content\/uploads\/2024\/07\/c5de1e1a-9096-4d94-8c88-ff1f097167dd-226x300.jpg 226w, https:\/\/viuresobrerodes.cat\/wp-content\/uploads\/2024\/07\/c5de1e1a-9096-4d94-8c88-ff1f097167dd-768x1021.jpg 768w, https:\/\/viuresobrerodes.cat\/wp-content\/uploads\/2024\/07\/c5de1e1a-9096-4d94-8c88-ff1f097167dd-1156x1536.jpg 1156w, https:\/\/viuresobrerodes.cat\/wp-content\/uploads\/2024\/07\/c5de1e1a-9096-4d94-8c88-ff1f097167dd.jpg 1204w\" sizes=\"auto, (max-width: 771px) 100vw, 771px\" \/><\/figure>\n<\/div><\/div>\n\n\n\n<div class=\"wp-block-column is-layout-flow wp-block-column-is-layout-flow\"><div class=\"wp-block-image\">\n<figure class=\"aligncenter size-large is-resized\"><img loading=\"lazy\" decoding=\"async\" width=\"461\" height=\"1024\" src=\"https:\/\/viuresobrerodes.cat\/wp-content\/uploads\/2024\/07\/6acd5a96-e65a-4a33-8a6b-fbae586d3378-461x1024.jpg\" alt=\"\" class=\"wp-image-1882\" style=\"width:198px;height:auto\" srcset=\"https:\/\/viuresobrerodes.cat\/wp-content\/uploads\/2024\/07\/6acd5a96-e65a-4a33-8a6b-fbae586d3378-461x1024.jpg 461w, https:\/\/viuresobrerodes.cat\/wp-content\/uploads\/2024\/07\/6acd5a96-e65a-4a33-8a6b-fbae586d3378-135x300.jpg 135w, https:\/\/viuresobrerodes.cat\/wp-content\/uploads\/2024\/07\/6acd5a96-e65a-4a33-8a6b-fbae586d3378-692x1536.jpg 692w, https:\/\/viuresobrerodes.cat\/wp-content\/uploads\/2024\/07\/6acd5a96-e65a-4a33-8a6b-fbae586d3378.jpg 721w\" sizes=\"auto, (max-width: 461px) 100vw, 461px\" \/><\/figure>\n<\/div><\/div>\n<\/div>\n\n\n<div class=\"wp-block-image\">\n<figure class=\"aligncenter size-large is-resized\"><img loading=\"lazy\" decoding=\"async\" width=\"1024\" height=\"461\" src=\"https:\/\/viuresobrerodes.cat\/wp-content\/uploads\/2024\/07\/2532bb71-70d8-452c-a459-ba0a53e76bac-1024x461.jpg\" alt=\"\" class=\"wp-image-1883\" style=\"width:688px;height:auto\" srcset=\"https:\/\/viuresobrerodes.cat\/wp-content\/uploads\/2024\/07\/2532bb71-70d8-452c-a459-ba0a53e76bac-1024x461.jpg 1024w, https:\/\/viuresobrerodes.cat\/wp-content\/uploads\/2024\/07\/2532bb71-70d8-452c-a459-ba0a53e76bac-300x135.jpg 300w, https:\/\/viuresobrerodes.cat\/wp-content\/uploads\/2024\/07\/2532bb71-70d8-452c-a459-ba0a53e76bac-768x346.jpg 768w, https:\/\/viuresobrerodes.cat\/wp-content\/uploads\/2024\/07\/2532bb71-70d8-452c-a459-ba0a53e76bac-1536x692.jpg 1536w, https:\/\/viuresobrerodes.cat\/wp-content\/uploads\/2024\/07\/2532bb71-70d8-452c-a459-ba0a53e76bac-666x300.jpg 666w, https:\/\/viuresobrerodes.cat\/wp-content\/uploads\/2024\/07\/2532bb71-70d8-452c-a459-ba0a53e76bac.jpg 1600w\" sizes=\"auto, (max-width: 1024px) 100vw, 1024px\" \/><\/figure>\n<\/div>\n\n\n<p><strong><a href=\"https:\/\/www.instagram.com\/p\/C-AVf6SMy8X\/\">Un cam\u00ed dins d&#8217;un bosc<\/a><\/strong>, en el que ens n&#8217;an\u00e0vem introduint en el m\u00f3n de les bruixes \ud83e\uddd9\u200d\u2640\ufe0f&#8230; l&#8217;escombra, la casa, l&#8217;olla fins i tot ta\u00fcts&#8230; tot molt &#8220;Inquietant&#8221; i gronxadors.! Ens va agradar molt, i a l&#8217;A \ud83d\udc67, m\u00e9s encara. Per les criatures \u00e9s tota una aventura!<\/p>\n\n\n<div class=\"wp-block-image\">\n<figure class=\"aligncenter size-large is-resized\"><img loading=\"lazy\" decoding=\"async\" width=\"1024\" height=\"461\" src=\"https:\/\/viuresobrerodes.cat\/wp-content\/uploads\/2024\/07\/593d78e6-bb25-4d8a-8f15-0a9d1ad931f5-1024x461.jpg\" alt=\"\" class=\"wp-image-1885\" style=\"width:691px;height:auto\" srcset=\"https:\/\/viuresobrerodes.cat\/wp-content\/uploads\/2024\/07\/593d78e6-bb25-4d8a-8f15-0a9d1ad931f5-1024x461.jpg 1024w, https:\/\/viuresobrerodes.cat\/wp-content\/uploads\/2024\/07\/593d78e6-bb25-4d8a-8f15-0a9d1ad931f5-300x135.jpg 300w, https:\/\/viuresobrerodes.cat\/wp-content\/uploads\/2024\/07\/593d78e6-bb25-4d8a-8f15-0a9d1ad931f5-768x346.jpg 768w, https:\/\/viuresobrerodes.cat\/wp-content\/uploads\/2024\/07\/593d78e6-bb25-4d8a-8f15-0a9d1ad931f5-1536x692.jpg 1536w, https:\/\/viuresobrerodes.cat\/wp-content\/uploads\/2024\/07\/593d78e6-bb25-4d8a-8f15-0a9d1ad931f5-666x300.jpg 666w, https:\/\/viuresobrerodes.cat\/wp-content\/uploads\/2024\/07\/593d78e6-bb25-4d8a-8f15-0a9d1ad931f5.jpg 1600w\" sizes=\"auto, (max-width: 1024px) 100vw, 1024px\" \/><\/figure>\n<\/div>\n\n\n<p>Tot seguit enfil\u00e0rem el <strong><a href=\"https:\/\/www.lleida.com\/port\/port-de-la-bonaigua\">Port de la Bonaigua<\/a><\/strong> \ud83d\ude90. Busc\u00e0rem una \u00e0rea d&#8217;autocaravanes, ja que an\u00e0vem plens d&#8217;aig\u00fces grises \ud83d\udebf i negres \ud83d\udebd i buits d&#8217;aigua potable \ud83d\udeb0. Par\u00e0rem a<a href=\"https:\/\/turisme.pallarssobira.cat\/descobreix\/els-municipis\/rialp\/\"> <strong>Rialp<\/strong><\/a>. Sop\u00e0rem \ud83c\udf55al poble, a la <strong><a href=\"https:\/\/es.restaurantguru.com\/Gall-Fer-Rialp\">Pizzeria Gall Fer<\/a><\/strong>.<\/p>\n\n\n\n<p>A l&#8217;<strong><a href=\"https:\/\/www.rialp.cat\/el-municipi\/espai-per-autocaravanes\">\u00e0rea d&#8217;autocaravanes de Rialp<\/a><\/strong>, l&#8217;A\ud83d\udc67 va fer un amiguet, l&#8217;Odei \ud83d\udc69 de deu anys. Van estar jugant \ud83c\udff8al mat\u00ed una estona abans de marxar ells, (una fam\u00edlia basca \ud83d\udc68\u200d\ud83d\udc69\u200d\ud83d\udc66\u200d\ud83d\udc66 molt agradable que tamb\u00e9 tenen <strong><a href=\"https:\/\/www.instagram.com\/reel\/C9409CvoTfe\/?utm_source=ig_web_copy_link\">compte a Instagram<\/a><\/strong>) i nosaltres. L&#8217;\u00e0rea \ud83d\ude90 est\u00e0 for\u00e7a b\u00e9, encara que no pogu\u00e9rem llen\u00e7ar les escombraries\ud83d\ude22, no hi ha contenidors\ud83e\udd26\u200d\u2640\ufe0f\u2026 o no els vam saber trobar. I au, \ud83d\ude90 carretera i manta cap al <strong>Port del Cant\u00f3<\/strong>, que ens va portar a la <strong>Seu d&#8217;Urgell<\/strong> a comprar \ud83d\uded2per omplir el rebost.<\/p>\n\n\n\n<p>Din\u00e0rem \ud83c\udf7d a una parada de descans de la carretera i superb\u00e9, taules i seients de pedra, ombra, contenidor d&#8217;escombraries\u2026 La mar de b\u00e9 \ud83d\udc4f\ud83d\udc4f.<\/p>\n\n\n\n<div class=\"wp-block-columns is-layout-flex wp-container-core-columns-is-layout-9d6595d7 wp-block-columns-is-layout-flex\">\n<div class=\"wp-block-column is-layout-flow wp-block-column-is-layout-flow\" style=\"flex-basis:33.33%\">\n<figure class=\"wp-block-image size-full is-resized\"><img loading=\"lazy\" decoding=\"async\" width=\"256\" height=\"452\" src=\"https:\/\/viuresobrerodes.cat\/wp-content\/uploads\/2024\/07\/1-2.png\" alt=\"\" class=\"wp-image-1889\" style=\"width:192px;height:auto\" srcset=\"https:\/\/viuresobrerodes.cat\/wp-content\/uploads\/2024\/07\/1-2.png 256w, https:\/\/viuresobrerodes.cat\/wp-content\/uploads\/2024\/07\/1-2-170x300.png 170w\" sizes=\"auto, (max-width: 256px) 100vw, 256px\" \/><\/figure>\n<\/div>\n\n\n\n<div class=\"wp-block-column is-layout-flow wp-block-column-is-layout-flow\" style=\"flex-basis:66.66%\"><div class=\"wp-block-image\">\n<figure class=\"alignleft size-large is-resized\"><img loading=\"lazy\" decoding=\"async\" width=\"1024\" height=\"462\" src=\"https:\/\/viuresobrerodes.cat\/wp-content\/uploads\/2024\/07\/9d075ec0-380a-491f-87bd-19e0df1bb4f4-1024x462.jpg\" alt=\"\" class=\"wp-image-1890\" style=\"width:605px;height:auto\" srcset=\"https:\/\/viuresobrerodes.cat\/wp-content\/uploads\/2024\/07\/9d075ec0-380a-491f-87bd-19e0df1bb4f4-1024x462.jpg 1024w, https:\/\/viuresobrerodes.cat\/wp-content\/uploads\/2024\/07\/9d075ec0-380a-491f-87bd-19e0df1bb4f4-300x135.jpg 300w, https:\/\/viuresobrerodes.cat\/wp-content\/uploads\/2024\/07\/9d075ec0-380a-491f-87bd-19e0df1bb4f4-768x346.jpg 768w, https:\/\/viuresobrerodes.cat\/wp-content\/uploads\/2024\/07\/9d075ec0-380a-491f-87bd-19e0df1bb4f4-1536x693.jpg 1536w, https:\/\/viuresobrerodes.cat\/wp-content\/uploads\/2024\/07\/9d075ec0-380a-491f-87bd-19e0df1bb4f4-665x300.jpg 665w, https:\/\/viuresobrerodes.cat\/wp-content\/uploads\/2024\/07\/9d075ec0-380a-491f-87bd-19e0df1bb4f4.jpg 2040w\" sizes=\"auto, (max-width: 1024px) 100vw, 1024px\" \/><\/figure>\n<\/div><\/div>\n<\/div>\n\n\n\n<p>Continu\u00e0rem cam\u00ed \ud83d\ude90 cap a <strong>Puigcerd\u00e0<\/strong> i <strong><a href=\"https:\/\/www.saillagouse.com\/es\/saillagouse\">Sallagosa<\/a><\/strong>, on visit\u00e0rem els llacs \ud83c\udfc3\u200d\u2640\ufe0f\ud83d\udeb6\u200d\u2642\ufe0f\ud83d\udeb6\u200d\u2640\ufe0f<\/p>\n\n\n\n<div class=\"wp-block-columns is-layout-flex wp-container-core-columns-is-layout-9d6595d7 wp-block-columns-is-layout-flex\">\n<div class=\"wp-block-column is-layout-flow wp-block-column-is-layout-flow\"><div class=\"wp-block-image\">\n<figure class=\"aligncenter size-large is-resized\"><img loading=\"lazy\" decoding=\"async\" width=\"1024\" height=\"462\" src=\"https:\/\/viuresobrerodes.cat\/wp-content\/uploads\/2024\/07\/8d38b601-c0e5-4bfd-afb1-fe5af35d82ae-1024x462.jpg\" alt=\"\" class=\"wp-image-1893\" style=\"width:718px;height:auto\" srcset=\"https:\/\/viuresobrerodes.cat\/wp-content\/uploads\/2024\/07\/8d38b601-c0e5-4bfd-afb1-fe5af35d82ae-1024x462.jpg 1024w, https:\/\/viuresobrerodes.cat\/wp-content\/uploads\/2024\/07\/8d38b601-c0e5-4bfd-afb1-fe5af35d82ae-300x135.jpg 300w, https:\/\/viuresobrerodes.cat\/wp-content\/uploads\/2024\/07\/8d38b601-c0e5-4bfd-afb1-fe5af35d82ae-768x346.jpg 768w, https:\/\/viuresobrerodes.cat\/wp-content\/uploads\/2024\/07\/8d38b601-c0e5-4bfd-afb1-fe5af35d82ae-1536x693.jpg 1536w, https:\/\/viuresobrerodes.cat\/wp-content\/uploads\/2024\/07\/8d38b601-c0e5-4bfd-afb1-fe5af35d82ae-665x300.jpg 665w, https:\/\/viuresobrerodes.cat\/wp-content\/uploads\/2024\/07\/8d38b601-c0e5-4bfd-afb1-fe5af35d82ae.jpg 2040w\" sizes=\"auto, (max-width: 1024px) 100vw, 1024px\" \/><\/figure>\n<\/div>\n\n<div class=\"wp-block-image\">\n<figure class=\"aligncenter size-large is-resized\"><img loading=\"lazy\" decoding=\"async\" width=\"1024\" height=\"462\" src=\"https:\/\/viuresobrerodes.cat\/wp-content\/uploads\/2024\/07\/5097dd46-4e84-4b70-a32a-5f71e1e9a512-1024x462.jpg\" alt=\"\" class=\"wp-image-1892\" style=\"width:726px;height:auto\" srcset=\"https:\/\/viuresobrerodes.cat\/wp-content\/uploads\/2024\/07\/5097dd46-4e84-4b70-a32a-5f71e1e9a512-1024x462.jpg 1024w, https:\/\/viuresobrerodes.cat\/wp-content\/uploads\/2024\/07\/5097dd46-4e84-4b70-a32a-5f71e1e9a512-300x135.jpg 300w, https:\/\/viuresobrerodes.cat\/wp-content\/uploads\/2024\/07\/5097dd46-4e84-4b70-a32a-5f71e1e9a512-768x346.jpg 768w, https:\/\/viuresobrerodes.cat\/wp-content\/uploads\/2024\/07\/5097dd46-4e84-4b70-a32a-5f71e1e9a512-1536x693.jpg 1536w, https:\/\/viuresobrerodes.cat\/wp-content\/uploads\/2024\/07\/5097dd46-4e84-4b70-a32a-5f71e1e9a512-665x300.jpg 665w, https:\/\/viuresobrerodes.cat\/wp-content\/uploads\/2024\/07\/5097dd46-4e84-4b70-a32a-5f71e1e9a512.jpg 2040w\" sizes=\"auto, (max-width: 1024px) 100vw, 1024px\" \/><\/figure>\n<\/div><\/div>\n<\/div>\n\n\n\n<p>Canvi\u00e0rem de lloc, perqu\u00e8 a <strong>l&#8217;\u00e0rea de Sallagosa<\/strong> no anaven b\u00e9 els serveis \ud83d\udebf\ud83d\udebd\ud83d\udeb0&#8230;\ud83e\udd26\u200d\u2640\ufe0f.<\/p>\n\n\n\n<p>En el <strong><a href=\"https:\/\/www.campercontact.com\/es\/francia\/occitania\/llo\/45418\/parking-de-llo\">p\u00e0rquing de Llo<\/a><\/strong>, no n&#8217;hi ha, per\u00f2 \u00e9s m\u00e9s maco \ud83d\udc81\u200d\u2640\ufe0f<\/p>\n\n\n<div class=\"wp-block-image\">\n<figure class=\"aligncenter size-large is-resized\"><img loading=\"lazy\" decoding=\"async\" width=\"1024\" height=\"462\" src=\"https:\/\/viuresobrerodes.cat\/wp-content\/uploads\/2024\/07\/a1c8b651-4f90-487c-9c76-8d10b6f89d0b-1024x462.jpg\" alt=\"\" class=\"wp-image-1895\" style=\"width:676px;height:auto\" srcset=\"https:\/\/viuresobrerodes.cat\/wp-content\/uploads\/2024\/07\/a1c8b651-4f90-487c-9c76-8d10b6f89d0b-1024x462.jpg 1024w, https:\/\/viuresobrerodes.cat\/wp-content\/uploads\/2024\/07\/a1c8b651-4f90-487c-9c76-8d10b6f89d0b-300x135.jpg 300w, https:\/\/viuresobrerodes.cat\/wp-content\/uploads\/2024\/07\/a1c8b651-4f90-487c-9c76-8d10b6f89d0b-768x346.jpg 768w, https:\/\/viuresobrerodes.cat\/wp-content\/uploads\/2024\/07\/a1c8b651-4f90-487c-9c76-8d10b6f89d0b-1536x693.jpg 1536w, https:\/\/viuresobrerodes.cat\/wp-content\/uploads\/2024\/07\/a1c8b651-4f90-487c-9c76-8d10b6f89d0b-665x300.jpg 665w, https:\/\/viuresobrerodes.cat\/wp-content\/uploads\/2024\/07\/a1c8b651-4f90-487c-9c76-8d10b6f89d0b.jpg 2040w\" sizes=\"auto, (max-width: 1024px) 100vw, 1024px\" \/><\/figure>\n<\/div>\n\n\n<p>i invita a fer un tomb, que no f\u00e9rem fins a l&#8217;endem\u00e0, ja que es va girar molt de vent i feia fred \ud83e\udd76. F\u00e9rem un petit passeig pel <strong><a href=\"https:\/\/ca.wikipedia.org\/wiki\/Llo\">poble<\/a><\/strong>\ud83d\udeb6\u200d\u2640\ufe0f\ud83d\udeb6\u200d\u2642\ufe0f\ud83d\udeb6\u200d\u2640\ufe0f , visit\u00e0rem el cementiri i ens qued\u00e0rem amb ganes d&#8217;entrar a l&#8217;esgl\u00e9sia, perqu\u00e8 estava tancada \ud83d\udc81\u200d\u2640\ufe0f.<\/p>\n\n\n<div class=\"wp-block-image\">\n<figure class=\"aligncenter size-large is-resized\"><img loading=\"lazy\" decoding=\"async\" width=\"1024\" height=\"462\" src=\"https:\/\/viuresobrerodes.cat\/wp-content\/uploads\/2024\/07\/e9f30c72-896c-49d0-ba14-bf124f10c954-1024x462.jpg\" alt=\"\" class=\"wp-image-1896\" style=\"width:672px;height:auto\" srcset=\"https:\/\/viuresobrerodes.cat\/wp-content\/uploads\/2024\/07\/e9f30c72-896c-49d0-ba14-bf124f10c954-1024x462.jpg 1024w, https:\/\/viuresobrerodes.cat\/wp-content\/uploads\/2024\/07\/e9f30c72-896c-49d0-ba14-bf124f10c954-300x135.jpg 300w, https:\/\/viuresobrerodes.cat\/wp-content\/uploads\/2024\/07\/e9f30c72-896c-49d0-ba14-bf124f10c954-768x346.jpg 768w, https:\/\/viuresobrerodes.cat\/wp-content\/uploads\/2024\/07\/e9f30c72-896c-49d0-ba14-bf124f10c954-1536x693.jpg 1536w, https:\/\/viuresobrerodes.cat\/wp-content\/uploads\/2024\/07\/e9f30c72-896c-49d0-ba14-bf124f10c954-665x300.jpg 665w, https:\/\/viuresobrerodes.cat\/wp-content\/uploads\/2024\/07\/e9f30c72-896c-49d0-ba14-bf124f10c954.jpg 2040w\" sizes=\"auto, (max-width: 1024px) 100vw, 1024px\" \/><\/figure>\n<\/div>\n\n\n<p><\/p>\n\n\n<div class=\"wp-block-image\">\n<figure class=\"aligncenter size-large is-resized\"><img loading=\"lazy\" decoding=\"async\" width=\"1024\" height=\"462\" src=\"https:\/\/viuresobrerodes.cat\/wp-content\/uploads\/2024\/07\/1d2b21c8-320b-4bfd-8d35-aee3c51c2df1-1024x462.jpg\" alt=\"\" class=\"wp-image-1897\" style=\"width:684px;height:auto\" srcset=\"https:\/\/viuresobrerodes.cat\/wp-content\/uploads\/2024\/07\/1d2b21c8-320b-4bfd-8d35-aee3c51c2df1-1024x462.jpg 1024w, https:\/\/viuresobrerodes.cat\/wp-content\/uploads\/2024\/07\/1d2b21c8-320b-4bfd-8d35-aee3c51c2df1-300x135.jpg 300w, https:\/\/viuresobrerodes.cat\/wp-content\/uploads\/2024\/07\/1d2b21c8-320b-4bfd-8d35-aee3c51c2df1-768x346.jpg 768w, https:\/\/viuresobrerodes.cat\/wp-content\/uploads\/2024\/07\/1d2b21c8-320b-4bfd-8d35-aee3c51c2df1-1536x693.jpg 1536w, https:\/\/viuresobrerodes.cat\/wp-content\/uploads\/2024\/07\/1d2b21c8-320b-4bfd-8d35-aee3c51c2df1-665x300.jpg 665w, https:\/\/viuresobrerodes.cat\/wp-content\/uploads\/2024\/07\/1d2b21c8-320b-4bfd-8d35-aee3c51c2df1.jpg 2040w\" sizes=\"auto, (max-width: 1024px) 100vw, 1024px\" \/><\/figure>\n<\/div>\n\n<div class=\"wp-block-image\">\n<figure class=\"aligncenter size-large is-resized\"><img loading=\"lazy\" decoding=\"async\" width=\"1024\" height=\"725\" src=\"https:\/\/viuresobrerodes.cat\/wp-content\/uploads\/2024\/07\/0bf8b8d7-ef22-4822-9b36-556e57f51b44-1024x725.jpg\" alt=\"\" class=\"wp-image-1898\" style=\"width:674px;height:auto\" srcset=\"https:\/\/viuresobrerodes.cat\/wp-content\/uploads\/2024\/07\/0bf8b8d7-ef22-4822-9b36-556e57f51b44-1024x725.jpg 1024w, https:\/\/viuresobrerodes.cat\/wp-content\/uploads\/2024\/07\/0bf8b8d7-ef22-4822-9b36-556e57f51b44-300x212.jpg 300w, https:\/\/viuresobrerodes.cat\/wp-content\/uploads\/2024\/07\/0bf8b8d7-ef22-4822-9b36-556e57f51b44-768x544.jpg 768w, https:\/\/viuresobrerodes.cat\/wp-content\/uploads\/2024\/07\/0bf8b8d7-ef22-4822-9b36-556e57f51b44-1536x1088.jpg 1536w, https:\/\/viuresobrerodes.cat\/wp-content\/uploads\/2024\/07\/0bf8b8d7-ef22-4822-9b36-556e57f51b44-424x300.jpg 424w, https:\/\/viuresobrerodes.cat\/wp-content\/uploads\/2024\/07\/0bf8b8d7-ef22-4822-9b36-556e57f51b44.jpg 2048w\" sizes=\"auto, (max-width: 1024px) 100vw, 1024px\" \/><\/figure>\n<\/div>\n\n\n<p>Torn\u00e0rem a la Mussi \ud83d\ude90 amb la intenci\u00f3 de dinar a prop del <strong><a href=\"https:\/\/www.camping-pyrenees-cerdagne.com\/es\/presentacion.html\">c\u00e0mping Las Asperas<\/a><\/strong> \ud83c\udfd5, pel fet que fins a les tres no pud\u00edem entrar. No vam haver d&#8217;esperar, din\u00e0rem a la parcel\u00b7la contractada\ud83d\ude0d (20\u20ac nit).<\/p>\n\n\n<div class=\"wp-block-image\">\n<figure class=\"aligncenter size-large is-resized\"><img loading=\"lazy\" decoding=\"async\" width=\"1024\" height=\"462\" src=\"https:\/\/viuresobrerodes.cat\/wp-content\/uploads\/2024\/07\/fe5d7922-71cb-4efb-a75e-3875f997beda-1024x462.jpg\" alt=\"\" class=\"wp-image-1899\" style=\"width:668px;height:auto\" srcset=\"https:\/\/viuresobrerodes.cat\/wp-content\/uploads\/2024\/07\/fe5d7922-71cb-4efb-a75e-3875f997beda-1024x462.jpg 1024w, https:\/\/viuresobrerodes.cat\/wp-content\/uploads\/2024\/07\/fe5d7922-71cb-4efb-a75e-3875f997beda-300x135.jpg 300w, https:\/\/viuresobrerodes.cat\/wp-content\/uploads\/2024\/07\/fe5d7922-71cb-4efb-a75e-3875f997beda-768x346.jpg 768w, https:\/\/viuresobrerodes.cat\/wp-content\/uploads\/2024\/07\/fe5d7922-71cb-4efb-a75e-3875f997beda-1536x693.jpg 1536w, https:\/\/viuresobrerodes.cat\/wp-content\/uploads\/2024\/07\/fe5d7922-71cb-4efb-a75e-3875f997beda-665x300.jpg 665w, https:\/\/viuresobrerodes.cat\/wp-content\/uploads\/2024\/07\/fe5d7922-71cb-4efb-a75e-3875f997beda.jpg 2040w\" sizes=\"auto, (max-width: 1024px) 100vw, 1024px\" \/><\/figure>\n<\/div>\n\n\n<p>Una vegada dinats, an\u00e0rem a fer una caminada \ud83d\udeb6\u200d\u2640\ufe0f\ud83d\udeb6\u200d\u2640\ufe0f\ud83d\udeb6\u200d\u2642\ufe0f pel poble, <strong><a href=\"https:\/\/ca.wikipedia.org\/wiki\/Palau_de_Cerdanya\">Palau de Cerdanya<\/a><\/strong>, per veure si \u00e9rem capa\u00e7os de trobar la casa \ud83c\udfe0  de la senyora Trini \ud83d\udc75(tia del Manel. Abans cada cop que an\u00e0vem per all\u00e0 amb la moto \ud83c\udfcd, an\u00e0vem a veure-la i ara, ens agrada recordar-la \ud83d\udc9c) i \ud83c\udfe0 la de la seva filla Nani\u2026<\/p>\n\n\n<div class=\"wp-block-image\">\n<figure class=\"aligncenter size-large is-resized\"><img loading=\"lazy\" decoding=\"async\" width=\"768\" height=\"1024\" src=\"https:\/\/viuresobrerodes.cat\/wp-content\/uploads\/2024\/07\/6b158beb-ed4c-4133-a875-1848d6eafb81-768x1024.jpg\" alt=\"\" class=\"wp-image-1914\" style=\"width:419px;height:auto\" srcset=\"https:\/\/viuresobrerodes.cat\/wp-content\/uploads\/2024\/07\/6b158beb-ed4c-4133-a875-1848d6eafb81-768x1024.jpg 768w, https:\/\/viuresobrerodes.cat\/wp-content\/uploads\/2024\/07\/6b158beb-ed4c-4133-a875-1848d6eafb81-225x300.jpg 225w, https:\/\/viuresobrerodes.cat\/wp-content\/uploads\/2024\/07\/6b158beb-ed4c-4133-a875-1848d6eafb81-1152x1536.jpg 1152w, https:\/\/viuresobrerodes.cat\/wp-content\/uploads\/2024\/07\/6b158beb-ed4c-4133-a875-1848d6eafb81.jpg 1536w\" sizes=\"auto, (max-width: 768px) 100vw, 768px\" \/><\/figure>\n<\/div>\n\n\n<p>Trob\u00e0rem la casa \ud83c\udfe0, i poc despr\u00e9s ens vam trobar amb la Nani \ud83d\udc69! Ens va portar fins a casa seva \ud83c\udfe0, xarr\u00e0rem for\u00e7a estona amb ella i amb el seu marit en Sergio \ud83d\udc69\ud83d\udc74, i qued\u00e0rem que l&#8217;endem\u00e0, tornant de l&#8217;excursi\u00f3, sopar\u00edem \ud83c\udf7d amb ells, el seu germ\u00e0 Marc i amb la seva parella l&#8217;St\u00e9phanie \ud83d\udc68\u200d\ud83e\uddb1 \ud83d\udc69\u200d\ud83e\uddb1. Torn\u00e0rem cap al c\u00e0mping.<\/p>\n\n\n<div class=\"wp-block-image\">\n<figure class=\"aligncenter size-large is-resized\"><img loading=\"lazy\" decoding=\"async\" width=\"1024\" height=\"768\" src=\"https:\/\/viuresobrerodes.cat\/wp-content\/uploads\/2024\/07\/74349366-08a3-4a7a-9de3-28b49854ab09-1024x768.jpg\" alt=\"\" class=\"wp-image-1901\" style=\"width:679px;height:auto\" srcset=\"https:\/\/viuresobrerodes.cat\/wp-content\/uploads\/2024\/07\/74349366-08a3-4a7a-9de3-28b49854ab09-1024x768.jpg 1024w, https:\/\/viuresobrerodes.cat\/wp-content\/uploads\/2024\/07\/74349366-08a3-4a7a-9de3-28b49854ab09-300x225.jpg 300w, https:\/\/viuresobrerodes.cat\/wp-content\/uploads\/2024\/07\/74349366-08a3-4a7a-9de3-28b49854ab09-768x576.jpg 768w, https:\/\/viuresobrerodes.cat\/wp-content\/uploads\/2024\/07\/74349366-08a3-4a7a-9de3-28b49854ab09-1536x1152.jpg 1536w, https:\/\/viuresobrerodes.cat\/wp-content\/uploads\/2024\/07\/74349366-08a3-4a7a-9de3-28b49854ab09-400x300.jpg 400w, https:\/\/viuresobrerodes.cat\/wp-content\/uploads\/2024\/07\/74349366-08a3-4a7a-9de3-28b49854ab09.jpg 2048w\" sizes=\"auto, (max-width: 1024px) 100vw, 1024px\" \/><\/figure>\n<\/div>\n\n\n<p>A les 7.40 del mat\u00ed sort\u00edem cap a l&#8217;estaci\u00f3 d&#8217;Osseja \ud83d\ude89 per agafar el <strong><a href=\"https:\/\/www.turisme-canigo.cat\/descobriu\/el-tren-groc\">Tren Groc de la Cerdanya<\/a><\/strong> \ud83d\ude82. A l&#8217;A\ud83d\udc67 li va encantar \ud83d\ude0d tant el recorregut del tren \ud83d\udee4,<\/p>\n\n\n\n<div class=\"wp-block-columns is-layout-flex wp-container-core-columns-is-layout-9d6595d7 wp-block-columns-is-layout-flex\">\n<div class=\"wp-block-column is-layout-flow wp-block-column-is-layout-flow\" style=\"flex-basis:33.33%\">\n<figure class=\"wp-block-image size-full is-resized\"><img loading=\"lazy\" decoding=\"async\" width=\"246\" height=\"446\" src=\"https:\/\/viuresobrerodes.cat\/wp-content\/uploads\/2024\/07\/1-3.png\" alt=\"\" class=\"wp-image-1902\" style=\"width:227px;height:auto\" srcset=\"https:\/\/viuresobrerodes.cat\/wp-content\/uploads\/2024\/07\/1-3.png 246w, https:\/\/viuresobrerodes.cat\/wp-content\/uploads\/2024\/07\/1-3-165x300.png 165w\" sizes=\"auto, (max-width: 246px) 100vw, 246px\" \/><\/figure>\n<\/div>\n\n\n\n<div class=\"wp-block-column is-layout-flow wp-block-column-is-layout-flow\" style=\"flex-basis:66.66%\">\n<figure class=\"wp-block-image size-large\"><img loading=\"lazy\" decoding=\"async\" width=\"1024\" height=\"771\" src=\"https:\/\/viuresobrerodes.cat\/wp-content\/uploads\/2024\/07\/3977647e-a8ec-4e4a-8b70-52892c0a30b7-1024x771.jpg\" alt=\"\" class=\"wp-image-1903\" srcset=\"https:\/\/viuresobrerodes.cat\/wp-content\/uploads\/2024\/07\/3977647e-a8ec-4e4a-8b70-52892c0a30b7-1024x771.jpg 1024w, https:\/\/viuresobrerodes.cat\/wp-content\/uploads\/2024\/07\/3977647e-a8ec-4e4a-8b70-52892c0a30b7-300x226.jpg 300w, https:\/\/viuresobrerodes.cat\/wp-content\/uploads\/2024\/07\/3977647e-a8ec-4e4a-8b70-52892c0a30b7-768x578.jpg 768w, https:\/\/viuresobrerodes.cat\/wp-content\/uploads\/2024\/07\/3977647e-a8ec-4e4a-8b70-52892c0a30b7-1536x1157.jpg 1536w, https:\/\/viuresobrerodes.cat\/wp-content\/uploads\/2024\/07\/3977647e-a8ec-4e4a-8b70-52892c0a30b7-398x300.jpg 398w, https:\/\/viuresobrerodes.cat\/wp-content\/uploads\/2024\/07\/3977647e-a8ec-4e4a-8b70-52892c0a30b7.jpg 2040w\" sizes=\"auto, (max-width: 1024px) 100vw, 1024px\" \/><\/figure>\n<\/div>\n<\/div>\n\n\n\n<p>com les grutes. A <strong><a href=\"https:\/\/www.pyrenees-cerdagne.com\/ca\/villefranche-de-conflent-catala\">Vilafranca de Conflent<\/a><\/strong> visit\u00e0rem les <strong><a href=\"https:\/\/www.grottescanalettes.com\/es\">Grottes des Canalettes<\/a><\/strong>, l&#8217;A\ud83d\udc67 es va quedar bocabadada\ud83d\ude32!!!<\/p>\n\n\n\n<div class=\"wp-block-columns is-layout-flex wp-container-core-columns-is-layout-9d6595d7 wp-block-columns-is-layout-flex\">\n<div class=\"wp-block-column is-layout-flow wp-block-column-is-layout-flow\"><div class=\"wp-block-image\">\n<figure class=\"aligncenter size-large is-resized\"><img loading=\"lazy\" decoding=\"async\" width=\"461\" height=\"1024\" src=\"https:\/\/viuresobrerodes.cat\/wp-content\/uploads\/2024\/07\/36199800-33a1-4b05-b3c3-33627e9d5916-461x1024.jpg\" alt=\"\" class=\"wp-image-1905\" style=\"width:248px;height:auto\" srcset=\"https:\/\/viuresobrerodes.cat\/wp-content\/uploads\/2024\/07\/36199800-33a1-4b05-b3c3-33627e9d5916-461x1024.jpg 461w, https:\/\/viuresobrerodes.cat\/wp-content\/uploads\/2024\/07\/36199800-33a1-4b05-b3c3-33627e9d5916-135x300.jpg 135w, https:\/\/viuresobrerodes.cat\/wp-content\/uploads\/2024\/07\/36199800-33a1-4b05-b3c3-33627e9d5916-692x1536.jpg 692w, https:\/\/viuresobrerodes.cat\/wp-content\/uploads\/2024\/07\/36199800-33a1-4b05-b3c3-33627e9d5916.jpg 721w\" sizes=\"auto, (max-width: 461px) 100vw, 461px\" \/><\/figure>\n<\/div><\/div>\n\n\n\n<div class=\"wp-block-column is-layout-flow wp-block-column-is-layout-flow\"><div class=\"wp-block-image\">\n<figure class=\"aligncenter size-large is-resized\"><img loading=\"lazy\" decoding=\"async\" width=\"771\" height=\"1024\" src=\"https:\/\/viuresobrerodes.cat\/wp-content\/uploads\/2024\/07\/1f97b15a-d140-4df7-83a3-adb565bf60cb-771x1024.jpg\" alt=\"\" class=\"wp-image-1906\" style=\"width:412px;height:auto\" srcset=\"https:\/\/viuresobrerodes.cat\/wp-content\/uploads\/2024\/07\/1f97b15a-d140-4df7-83a3-adb565bf60cb-771x1024.jpg 771w, https:\/\/viuresobrerodes.cat\/wp-content\/uploads\/2024\/07\/1f97b15a-d140-4df7-83a3-adb565bf60cb-226x300.jpg 226w, https:\/\/viuresobrerodes.cat\/wp-content\/uploads\/2024\/07\/1f97b15a-d140-4df7-83a3-adb565bf60cb-768x1020.jpg 768w, https:\/\/viuresobrerodes.cat\/wp-content\/uploads\/2024\/07\/1f97b15a-d140-4df7-83a3-adb565bf60cb-1157x1536.jpg 1157w, https:\/\/viuresobrerodes.cat\/wp-content\/uploads\/2024\/07\/1f97b15a-d140-4df7-83a3-adb565bf60cb.jpg 1536w\" sizes=\"auto, (max-width: 771px) 100vw, 771px\" \/><\/figure>\n<\/div><\/div>\n<\/div>\n\n\n\n<p>Din\u00e0rem de carmanyola\ud83e\udd57\ud83c\udf5b en un p\u00e0rquing, f\u00e9rem un passeig pel poble\ud83d\udeb6\u200d\u2642\ufe0f\ud83d\udeb6\u200d\u2640\ufe0f\ud83d\udeb6\u200d\u2640\ufe0f<\/p>\n\n\n\n<div class=\"wp-block-columns is-layout-flex wp-container-core-columns-is-layout-9d6595d7 wp-block-columns-is-layout-flex\">\n<div class=\"wp-block-column is-layout-flow wp-block-column-is-layout-flow\" style=\"flex-basis:33.33%\">\n<figure class=\"wp-block-image size-large is-resized\"><img loading=\"lazy\" decoding=\"async\" width=\"461\" height=\"1024\" src=\"https:\/\/viuresobrerodes.cat\/wp-content\/uploads\/2024\/07\/8d680657-081e-45ff-902c-086365ea4964-1-461x1024.jpg\" alt=\"\" class=\"wp-image-1908\" style=\"width:248px;height:auto\" srcset=\"https:\/\/viuresobrerodes.cat\/wp-content\/uploads\/2024\/07\/8d680657-081e-45ff-902c-086365ea4964-1-461x1024.jpg 461w, https:\/\/viuresobrerodes.cat\/wp-content\/uploads\/2024\/07\/8d680657-081e-45ff-902c-086365ea4964-1-135x300.jpg 135w, https:\/\/viuresobrerodes.cat\/wp-content\/uploads\/2024\/07\/8d680657-081e-45ff-902c-086365ea4964-1-692x1536.jpg 692w, https:\/\/viuresobrerodes.cat\/wp-content\/uploads\/2024\/07\/8d680657-081e-45ff-902c-086365ea4964-1.jpg 721w\" sizes=\"auto, (max-width: 461px) 100vw, 461px\" \/><\/figure>\n<\/div>\n\n\n\n<div class=\"wp-block-column is-layout-flow wp-block-column-is-layout-flow\" style=\"flex-basis:66.66%\"><div class=\"wp-block-image\">\n<figure class=\"aligncenter size-large is-resized\"><img loading=\"lazy\" decoding=\"async\" width=\"771\" height=\"1024\" src=\"https:\/\/viuresobrerodes.cat\/wp-content\/uploads\/2024\/07\/1ce7e671-08a3-4f9a-b718-f41b3837a358-771x1024.jpg\" alt=\"\" class=\"wp-image-1909\" style=\"width:416px;height:auto\" srcset=\"https:\/\/viuresobrerodes.cat\/wp-content\/uploads\/2024\/07\/1ce7e671-08a3-4f9a-b718-f41b3837a358-771x1024.jpg 771w, https:\/\/viuresobrerodes.cat\/wp-content\/uploads\/2024\/07\/1ce7e671-08a3-4f9a-b718-f41b3837a358-226x300.jpg 226w, https:\/\/viuresobrerodes.cat\/wp-content\/uploads\/2024\/07\/1ce7e671-08a3-4f9a-b718-f41b3837a358-768x1021.jpg 768w, https:\/\/viuresobrerodes.cat\/wp-content\/uploads\/2024\/07\/1ce7e671-08a3-4f9a-b718-f41b3837a358-1156x1536.jpg 1156w, https:\/\/viuresobrerodes.cat\/wp-content\/uploads\/2024\/07\/1ce7e671-08a3-4f9a-b718-f41b3837a358.jpg 1204w\" sizes=\"auto, (max-width: 771px) 100vw, 771px\" \/><\/figure>\n<\/div><\/div>\n<\/div>\n\n\n\n<p>i&nbsp;torn\u00e0rem a l&#8217;estaci\u00f3\ud83d\ude89, aquest cop an\u00e0rem en un vag\u00f3 cobert \ud83d\ude83.<\/p>\n\n\n\n<p>L&#8217;experi\u00e8ncia va ser molt bona, tot i que com feia un dia radiant \ud83c\udf1e, a l&#8217;anada el sol em torrava, i a la tornada, encara que totes les finestres eren obertes,&nbsp;gran&nbsp;part del trajecte, va fer molta calor \ud83e\udd75, a&nbsp;\u00faltima&nbsp;hora, per\u00f2, com que va canviar el temps \ud83c\udf25\u2601 entrava fresqueta.<\/p>\n\n\n<div class=\"wp-block-image\">\n<figure class=\"aligncenter size-large is-resized\"><img loading=\"lazy\" decoding=\"async\" width=\"768\" height=\"1024\" src=\"https:\/\/viuresobrerodes.cat\/wp-content\/uploads\/2024\/07\/f91f3cc6-ae33-4343-b375-5c23234c1d07-768x1024.jpg\" alt=\"\" class=\"wp-image-1910\" style=\"width:422px;height:auto\" srcset=\"https:\/\/viuresobrerodes.cat\/wp-content\/uploads\/2024\/07\/f91f3cc6-ae33-4343-b375-5c23234c1d07-768x1024.jpg 768w, https:\/\/viuresobrerodes.cat\/wp-content\/uploads\/2024\/07\/f91f3cc6-ae33-4343-b375-5c23234c1d07-225x300.jpg 225w, https:\/\/viuresobrerodes.cat\/wp-content\/uploads\/2024\/07\/f91f3cc6-ae33-4343-b375-5c23234c1d07-1152x1536.jpg 1152w, https:\/\/viuresobrerodes.cat\/wp-content\/uploads\/2024\/07\/f91f3cc6-ae33-4343-b375-5c23234c1d07.jpg 1536w\" sizes=\"auto, (max-width: 768px) 100vw, 768px\" \/><\/figure>\n<\/div>\n\n\n<p>Soparem a casa de la Nani i del Sergio \ud83d\udc69\ud83d\udc74, amb el Marc i l&#8217;St\u00e9phanie \ud83d\udc68\u200d\ud83e\uddb1 \ud83d\udc69\u200d\ud83e\uddb1, tot sopant ens explic\u00e0rem m\u00fatuament an\u00e8cdotes divertides o curioses de viatges\ud83d\udc81\u200d\u2640\ufe0f .<\/p>\n\n\n<div class=\"wp-block-image\">\n<figure class=\"aligncenter size-large is-resized\"><img loading=\"lazy\" decoding=\"async\" width=\"1024\" height=\"769\" src=\"https:\/\/viuresobrerodes.cat\/wp-content\/uploads\/2024\/07\/ba094359-3206-4235-abe3-c9f41e4e06ad-1024x769.jpg\" alt=\"\" class=\"wp-image-1911\" style=\"width:656px;height:auto\" srcset=\"https:\/\/viuresobrerodes.cat\/wp-content\/uploads\/2024\/07\/ba094359-3206-4235-abe3-c9f41e4e06ad-1024x769.jpg 1024w, https:\/\/viuresobrerodes.cat\/wp-content\/uploads\/2024\/07\/ba094359-3206-4235-abe3-c9f41e4e06ad-300x225.jpg 300w, https:\/\/viuresobrerodes.cat\/wp-content\/uploads\/2024\/07\/ba094359-3206-4235-abe3-c9f41e4e06ad-768x576.jpg 768w, https:\/\/viuresobrerodes.cat\/wp-content\/uploads\/2024\/07\/ba094359-3206-4235-abe3-c9f41e4e06ad-1536x1153.jpg 1536w, https:\/\/viuresobrerodes.cat\/wp-content\/uploads\/2024\/07\/ba094359-3206-4235-abe3-c9f41e4e06ad-400x300.jpg 400w, https:\/\/viuresobrerodes.cat\/wp-content\/uploads\/2024\/07\/ba094359-3206-4235-abe3-c9f41e4e06ad.jpg 1600w\" sizes=\"auto, (max-width: 1024px) 100vw, 1024px\" \/><\/figure>\n<\/div>\n\n\n<p>I despr\u00e9s de sopar ens portaren cap al c\u00e0mping \ud83c\udfd5 en cotxe\ud83d\ude97, cosa que agra\u00edrem\ud83d\ude0d profundament, ja que est\u00e0vem cansad\u00edssims\ud83d\ude29.<\/p>\n\n\n<div class=\"wp-block-image\">\n<figure class=\"aligncenter size-large is-resized\"><img loading=\"lazy\" decoding=\"async\" width=\"1024\" height=\"768\" src=\"https:\/\/viuresobrerodes.cat\/wp-content\/uploads\/2024\/07\/2956af3e-bb1b-444f-9b67-519e0ea74b03-1024x768.jpg\" alt=\"\" class=\"wp-image-1912\" style=\"width:677px;height:auto\" srcset=\"https:\/\/viuresobrerodes.cat\/wp-content\/uploads\/2024\/07\/2956af3e-bb1b-444f-9b67-519e0ea74b03-1024x768.jpg 1024w, https:\/\/viuresobrerodes.cat\/wp-content\/uploads\/2024\/07\/2956af3e-bb1b-444f-9b67-519e0ea74b03-300x225.jpg 300w, https:\/\/viuresobrerodes.cat\/wp-content\/uploads\/2024\/07\/2956af3e-bb1b-444f-9b67-519e0ea74b03-768x576.jpg 768w, https:\/\/viuresobrerodes.cat\/wp-content\/uploads\/2024\/07\/2956af3e-bb1b-444f-9b67-519e0ea74b03-1536x1152.jpg 1536w, https:\/\/viuresobrerodes.cat\/wp-content\/uploads\/2024\/07\/2956af3e-bb1b-444f-9b67-519e0ea74b03-400x300.jpg 400w, https:\/\/viuresobrerodes.cat\/wp-content\/uploads\/2024\/07\/2956af3e-bb1b-444f-9b67-519e0ea74b03.jpg 1600w\" sizes=\"auto, (max-width: 1024px) 100vw, 1024px\" \/><\/figure>\n<\/div>\n\n\n<p>Al mat\u00ed, recoll\u00edrem \ud83d\ude90 i abans de les dotze \ud83d\udd66, sort\u00edrem cap al <strong>Baix Llobregat<\/strong> \ud83d\ude90, i acabaren uns dies (del 19 al 26 de juliol) intensament meravellosos \ud83d\udc96\ud83d\udc96.<\/p>\n\n\n\n<p>\ud83d\ude4b\u200d\u2640\ufe0f\ud83d\udc81\u200d\u2640\ufe0f&nbsp;Us deixem l\u2019enlla\u00e7 de les&nbsp;ubicacions&nbsp;dels llocs que hem visitat.\ud83e\udd70 <a href=\"https:\/\/maps.app.goo.gl\/RVjE631F3T4y58Fd7\">https:\/\/maps.app.goo.gl\/RVjE631F3T4y58Fd7<\/a><\/p>\n\n\n\n<p><\/p>\n\n\n\n<p><\/p>\n\n\n\n<p><\/p>\n","protected":false},"excerpt":{"rendered":"<p>Organitzar una sortida-ruta \ud83d\ude90 amb l&#8217;A \ud83d\udc67 , t\u00e9 el seu qu\u00e8\ud83d\udc81\ud83c\udffb\u200d\u2640\ufe0f. Primer pensar en el dormir\ud83d\udecc. Ja s&#8217;havia quedat un parell de dies a dormir a l&#8217;autocaravana \ud83d\ude90, i hav\u00edem comprovat que el sistema que ens van dir al comprar-la, molt pr\u00e0ctic no \u00e9s. La practicitat que se&#8217;ns va oc\u00f3rrer&nbsp;va ser&nbsp;comprar un matal\u00e0s de [&hellip;]<\/p>\n","protected":false},"author":1,"featured_media":1916,"comment_status":"open","ping_status":"open","sticky":false,"template":"","format":"standard","meta":{"_jetpack_memberships_contains_paid_content":false,"footnotes":""},"categories":[4],"tags":[351,352,350,361,94,82,348,63,349,357,367,363,365,353,355,364,360,30,354,358,359,362,356,347,366],"class_list":["post-1855","post","type-post","status-publish","format-standard","has-post-thumbnail","hentry","category-autocaravana","tag-almenar","tag-area-dautocaravanes-dalmenar","tag-area-dautocaravanes-de-cervera","tag-area-dautocaravanes-de-rialp","tag-autocaravana","tag-baix-llobregat","tag-camping-les-asperas","tag-carado-v132","tag-cervera","tag-el-cami-de-les-bruixes-de-tredos","tag-grottes-des-canalettes","tag-llo","tag-palau-de-cerdanya","tag-parc-magic-dalmenar","tag-parquing-dautocaravanes-de-cervera","tag-parquing-de-llo","tag-pizzeria-gall-fer","tag-pla-de-beret","tag-pont-de-suert","tag-port-de-la-bonaigua","tag-rialp","tag-sallagosa","tag-tredos","tag-tren-groc-de-la-cerdanya","tag-vilafranca-de-conflent"],"jetpack_featured_media_url":"https:\/\/viuresobrerodes.cat\/wp-content\/uploads\/2024\/07\/7b808d31-afcf-4587-a2c8-bd44c706ae50.jpg","jetpack_sharing_enabled":true,"_links":{"self":[{"href":"https:\/\/viuresobrerodes.cat\/index.php?rest_route=\/wp\/v2\/posts\/1855","targetHints":{"allow":["GET"]}}],"collection":[{"href":"https:\/\/viuresobrerodes.cat\/index.php?rest_route=\/wp\/v2\/posts"}],"about":[{"href":"https:\/\/viuresobrerodes.cat\/index.php?rest_route=\/wp\/v2\/types\/post"}],"author":[{"embeddable":true,"href":"https:\/\/viuresobrerodes.cat\/index.php?rest_route=\/wp\/v2\/users\/1"}],"replies":[{"embeddable":true,"href":"https:\/\/viuresobrerodes.cat\/index.php?rest_route=%2Fwp%2Fv2%2Fcomments&post=1855"}],"version-history":[{"count":14,"href":"https:\/\/viuresobrerodes.cat\/index.php?rest_route=\/wp\/v2\/posts\/1855\/revisions"}],"predecessor-version":[{"id":1923,"href":"https:\/\/viuresobrerodes.cat\/index.php?rest_route=\/wp\/v2\/posts\/1855\/revisions\/1923"}],"wp:featuredmedia":[{"embeddable":true,"href":"https:\/\/viuresobrerodes.cat\/index.php?rest_route=\/wp\/v2\/media\/1916"}],"wp:attachment":[{"href":"https:\/\/viuresobrerodes.cat\/index.php?rest_route=%2Fwp%2Fv2%2Fmedia&parent=1855"}],"wp:term":[{"taxonomy":"category","embeddable":true,"href":"https:\/\/viuresobrerodes.cat\/index.php?rest_route=%2Fwp%2Fv2%2Fcategories&post=1855"},{"taxonomy":"post_tag","embeddable":true,"href":"https:\/\/viuresobrerodes.cat\/index.php?rest_route=%2Fwp%2Fv2%2Ftags&post=1855"}],"curies":[{"name":"wp","href":"https:\/\/api.w.org\/{rel}","templated":true}]}}