{"id":2158,"date":"2025-08-04T11:19:02","date_gmt":"2025-08-04T11:19:02","guid":{"rendered":"https:\/\/viuresobrerodes.cat\/?p=2158"},"modified":"2025-08-04T18:59:34","modified_gmt":"2025-08-04T18:59:34","slug":"ruta-%f0%9f%9a%90-de-lestiu-2025-amb-la-%f0%9f%91%a7","status":"publish","type":"post","link":"https:\/\/viuresobrerodes.cat\/?p=2158","title":{"rendered":"Ruta \ud83d\ude90 de l&#8217;estiu 2025 amb l&#8217;A \ud83d\udc67"},"content":{"rendered":"\n<p>El dia abans que l&#8217;A finalitz\u00e9s el casal d&#8217;estiu, ja vam comen\u00e7ar a preparar la ruta \ud83d\ude44\ud83d\ude03. Serien nou dies amb ella, i calia planificar dinars i sopars, per poder tenir el m\u00e0xim de temps lliure. Vol\u00edem visitar un munt de llocs que ja hav\u00edem buscat amb anterioritat. Llocs que esper\u00e0vem que la sorprengueren \ud83d\ude32 i qu\u00e8 gaud\u00eds de les experi\u00e8ncies \ud83e\udd29.<\/p>\n\n\n\n<p>El dia 19 al capvespre, vam anar cap a la Noguera \ud83d\ude90 , hav\u00edem de preparar la Mussi per a la ruta! Buidar aig\u00fces grises\ud83d\udebf i negres\ud83d\udebd , omplir de potable\ud83d\udeb0, rentar la roba \ud83d\udc56\ud83d\udc55, fer, o mig fer,\ud83d\udc69\u200d\ud83c\udf73 dinars i sopars\u2026 L&#8217;A va gaudir d&#8217;estar a casa, ella diu que \u00e9s com una &#8220;casa rural&#8221;\ud83c\udfe1.<\/p>\n\n\n<div class=\"wp-block-image\">\n<figure class=\"aligncenter size-full is-resized\"><img loading=\"lazy\" decoding=\"async\" width=\"904\" height=\"456\" src=\"https:\/\/viuresobrerodes.cat\/wp-content\/uploads\/2025\/07\/Captura-de-pantalla-2025-07-30-202209.png\" alt=\"\" class=\"wp-image-2165\" style=\"width:685px;height:auto\" srcset=\"https:\/\/viuresobrerodes.cat\/wp-content\/uploads\/2025\/07\/Captura-de-pantalla-2025-07-30-202209.png 904w, https:\/\/viuresobrerodes.cat\/wp-content\/uploads\/2025\/07\/Captura-de-pantalla-2025-07-30-202209-300x151.png 300w, https:\/\/viuresobrerodes.cat\/wp-content\/uploads\/2025\/07\/Captura-de-pantalla-2025-07-30-202209-768x387.png 768w, https:\/\/viuresobrerodes.cat\/wp-content\/uploads\/2025\/07\/Captura-de-pantalla-2025-07-30-202209-595x300.png 595w\" sizes=\"auto, (max-width: 904px) 100vw, 904px\" \/><\/figure>\n<\/div>\n\n\n<p>Amb la feina feta, el dia 22 inici\u00e0rem cam\u00ed \ud83d\ude90 cap a <a href=\"https:\/\/www.cardonaturisme.cat\/es\/\"><strong>Cardona<\/strong><\/a>.<\/p>\n\n\n<div class=\"wp-block-image\">\n<figure class=\"aligncenter size-large is-resized\"><img loading=\"lazy\" decoding=\"async\" width=\"1024\" height=\"462\" src=\"https:\/\/viuresobrerodes.cat\/wp-content\/uploads\/2025\/07\/IMG_20250722_131511-1024x462.jpg\" alt=\"\" class=\"wp-image-2166\" style=\"width:700px;height:auto\" srcset=\"https:\/\/viuresobrerodes.cat\/wp-content\/uploads\/2025\/07\/IMG_20250722_131511-1024x462.jpg 1024w, https:\/\/viuresobrerodes.cat\/wp-content\/uploads\/2025\/07\/IMG_20250722_131511-300x135.jpg 300w, https:\/\/viuresobrerodes.cat\/wp-content\/uploads\/2025\/07\/IMG_20250722_131511-768x346.jpg 768w, https:\/\/viuresobrerodes.cat\/wp-content\/uploads\/2025\/07\/IMG_20250722_131511-1536x693.jpg 1536w, https:\/\/viuresobrerodes.cat\/wp-content\/uploads\/2025\/07\/IMG_20250722_131511-2048x924.jpg 2048w, https:\/\/viuresobrerodes.cat\/wp-content\/uploads\/2025\/07\/IMG_20250722_131511-665x300.jpg 665w\" sizes=\"auto, (max-width: 1024px) 100vw, 1024px\" \/><\/figure>\n<\/div>\n\n\n<p> Al costat de l&#8217;<strong><a href=\"https:\/\/bagesturisme.cat\/allotjament\/area-de-servei-autocaravanes-de-cardona\/\">\u00e0rea d&#8217;autocaravanes<\/a><\/strong>, <\/p>\n\n\n<div class=\"wp-block-image\">\n<figure class=\"aligncenter size-large is-resized\"><img loading=\"lazy\" decoding=\"async\" width=\"1024\" height=\"462\" src=\"https:\/\/viuresobrerodes.cat\/wp-content\/uploads\/2025\/07\/IMG_20250722_133931-1024x462.jpg\" alt=\"\" class=\"wp-image-2167\" style=\"width:704px;height:auto\" srcset=\"https:\/\/viuresobrerodes.cat\/wp-content\/uploads\/2025\/07\/IMG_20250722_133931-1024x462.jpg 1024w, https:\/\/viuresobrerodes.cat\/wp-content\/uploads\/2025\/07\/IMG_20250722_133931-300x135.jpg 300w, https:\/\/viuresobrerodes.cat\/wp-content\/uploads\/2025\/07\/IMG_20250722_133931-768x346.jpg 768w, https:\/\/viuresobrerodes.cat\/wp-content\/uploads\/2025\/07\/IMG_20250722_133931-1536x693.jpg 1536w, https:\/\/viuresobrerodes.cat\/wp-content\/uploads\/2025\/07\/IMG_20250722_133931-2048x924.jpg 2048w, https:\/\/viuresobrerodes.cat\/wp-content\/uploads\/2025\/07\/IMG_20250722_133931-665x300.jpg 665w\" sizes=\"auto, (max-width: 1024px) 100vw, 1024px\" \/><\/figure>\n<\/div>\n\n\n<p>hi ha el camp de futbol i la piscina. Tamb\u00e9 d&#8217;on es treuen les entrades per entrar a la <strong><a href=\"https:\/\/www.cardonaturisme.cat\/activitats\/visita-muntanya-sal\/\">mina de sal<\/a><\/strong>. D&#8217;all\u00e0 mateix surt el minib\u00fas \ud83d\ude8c que ens hi havia de portar.<\/p>\n\n\n<div class=\"wp-block-image\">\n<figure class=\"aligncenter size-large is-resized\"><img loading=\"lazy\" decoding=\"async\" width=\"1024\" height=\"462\" src=\"https:\/\/viuresobrerodes.cat\/wp-content\/uploads\/2025\/07\/IMG_20250722_174211-1024x462.jpg\" alt=\"\" class=\"wp-image-2172\" style=\"width:700px;height:auto\" srcset=\"https:\/\/viuresobrerodes.cat\/wp-content\/uploads\/2025\/07\/IMG_20250722_174211-1024x462.jpg 1024w, https:\/\/viuresobrerodes.cat\/wp-content\/uploads\/2025\/07\/IMG_20250722_174211-300x135.jpg 300w, https:\/\/viuresobrerodes.cat\/wp-content\/uploads\/2025\/07\/IMG_20250722_174211-768x346.jpg 768w, https:\/\/viuresobrerodes.cat\/wp-content\/uploads\/2025\/07\/IMG_20250722_174211-1536x693.jpg 1536w, https:\/\/viuresobrerodes.cat\/wp-content\/uploads\/2025\/07\/IMG_20250722_174211-2048x924.jpg 2048w, https:\/\/viuresobrerodes.cat\/wp-content\/uploads\/2025\/07\/IMG_20250722_174211-665x300.jpg 665w\" sizes=\"auto, (max-width: 1024px) 100vw, 1024px\" \/><\/figure>\n<\/div>\n\n\n<p>V\u00e0rem arribar amb el temps just de treure les entrades i poder agafar el bus \ud83d\ude8c , ja que a la tarda no obrien.<br>La J\u00falia \ud83d\udc69 , ens esperava a la porta, era la nostra guia. Ens va proporcionar els cascs \ud83d\udc77\u200d\u2640\ufe0f\ud83d\udc77\u200d\u2640\ufe0f\ud83d\udc77\u200d\u2642\ufe0f i, comen\u00e7\u00e0 l&#8217;explicaci\u00f3.<\/p>\n\n\n\n<div class=\"wp-block-columns is-layout-flex wp-container-core-columns-is-layout-9d6595d7 wp-block-columns-is-layout-flex\">\n<div class=\"wp-block-column is-layout-flow wp-block-column-is-layout-flow\">\n<figure class=\"wp-block-image size-large\"><img loading=\"lazy\" decoding=\"async\" width=\"462\" height=\"1024\" src=\"https:\/\/viuresobrerodes.cat\/wp-content\/uploads\/2025\/07\/IMG_20250722_140747-1-462x1024.jpg\" alt=\"\" class=\"wp-image-2169\" srcset=\"https:\/\/viuresobrerodes.cat\/wp-content\/uploads\/2025\/07\/IMG_20250722_140747-1-462x1024.jpg 462w, https:\/\/viuresobrerodes.cat\/wp-content\/uploads\/2025\/07\/IMG_20250722_140747-1-135x300.jpg 135w, https:\/\/viuresobrerodes.cat\/wp-content\/uploads\/2025\/07\/IMG_20250722_140747-1-768x1703.jpg 768w, https:\/\/viuresobrerodes.cat\/wp-content\/uploads\/2025\/07\/IMG_20250722_140747-1-693x1536.jpg 693w, https:\/\/viuresobrerodes.cat\/wp-content\/uploads\/2025\/07\/IMG_20250722_140747-1-924x2048.jpg 924w, https:\/\/viuresobrerodes.cat\/wp-content\/uploads\/2025\/07\/IMG_20250722_140747-1-scaled.jpg 1155w\" sizes=\"auto, (max-width: 462px) 100vw, 462px\" \/><\/figure>\n<\/div>\n\n\n\n<div class=\"wp-block-column is-layout-flow wp-block-column-is-layout-flow\">\n<figure class=\"wp-block-image size-large\"><img loading=\"lazy\" decoding=\"async\" width=\"462\" height=\"1024\" src=\"https:\/\/viuresobrerodes.cat\/wp-content\/uploads\/2025\/07\/IMG_20250722_140908-462x1024.jpg\" alt=\"\" class=\"wp-image-2170\" srcset=\"https:\/\/viuresobrerodes.cat\/wp-content\/uploads\/2025\/07\/IMG_20250722_140908-462x1024.jpg 462w, https:\/\/viuresobrerodes.cat\/wp-content\/uploads\/2025\/07\/IMG_20250722_140908-135x300.jpg 135w, https:\/\/viuresobrerodes.cat\/wp-content\/uploads\/2025\/07\/IMG_20250722_140908-768x1703.jpg 768w, https:\/\/viuresobrerodes.cat\/wp-content\/uploads\/2025\/07\/IMG_20250722_140908-693x1536.jpg 693w, https:\/\/viuresobrerodes.cat\/wp-content\/uploads\/2025\/07\/IMG_20250722_140908-924x2048.jpg 924w, https:\/\/viuresobrerodes.cat\/wp-content\/uploads\/2025\/07\/IMG_20250722_140908-scaled.jpg 1155w\" sizes=\"auto, (max-width: 462px) 100vw, 462px\" \/><\/figure>\n<\/div>\n\n\n\n<div class=\"wp-block-column is-layout-flow wp-block-column-is-layout-flow\">\n<figure class=\"wp-block-image size-large\"><img loading=\"lazy\" decoding=\"async\" width=\"462\" height=\"1024\" src=\"https:\/\/viuresobrerodes.cat\/wp-content\/uploads\/2025\/07\/IMG_20250722_143743-462x1024.jpg\" alt=\"\" class=\"wp-image-2171\" srcset=\"https:\/\/viuresobrerodes.cat\/wp-content\/uploads\/2025\/07\/IMG_20250722_143743-462x1024.jpg 462w, https:\/\/viuresobrerodes.cat\/wp-content\/uploads\/2025\/07\/IMG_20250722_143743-135x300.jpg 135w, https:\/\/viuresobrerodes.cat\/wp-content\/uploads\/2025\/07\/IMG_20250722_143743-768x1703.jpg 768w, https:\/\/viuresobrerodes.cat\/wp-content\/uploads\/2025\/07\/IMG_20250722_143743-693x1536.jpg 693w, https:\/\/viuresobrerodes.cat\/wp-content\/uploads\/2025\/07\/IMG_20250722_143743-924x2048.jpg 924w, https:\/\/viuresobrerodes.cat\/wp-content\/uploads\/2025\/07\/IMG_20250722_143743-scaled.jpg 1155w\" sizes=\"auto, (max-width: 462px) 100vw, 462px\" \/><\/figure>\n<\/div>\n<\/div>\n\n\n\n<p>L&#8217;A es va quedar <strong><a href=\"https:\/\/www.instagram.com\/reel\/DMved4qNLuI\/?igsh=aGFkNnBrNTlrODJ5\">meravellada<\/a><\/strong> \ud83e\udd29 en veure les fines estalactites, majorit\u00e0riament blanques , per\u00f2 tamb\u00e9 verdes o marronoses que penjaven del sostre, i les gruixudes estalagmites que formaven columnes precioses. Les parets decorades per la natura, formant ratlles de color \u00f2xid\u2026 el contrast de tot plegat \u00e9s preci\u00f3s\u2026 encara que ja l&#8217;hav\u00edem visitat, ens va agradar\ud83d\ude0d escoltar les explicacions de la J\u00falia i la seva simpatia \ud83d\udc81\u200d\u2640\ufe0f.<\/p>\n\n\n\n<p>Per dinar \ud83c\udf7d , an\u00e0rem al p\u00e0rquing del <strong><a href=\"https:\/\/patrimoni.gencat.cat\/ca\/monuments\/monumentos\/castell-de-cardona\">Castell de Cardona<\/a><\/strong>, i despr\u00e9s f\u00e9rem un volt \ud83d\udeb6\u200d\u2640\ufe0f\ud83d\udeb6\u200d\u2640\ufe0f\ud83d\udeb6\u200d\u2642\ufe0f, sense guia, per les parts visitables, pati g\u00f2tic, muralla de la guerra de Successi\u00f3&#8230; Per cert, com estaven rodant una pel\u00b7l\u00edcula no pogu\u00e9rem entrar a la l&#8217;esgl\u00e9sia\ud83d\udc81\u200d\u2640\ufe0f . Ens f\u00e9rem un munt de fotografies.<\/p>\n\n\n\n<p>Quan don\u00e0rem per finalitzada la visita, segu\u00edrem la ruta \ud83d\ude90 cap a <strong><a href=\"https:\/\/www.turismecat.cat\/municipis\/bergueda\/figols\">F\u00edgols<\/a><\/strong> (Bergued\u00e0), a l&#8217;<strong><a href=\"https:\/\/bitacoracaracol.blogspot.com\/2023\/10\/area-de-autocaravanas-de-sant-corneli.html\">\u00e0rea de Sant Corneli<\/a><\/strong>. L&#8217;espai on est\u00e0 l&#8217;\u00e0rea \u00e9s molt gran, hi ha p\u00e0rquings per a cotxes \ud83d\ude97, per a autocars  \ud83d\ude8c i una mini \u00e0rea de dues places \ud83d\ude90\ud83d\ude90, amb tots els serveis.<\/p>\n\n\n\n<p><\/p>\n\n\n<div class=\"wp-block-image\">\n<figure class=\"aligncenter size-large is-resized\"><img loading=\"lazy\" decoding=\"async\" width=\"1024\" height=\"462\" src=\"https:\/\/viuresobrerodes.cat\/wp-content\/uploads\/2025\/08\/IMG_20250723_104813-1-1024x462.jpg\" alt=\"\" class=\"wp-image-2175\" style=\"width:690px;height:auto\" srcset=\"https:\/\/viuresobrerodes.cat\/wp-content\/uploads\/2025\/08\/IMG_20250723_104813-1-1024x462.jpg 1024w, https:\/\/viuresobrerodes.cat\/wp-content\/uploads\/2025\/08\/IMG_20250723_104813-1-300x135.jpg 300w, https:\/\/viuresobrerodes.cat\/wp-content\/uploads\/2025\/08\/IMG_20250723_104813-1-768x346.jpg 768w, https:\/\/viuresobrerodes.cat\/wp-content\/uploads\/2025\/08\/IMG_20250723_104813-1-1536x693.jpg 1536w, https:\/\/viuresobrerodes.cat\/wp-content\/uploads\/2025\/08\/IMG_20250723_104813-1-2048x924.jpg 2048w, https:\/\/viuresobrerodes.cat\/wp-content\/uploads\/2025\/08\/IMG_20250723_104813-1-665x300.jpg 665w\" sizes=\"auto, (max-width: 1024px) 100vw, 1024px\" \/><\/figure>\n<\/div>\n\n\n<p>Tamb\u00e9 un parc infantil, l&#8217;entrada a la <strong><a href=\"https:\/\/sistema.mnactec.cat\/museus\/museu-de-les-mines-de-cercs\/\">mina de carb\u00f3<\/a><\/strong> i al museu. All\u00e0 sop\u00e0rem \ud83c\udf7d , i pass\u00e0rem la primera nit\ud83d\udecc .<\/p>\n\n\n\n<p><\/p>\n\n\n\n<div class=\"wp-block-columns is-layout-flex wp-container-core-columns-is-layout-9d6595d7 wp-block-columns-is-layout-flex\">\n<div class=\"wp-block-column is-layout-flow wp-block-column-is-layout-flow\">\n<figure class=\"wp-block-image size-full\"><img loading=\"lazy\" decoding=\"async\" width=\"371\" height=\"625\" src=\"https:\/\/viuresobrerodes.cat\/wp-content\/uploads\/2025\/08\/Captura-de-pantalla-2025-08-01-123054.png\" alt=\"\" class=\"wp-image-2176\" srcset=\"https:\/\/viuresobrerodes.cat\/wp-content\/uploads\/2025\/08\/Captura-de-pantalla-2025-08-01-123054.png 371w, https:\/\/viuresobrerodes.cat\/wp-content\/uploads\/2025\/08\/Captura-de-pantalla-2025-08-01-123054-178x300.png 178w\" sizes=\"auto, (max-width: 371px) 100vw, 371px\" \/><\/figure>\n<\/div>\n\n\n\n<div class=\"wp-block-column is-layout-flow wp-block-column-is-layout-flow\">\n<figure class=\"wp-block-image size-full is-resized\"><img loading=\"lazy\" decoding=\"async\" width=\"185\" height=\"338\" src=\"https:\/\/viuresobrerodes.cat\/wp-content\/uploads\/2025\/08\/Captura-de-pantalla-2025-08-01-124603.png\" alt=\"\" class=\"wp-image-2178\" style=\"width:343px;height:auto\" srcset=\"https:\/\/viuresobrerodes.cat\/wp-content\/uploads\/2025\/08\/Captura-de-pantalla-2025-08-01-124603.png 185w, https:\/\/viuresobrerodes.cat\/wp-content\/uploads\/2025\/08\/Captura-de-pantalla-2025-08-01-124603-164x300.png 164w\" sizes=\"auto, (max-width: 185px) 100vw, 185px\" \/><\/figure>\n<\/div>\n<\/div>\n\n\n\n<p>Al mat\u00ed, una vegada tot recollit, el Miquel i l&#8217;A anaren a una botiga-bar\ud83d\udeb6\u200d\u2642\ufe0f\ud83d\udeb6\u200d\u2640\ufe0f, per a comprar uns croissants\ud83e\udd50\ud83e\udd50\ud83e\udd50. Esmorz\u00e0rem i ens prepar\u00e0rem per anar a fer la visita.<\/p>\n\n\n\n<p>El <strong><a href=\"https:\/\/www.femturisme.cat\/ca\/establiments\/museu-de-les-mines-de-cercs\">museu <\/a><\/strong>\u00e9s molt interessant, hi ha una exposici\u00f3 d&#8217;eines \u2692i estris  \ud83d\udd26\ud83e\uddf0 que feien servir els miners \ud83d\udc77\u200d\u2642\ufe0f, mobiliari necessari per als primers auxilis\ud83d\udc89\ud83e\ude7a, mobiliari d&#8217;escola \ud83d\udcda\ud83d\udcbc\u2026 i un pis tal com era a l&#8217;\u00e8poca \u2026<\/p>\n\n\n\n<p><\/p>\n\n\n\n<div class=\"wp-block-columns is-layout-flex wp-container-core-columns-is-layout-9d6595d7 wp-block-columns-is-layout-flex\">\n<div class=\"wp-block-column is-layout-flow wp-block-column-is-layout-flow\">\n<figure class=\"wp-block-image size-large\"><img loading=\"lazy\" decoding=\"async\" width=\"462\" height=\"1024\" src=\"https:\/\/viuresobrerodes.cat\/wp-content\/uploads\/2025\/08\/IMG_20250723_110605-462x1024.jpg\" alt=\"\" class=\"wp-image-2179\" srcset=\"https:\/\/viuresobrerodes.cat\/wp-content\/uploads\/2025\/08\/IMG_20250723_110605-462x1024.jpg 462w, https:\/\/viuresobrerodes.cat\/wp-content\/uploads\/2025\/08\/IMG_20250723_110605-135x300.jpg 135w, https:\/\/viuresobrerodes.cat\/wp-content\/uploads\/2025\/08\/IMG_20250723_110605-768x1703.jpg 768w, https:\/\/viuresobrerodes.cat\/wp-content\/uploads\/2025\/08\/IMG_20250723_110605-693x1536.jpg 693w, https:\/\/viuresobrerodes.cat\/wp-content\/uploads\/2025\/08\/IMG_20250723_110605-924x2048.jpg 924w, https:\/\/viuresobrerodes.cat\/wp-content\/uploads\/2025\/08\/IMG_20250723_110605-scaled.jpg 1155w\" sizes=\"auto, (max-width: 462px) 100vw, 462px\" \/><\/figure>\n<\/div>\n\n\n\n<div class=\"wp-block-column is-layout-flow wp-block-column-is-layout-flow\">\n<figure class=\"wp-block-image size-large\"><img loading=\"lazy\" decoding=\"async\" width=\"462\" height=\"1024\" src=\"https:\/\/viuresobrerodes.cat\/wp-content\/uploads\/2025\/08\/IMG_20250723_110140-462x1024.jpg\" alt=\"\" class=\"wp-image-2180\" srcset=\"https:\/\/viuresobrerodes.cat\/wp-content\/uploads\/2025\/08\/IMG_20250723_110140-462x1024.jpg 462w, https:\/\/viuresobrerodes.cat\/wp-content\/uploads\/2025\/08\/IMG_20250723_110140-135x300.jpg 135w, https:\/\/viuresobrerodes.cat\/wp-content\/uploads\/2025\/08\/IMG_20250723_110140-768x1703.jpg 768w, https:\/\/viuresobrerodes.cat\/wp-content\/uploads\/2025\/08\/IMG_20250723_110140-693x1536.jpg 693w, https:\/\/viuresobrerodes.cat\/wp-content\/uploads\/2025\/08\/IMG_20250723_110140-924x2048.jpg 924w, https:\/\/viuresobrerodes.cat\/wp-content\/uploads\/2025\/08\/IMG_20250723_110140-scaled.jpg 1155w\" sizes=\"auto, (max-width: 462px) 100vw, 462px\" \/><\/figure>\n<\/div>\n\n\n\n<div class=\"wp-block-column is-layout-flow wp-block-column-is-layout-flow\">\n<figure class=\"wp-block-image size-large\"><img loading=\"lazy\" decoding=\"async\" width=\"462\" height=\"1024\" src=\"https:\/\/viuresobrerodes.cat\/wp-content\/uploads\/2025\/08\/IMG_20250723_110213-462x1024.jpg\" alt=\"\" class=\"wp-image-2181\" srcset=\"https:\/\/viuresobrerodes.cat\/wp-content\/uploads\/2025\/08\/IMG_20250723_110213-462x1024.jpg 462w, https:\/\/viuresobrerodes.cat\/wp-content\/uploads\/2025\/08\/IMG_20250723_110213-135x300.jpg 135w, https:\/\/viuresobrerodes.cat\/wp-content\/uploads\/2025\/08\/IMG_20250723_110213-768x1703.jpg 768w, https:\/\/viuresobrerodes.cat\/wp-content\/uploads\/2025\/08\/IMG_20250723_110213-693x1536.jpg 693w, https:\/\/viuresobrerodes.cat\/wp-content\/uploads\/2025\/08\/IMG_20250723_110213-924x2048.jpg 924w, https:\/\/viuresobrerodes.cat\/wp-content\/uploads\/2025\/08\/IMG_20250723_110213-scaled.jpg 1155w\" sizes=\"auto, (max-width: 462px) 100vw, 462px\" \/><\/figure>\n<\/div>\n<\/div>\n\n\n\n<p>Ens vingu\u00e9rem a buscar per anar a la mina. Ens proporcionaren un casc \ud83d\udc77\u200d\u2640\ufe0f\ud83d\udc77\u200d\u2640\ufe0f\ud83d\udc77\u200d\u2642\ufe0f, i puj\u00e0rem a una de les vagonetes, tal com ho feien els miners  i ens endins\u00e0rem mina en dins.<\/p>\n\n\n\n<div class=\"wp-block-columns is-layout-flex wp-container-core-columns-is-layout-9d6595d7 wp-block-columns-is-layout-flex\">\n<div class=\"wp-block-column is-layout-flow wp-block-column-is-layout-flow\">\n<figure class=\"wp-block-image size-full\"><img loading=\"lazy\" decoding=\"async\" width=\"371\" height=\"584\" src=\"https:\/\/viuresobrerodes.cat\/wp-content\/uploads\/2025\/08\/Captura-de-pantalla-2025-08-01-132810.png\" alt=\"\" class=\"wp-image-2186\" srcset=\"https:\/\/viuresobrerodes.cat\/wp-content\/uploads\/2025\/08\/Captura-de-pantalla-2025-08-01-132810.png 371w, https:\/\/viuresobrerodes.cat\/wp-content\/uploads\/2025\/08\/Captura-de-pantalla-2025-08-01-132810-191x300.png 191w\" sizes=\"auto, (max-width: 371px) 100vw, 371px\" \/><\/figure>\n<\/div>\n\n\n\n<div class=\"wp-block-column is-layout-flow wp-block-column-is-layout-flow\"><div class=\"wp-block-image\">\n<figure class=\"aligncenter size-full is-resized\"><img loading=\"lazy\" decoding=\"async\" width=\"187\" height=\"335\" src=\"https:\/\/viuresobrerodes.cat\/wp-content\/uploads\/2025\/08\/Captura-de-pantalla-2025-08-01-133231.png\" alt=\"\" class=\"wp-image-2184\" style=\"width:239px;height:auto\" srcset=\"https:\/\/viuresobrerodes.cat\/wp-content\/uploads\/2025\/08\/Captura-de-pantalla-2025-08-01-133231.png 187w, https:\/\/viuresobrerodes.cat\/wp-content\/uploads\/2025\/08\/Captura-de-pantalla-2025-08-01-133231-167x300.png 167w\" sizes=\"auto, (max-width: 187px) 100vw, 187px\" \/><\/figure>\n<\/div><\/div>\n\n\n\n<div class=\"wp-block-column is-layout-flow wp-block-column-is-layout-flow\">\n<figure class=\"wp-block-image size-full\"><img loading=\"lazy\" decoding=\"async\" width=\"378\" height=\"579\" src=\"https:\/\/viuresobrerodes.cat\/wp-content\/uploads\/2025\/08\/Captura-de-pantalla-2025-08-01-133028.png\" alt=\"\" class=\"wp-image-2185\" srcset=\"https:\/\/viuresobrerodes.cat\/wp-content\/uploads\/2025\/08\/Captura-de-pantalla-2025-08-01-133028.png 378w, https:\/\/viuresobrerodes.cat\/wp-content\/uploads\/2025\/08\/Captura-de-pantalla-2025-08-01-133028-196x300.png 196w\" sizes=\"auto, (max-width: 378px) 100vw, 378px\" \/><\/figure>\n<\/div>\n<\/div>\n\n\n\n<p>Com \u00e9s natural les dues mines s\u00f3n ben diferents, com el blanc i el negre, per\u00f2 les dues molt interessants. La de Sant Corneli, de carb\u00f3, explica m\u00e9s les pen\u00faries que passaven aquells miners i les seves fam\u00edlies \ud83d\udc68\u200d\ud83d\udc69\u200d\ud83d\udc67\u200d\ud83d\udc66.<\/p>\n\n\n\n<p>La tarda no la pogu\u00e9rem aprofitar, va ploure molt, nom\u00e9s com a estones parava, an\u00e0vem al parc amb l&#8217;A  .&nbsp;<\/p>\n\n\n\n<p>Al mat\u00ed, buid\u00e0rem les aig\u00fces grises \ud83d\udebf i negres \ud83d\udebd, ompl\u00edrem de potable \ud83d\udeb0 i au, \ud83d\ude90 cap a la <strong><a href=\"https:\/\/patrimoni.gencat.cat\/es\/coleccion\/icnitas-de-fumanya\">Vall de Fumanya<\/a><\/strong>, a veure els <strong>dinosaures<\/strong>\ud83e\udd95 .<\/p>\n\n\n\n<p><strong>Fumanya<\/strong>, \u00e9s un dels nuclis que pertanyen a <strong>F\u00edgols (Bergued\u00e0)<\/strong>. V\u00e0rem poder contemplar el jaciment europeu m\u00e9s extens amb m\u00e9s petjades de <strong><a href=\"https:\/\/www.3cat.cat\/324\/el-titanosaure-un-dinosaure-catala-que-va-deixar-petjada\/noticia\/2916648\/\">titanosaure<\/a><\/strong>, en una pared de roca\ud83e\udd95\ud83e\udd96 .<\/p>\n\n\n<div class=\"wp-block-image\">\n<figure class=\"aligncenter size-large is-resized\"><img loading=\"lazy\" decoding=\"async\" width=\"1024\" height=\"462\" src=\"https:\/\/viuresobrerodes.cat\/wp-content\/uploads\/2025\/08\/IMG_20250724_130052-1024x462.jpg\" alt=\"\" class=\"wp-image-2187\" style=\"width:685px;height:auto\" srcset=\"https:\/\/viuresobrerodes.cat\/wp-content\/uploads\/2025\/08\/IMG_20250724_130052-1024x462.jpg 1024w, https:\/\/viuresobrerodes.cat\/wp-content\/uploads\/2025\/08\/IMG_20250724_130052-300x135.jpg 300w, https:\/\/viuresobrerodes.cat\/wp-content\/uploads\/2025\/08\/IMG_20250724_130052-768x346.jpg 768w, https:\/\/viuresobrerodes.cat\/wp-content\/uploads\/2025\/08\/IMG_20250724_130052-1536x693.jpg 1536w, https:\/\/viuresobrerodes.cat\/wp-content\/uploads\/2025\/08\/IMG_20250724_130052-2048x924.jpg 2048w, https:\/\/viuresobrerodes.cat\/wp-content\/uploads\/2025\/08\/IMG_20250724_130052-665x300.jpg 665w\" sizes=\"auto, (max-width: 1024px) 100vw, 1024px\" \/><\/figure>\n<\/div>\n\n<div class=\"wp-block-image\">\n<figure class=\"aligncenter size-large is-resized\"><img loading=\"lazy\" decoding=\"async\" width=\"1024\" height=\"462\" src=\"https:\/\/viuresobrerodes.cat\/wp-content\/uploads\/2025\/08\/IMG_20250724_134258-1024x462.jpg\" alt=\"\" class=\"wp-image-2190\" style=\"width:694px;height:auto\" srcset=\"https:\/\/viuresobrerodes.cat\/wp-content\/uploads\/2025\/08\/IMG_20250724_134258-1024x462.jpg 1024w, https:\/\/viuresobrerodes.cat\/wp-content\/uploads\/2025\/08\/IMG_20250724_134258-300x135.jpg 300w, https:\/\/viuresobrerodes.cat\/wp-content\/uploads\/2025\/08\/IMG_20250724_134258-768x346.jpg 768w, https:\/\/viuresobrerodes.cat\/wp-content\/uploads\/2025\/08\/IMG_20250724_134258-1536x693.jpg 1536w, https:\/\/viuresobrerodes.cat\/wp-content\/uploads\/2025\/08\/IMG_20250724_134258-2048x924.jpg 2048w, https:\/\/viuresobrerodes.cat\/wp-content\/uploads\/2025\/08\/IMG_20250724_134258-665x300.jpg 665w\" sizes=\"auto, (max-width: 1024px) 100vw, 1024px\" \/><\/figure>\n<\/div>\n\n\n<p>Un paisatge qu\u00e8, encara que saps que \u00e9s completament diferent de com era quan els dinosaures hi pasturaven \ud83e\udd96\ud83e\udd95, et fa somiar en com seria viure all\u00e0 en aquells moments. A l&#8217;interior: f\u00f2ssils de plantes , de crustacis\ud83d\udc1a , de peixos\ud83d\udc20 , d&#8217;ous \ud83d\udc23 \u2026 Fascinant! I v\u00eddeos.<\/p>\n\n\n\n<div class=\"wp-block-columns is-layout-flex wp-container-core-columns-is-layout-9d6595d7 wp-block-columns-is-layout-flex\">\n<div class=\"wp-block-column is-layout-flow wp-block-column-is-layout-flow\">\n<figure class=\"wp-block-image size-large\"><img loading=\"lazy\" decoding=\"async\" width=\"768\" height=\"1024\" src=\"https:\/\/viuresobrerodes.cat\/wp-content\/uploads\/2025\/08\/6d85c51d-b0b4-46a3-9ebf-7a0e792d9c5e-768x1024.jpg\" alt=\"\" class=\"wp-image-2192\" srcset=\"https:\/\/viuresobrerodes.cat\/wp-content\/uploads\/2025\/08\/6d85c51d-b0b4-46a3-9ebf-7a0e792d9c5e-768x1024.jpg 768w, https:\/\/viuresobrerodes.cat\/wp-content\/uploads\/2025\/08\/6d85c51d-b0b4-46a3-9ebf-7a0e792d9c5e-225x300.jpg 225w, https:\/\/viuresobrerodes.cat\/wp-content\/uploads\/2025\/08\/6d85c51d-b0b4-46a3-9ebf-7a0e792d9c5e-1152x1536.jpg 1152w, https:\/\/viuresobrerodes.cat\/wp-content\/uploads\/2025\/08\/6d85c51d-b0b4-46a3-9ebf-7a0e792d9c5e.jpg 1200w\" sizes=\"auto, (max-width: 768px) 100vw, 768px\" \/><\/figure>\n<\/div>\n\n\n\n<div class=\"wp-block-column is-layout-flow wp-block-column-is-layout-flow\">\n<figure class=\"wp-block-image size-large\"><img loading=\"lazy\" decoding=\"async\" width=\"768\" height=\"1024\" src=\"https:\/\/viuresobrerodes.cat\/wp-content\/uploads\/2025\/08\/27a8bcbd-da25-4c79-8995-8ccdc950d146-768x1024.jpg\" alt=\"\" class=\"wp-image-2193\" srcset=\"https:\/\/viuresobrerodes.cat\/wp-content\/uploads\/2025\/08\/27a8bcbd-da25-4c79-8995-8ccdc950d146-768x1024.jpg 768w, https:\/\/viuresobrerodes.cat\/wp-content\/uploads\/2025\/08\/27a8bcbd-da25-4c79-8995-8ccdc950d146-225x300.jpg 225w, https:\/\/viuresobrerodes.cat\/wp-content\/uploads\/2025\/08\/27a8bcbd-da25-4c79-8995-8ccdc950d146-1152x1536.jpg 1152w, https:\/\/viuresobrerodes.cat\/wp-content\/uploads\/2025\/08\/27a8bcbd-da25-4c79-8995-8ccdc950d146.jpg 1200w\" sizes=\"auto, (max-width: 768px) 100vw, 768px\" \/><\/figure>\n<\/div>\n\n\n\n<div class=\"wp-block-column is-layout-flow wp-block-column-is-layout-flow\">\n<figure class=\"wp-block-image size-large\"><img loading=\"lazy\" decoding=\"async\" width=\"768\" height=\"1024\" src=\"https:\/\/viuresobrerodes.cat\/wp-content\/uploads\/2025\/08\/WhatsApp-Image-2025-08-02-at-14.12.02-768x1024.jpeg\" alt=\"\" class=\"wp-image-2194\" srcset=\"https:\/\/viuresobrerodes.cat\/wp-content\/uploads\/2025\/08\/WhatsApp-Image-2025-08-02-at-14.12.02-768x1024.jpeg 768w, https:\/\/viuresobrerodes.cat\/wp-content\/uploads\/2025\/08\/WhatsApp-Image-2025-08-02-at-14.12.02-225x300.jpeg 225w, https:\/\/viuresobrerodes.cat\/wp-content\/uploads\/2025\/08\/WhatsApp-Image-2025-08-02-at-14.12.02-1152x1536.jpeg 1152w, https:\/\/viuresobrerodes.cat\/wp-content\/uploads\/2025\/08\/WhatsApp-Image-2025-08-02-at-14.12.02.jpeg 1200w\" sizes=\"auto, (max-width: 768px) 100vw, 768px\" \/><\/figure>\n<\/div>\n<\/div>\n\n\n\n<p>Din\u00e0rem i cap a <strong><a href=\"https:\/\/catalunyaturisme.cat\/la-pobla-de-lillet\/\">La Pobla de Lillet<\/a><\/strong>. Aparc\u00e0rem a un <strong><a href=\"https:\/\/park4night.com\/es\/place\/71367\">p\u00e0rquing\/\u00e0rea d&#8217;autocaravanes<\/a><\/strong>, qu\u00e8 s&#8217;avisa, \u00e9s inundable. Com que no trob\u00e0rem altre lloc per aparcar \ud83d\ude90, a l&#8217;oficina de turisme ens van dir que tot i haver plogut molt, amb alertes incloses, mai havia passat res, ens hi vam quedar. Visit\u00e0rem el poble medieval, preci\u00f3s \ud83d\ude0d<\/p>\n\n\n<div class=\"wp-block-image\">\n<figure class=\"aligncenter size-large is-resized\"><img loading=\"lazy\" decoding=\"async\" width=\"1024\" height=\"462\" src=\"https:\/\/viuresobrerodes.cat\/wp-content\/uploads\/2025\/08\/IMG_20250724_170041-1024x462.jpg\" alt=\"\" class=\"wp-image-2191\" style=\"width:725px;height:auto\" srcset=\"https:\/\/viuresobrerodes.cat\/wp-content\/uploads\/2025\/08\/IMG_20250724_170041-1024x462.jpg 1024w, https:\/\/viuresobrerodes.cat\/wp-content\/uploads\/2025\/08\/IMG_20250724_170041-300x135.jpg 300w, https:\/\/viuresobrerodes.cat\/wp-content\/uploads\/2025\/08\/IMG_20250724_170041-768x346.jpg 768w, https:\/\/viuresobrerodes.cat\/wp-content\/uploads\/2025\/08\/IMG_20250724_170041-1536x693.jpg 1536w, https:\/\/viuresobrerodes.cat\/wp-content\/uploads\/2025\/08\/IMG_20250724_170041-2048x924.jpg 2048w, https:\/\/viuresobrerodes.cat\/wp-content\/uploads\/2025\/08\/IMG_20250724_170041-665x300.jpg 665w\" sizes=\"auto, (max-width: 1024px) 100vw, 1024px\" \/><\/figure>\n<\/div>\n\n\n<div class=\"wp-block-columns is-layout-flex wp-container-core-columns-is-layout-9d6595d7 wp-block-columns-is-layout-flex\">\n<div class=\"wp-block-column is-layout-flow wp-block-column-is-layout-flow\">\n<figure class=\"wp-block-image size-large\"><img loading=\"lazy\" decoding=\"async\" width=\"768\" height=\"1024\" src=\"https:\/\/viuresobrerodes.cat\/wp-content\/uploads\/2025\/08\/49e29c81-0ccb-49bb-86a1-5e0023a079c1-768x1024.jpg\" alt=\"\" class=\"wp-image-2195\" srcset=\"https:\/\/viuresobrerodes.cat\/wp-content\/uploads\/2025\/08\/49e29c81-0ccb-49bb-86a1-5e0023a079c1-768x1024.jpg 768w, https:\/\/viuresobrerodes.cat\/wp-content\/uploads\/2025\/08\/49e29c81-0ccb-49bb-86a1-5e0023a079c1-225x300.jpg 225w, https:\/\/viuresobrerodes.cat\/wp-content\/uploads\/2025\/08\/49e29c81-0ccb-49bb-86a1-5e0023a079c1-1152x1536.jpg 1152w, https:\/\/viuresobrerodes.cat\/wp-content\/uploads\/2025\/08\/49e29c81-0ccb-49bb-86a1-5e0023a079c1.jpg 1200w\" sizes=\"auto, (max-width: 768px) 100vw, 768px\" \/><\/figure>\n<\/div>\n\n\n\n<div class=\"wp-block-column is-layout-flow wp-block-column-is-layout-flow\">\n<figure class=\"wp-block-image size-large\"><img loading=\"lazy\" decoding=\"async\" width=\"768\" height=\"1024\" src=\"https:\/\/viuresobrerodes.cat\/wp-content\/uploads\/2025\/08\/d7c03173-66e8-4b1c-ba11-58330ff48934-768x1024.jpg\" alt=\"\" class=\"wp-image-2196\" srcset=\"https:\/\/viuresobrerodes.cat\/wp-content\/uploads\/2025\/08\/d7c03173-66e8-4b1c-ba11-58330ff48934-768x1024.jpg 768w, https:\/\/viuresobrerodes.cat\/wp-content\/uploads\/2025\/08\/d7c03173-66e8-4b1c-ba11-58330ff48934-225x300.jpg 225w, https:\/\/viuresobrerodes.cat\/wp-content\/uploads\/2025\/08\/d7c03173-66e8-4b1c-ba11-58330ff48934-1152x1536.jpg 1152w, https:\/\/viuresobrerodes.cat\/wp-content\/uploads\/2025\/08\/d7c03173-66e8-4b1c-ba11-58330ff48934.jpg 1200w\" sizes=\"auto, (max-width: 768px) 100vw, 768px\" \/><\/figure>\n<\/div>\n<\/div>\n\n\n\n<p>i, com la nevera ja plorava, compr\u00e0rem per omplir-la \ud83d\uded2 i torn\u00e0rem a la Mussi \ud83d\ude90.<\/p>\n\n\n\n<p>Nom\u00e9s arribar a l&#8217;autocaravana es va posar a ploure, no va passar d&#8217;estar el terra enfangat i amb bassals\u2026 quan posen &#8220;inundable&#8221; potser es refereixen aix\u00f2. Pass\u00e0rem la nit molt b\u00e9 sentint el murmuri del riu.<\/p>\n\n\n\n<p>Al mat\u00ed, abandon\u00e0rem l&#8217;\u00e0rea d&#8217;autocaravanes, i an\u00e0rem cap al <a href=\"https:\/\/turismelillet.cat\/tour-item\/museu-ciment\/\">&#8220;<strong>Museu del Ciment<\/strong>&#8220;<\/a>, per anar vam haver d&#8217;agafar el <a href=\"https:\/\/turistren.cat\/historia-tren-ciment-petit-tren-gran-importancia\/\"><strong>&#8220;Trenet del Ciment<\/strong>&#8220;<\/a>\ud83d\ude82 , que est\u00e0 a un km del poble. Aparc\u00e0rem \ud83d\ude90 a l&#8217;estaci\u00f3 \ud83d\ude89.<\/p>\n\n\n<div class=\"wp-block-image\">\n<figure class=\"aligncenter size-full is-resized\"><img loading=\"lazy\" decoding=\"async\" width=\"298\" height=\"352\" src=\"https:\/\/viuresobrerodes.cat\/wp-content\/uploads\/2025\/08\/Captura-de-pantalla-2025-08-02-152713.png\" alt=\"\" class=\"wp-image-2197\" style=\"width:346px;height:auto\" srcset=\"https:\/\/viuresobrerodes.cat\/wp-content\/uploads\/2025\/08\/Captura-de-pantalla-2025-08-02-152713.png 298w, https:\/\/viuresobrerodes.cat\/wp-content\/uploads\/2025\/08\/Captura-de-pantalla-2025-08-02-152713-254x300.png 254w\" sizes=\"auto, (max-width: 298px) 100vw, 298px\" \/><\/figure>\n<\/div>\n\n\n<p>i all\u00e0, visit\u00e0rem una exposici\u00f3 de locomotores \ud83d\ude82, vagons antics i cotxes de la vall del riu Llobregat <\/p>\n\n\n<div class=\"wp-block-image\">\n<figure class=\"aligncenter size-large is-resized\"><img loading=\"lazy\" decoding=\"async\" width=\"1024\" height=\"462\" src=\"https:\/\/viuresobrerodes.cat\/wp-content\/uploads\/2025\/08\/IMG_20250725_110612-1024x462.jpg\" alt=\"\" class=\"wp-image-2198\" style=\"width:680px;height:auto\" srcset=\"https:\/\/viuresobrerodes.cat\/wp-content\/uploads\/2025\/08\/IMG_20250725_110612-1024x462.jpg 1024w, https:\/\/viuresobrerodes.cat\/wp-content\/uploads\/2025\/08\/IMG_20250725_110612-300x135.jpg 300w, https:\/\/viuresobrerodes.cat\/wp-content\/uploads\/2025\/08\/IMG_20250725_110612-768x346.jpg 768w, https:\/\/viuresobrerodes.cat\/wp-content\/uploads\/2025\/08\/IMG_20250725_110612-1536x693.jpg 1536w, https:\/\/viuresobrerodes.cat\/wp-content\/uploads\/2025\/08\/IMG_20250725_110612-2048x924.jpg 2048w, https:\/\/viuresobrerodes.cat\/wp-content\/uploads\/2025\/08\/IMG_20250725_110612-665x300.jpg 665w\" sizes=\"auto, (max-width: 1024px) 100vw, 1024px\" \/><\/figure>\n<\/div>\n\n\n<p> L&#8217;A va fer un amiguet, l&#8217;Eric. Abans d&#8217;entrar al <strong>museu<\/strong>, van jugar a separar i netejar les pedres tal com feien els treballadors. <\/p>\n\n\n<div class=\"wp-block-image\">\n<figure class=\"aligncenter size-large is-resized\"><img loading=\"lazy\" decoding=\"async\" width=\"1024\" height=\"462\" src=\"https:\/\/viuresobrerodes.cat\/wp-content\/uploads\/2025\/08\/IMG_20250725_133028-1024x462.jpg\" alt=\"\" class=\"wp-image-2199\" style=\"width:685px;height:auto\" srcset=\"https:\/\/viuresobrerodes.cat\/wp-content\/uploads\/2025\/08\/IMG_20250725_133028-1024x462.jpg 1024w, https:\/\/viuresobrerodes.cat\/wp-content\/uploads\/2025\/08\/IMG_20250725_133028-300x135.jpg 300w, https:\/\/viuresobrerodes.cat\/wp-content\/uploads\/2025\/08\/IMG_20250725_133028-768x346.jpg 768w, https:\/\/viuresobrerodes.cat\/wp-content\/uploads\/2025\/08\/IMG_20250725_133028-1536x693.jpg 1536w, https:\/\/viuresobrerodes.cat\/wp-content\/uploads\/2025\/08\/IMG_20250725_133028-2048x924.jpg 2048w, https:\/\/viuresobrerodes.cat\/wp-content\/uploads\/2025\/08\/IMG_20250725_133028-665x300.jpg 665w\" sizes=\"auto, (max-width: 1024px) 100vw, 1024px\" \/><\/figure>\n<\/div>\n\n\n<p>Dins, vei\u00e9rem un audiovisual i despr\u00e9s inici\u00e0rem la visita \ud83d\udeb6\u200d\u2640\ufe0f\ud83d\udeb6\u200d\u2640\ufe0f\ud83d\udeb6\u200d\u2640\ufe0f\ud83d\udeb6\u200d\u2642\ufe0f\ud83d\udeb6\u200d\u2642\ufe0f al <strong>museu<\/strong>.<\/p>\n\n\n<div class=\"wp-block-image\">\n<figure class=\"aligncenter size-large is-resized\"><img loading=\"lazy\" decoding=\"async\" width=\"1024\" height=\"462\" src=\"https:\/\/viuresobrerodes.cat\/wp-content\/uploads\/2025\/08\/IMG_20250725_121546-1024x462.jpg\" alt=\"\" class=\"wp-image-2203\" style=\"width:666px;height:auto\" srcset=\"https:\/\/viuresobrerodes.cat\/wp-content\/uploads\/2025\/08\/IMG_20250725_121546-1024x462.jpg 1024w, https:\/\/viuresobrerodes.cat\/wp-content\/uploads\/2025\/08\/IMG_20250725_121546-300x135.jpg 300w, https:\/\/viuresobrerodes.cat\/wp-content\/uploads\/2025\/08\/IMG_20250725_121546-768x346.jpg 768w, https:\/\/viuresobrerodes.cat\/wp-content\/uploads\/2025\/08\/IMG_20250725_121546-1536x693.jpg 1536w, https:\/\/viuresobrerodes.cat\/wp-content\/uploads\/2025\/08\/IMG_20250725_121546-2048x924.jpg 2048w, https:\/\/viuresobrerodes.cat\/wp-content\/uploads\/2025\/08\/IMG_20250725_121546-665x300.jpg 665w\" sizes=\"auto, (max-width: 1024px) 100vw, 1024px\" \/><\/figure>\n<\/div>\n\n\n<p>L&#8217;A i l&#8217;Erik \ud83d\udc67\ud83d\udc66, van anar desxifrant un joc dins de l&#8217;interior de l&#8217;<strong><a href=\"https:\/\/patrimoni.gencat.cat\/ca\/coleccio\/museu-del-ciment-asland\">antiga f\u00e0brica<\/a><\/strong>, amb passadissos i sales. Tamb\u00e9 la part superior m\u00e9s en ru\u00efnes\u2026 Tota una aventura! Als grans la visita tamb\u00e9 ens va agradar.<\/p>\n\n\n\n<div class=\"wp-block-columns is-layout-flex wp-container-core-columns-is-layout-9d6595d7 wp-block-columns-is-layout-flex\">\n<div class=\"wp-block-column is-layout-flow wp-block-column-is-layout-flow\">\n<figure class=\"wp-block-image size-large\"><img loading=\"lazy\" decoding=\"async\" width=\"462\" height=\"1024\" src=\"https:\/\/viuresobrerodes.cat\/wp-content\/uploads\/2025\/08\/IMG_20250725_124534-462x1024.jpg\" alt=\"\" class=\"wp-image-2200\" srcset=\"https:\/\/viuresobrerodes.cat\/wp-content\/uploads\/2025\/08\/IMG_20250725_124534-462x1024.jpg 462w, https:\/\/viuresobrerodes.cat\/wp-content\/uploads\/2025\/08\/IMG_20250725_124534-135x300.jpg 135w, https:\/\/viuresobrerodes.cat\/wp-content\/uploads\/2025\/08\/IMG_20250725_124534-768x1703.jpg 768w, https:\/\/viuresobrerodes.cat\/wp-content\/uploads\/2025\/08\/IMG_20250725_124534-693x1536.jpg 693w, https:\/\/viuresobrerodes.cat\/wp-content\/uploads\/2025\/08\/IMG_20250725_124534-924x2048.jpg 924w, https:\/\/viuresobrerodes.cat\/wp-content\/uploads\/2025\/08\/IMG_20250725_124534-scaled.jpg 1155w\" sizes=\"auto, (max-width: 462px) 100vw, 462px\" \/><\/figure>\n<\/div>\n\n\n\n<div class=\"wp-block-column is-layout-flow wp-block-column-is-layout-flow\">\n<figure class=\"wp-block-image size-large\"><img loading=\"lazy\" decoding=\"async\" width=\"462\" height=\"1024\" src=\"https:\/\/viuresobrerodes.cat\/wp-content\/uploads\/2025\/08\/IMG_20250725_125056-462x1024.jpg\" alt=\"\" class=\"wp-image-2201\" srcset=\"https:\/\/viuresobrerodes.cat\/wp-content\/uploads\/2025\/08\/IMG_20250725_125056-462x1024.jpg 462w, https:\/\/viuresobrerodes.cat\/wp-content\/uploads\/2025\/08\/IMG_20250725_125056-135x300.jpg 135w, https:\/\/viuresobrerodes.cat\/wp-content\/uploads\/2025\/08\/IMG_20250725_125056-768x1703.jpg 768w, https:\/\/viuresobrerodes.cat\/wp-content\/uploads\/2025\/08\/IMG_20250725_125056-693x1536.jpg 693w, https:\/\/viuresobrerodes.cat\/wp-content\/uploads\/2025\/08\/IMG_20250725_125056-924x2048.jpg 924w, https:\/\/viuresobrerodes.cat\/wp-content\/uploads\/2025\/08\/IMG_20250725_125056-scaled.jpg 1155w\" sizes=\"auto, (max-width: 462px) 100vw, 462px\" \/><\/figure>\n<\/div>\n\n\n\n<div class=\"wp-block-column is-layout-flow wp-block-column-is-layout-flow\">\n<figure class=\"wp-block-image size-large\"><img loading=\"lazy\" decoding=\"async\" width=\"462\" height=\"1024\" src=\"https:\/\/viuresobrerodes.cat\/wp-content\/uploads\/2025\/08\/IMG_20250725_131224-462x1024.jpg\" alt=\"\" class=\"wp-image-2202\" srcset=\"https:\/\/viuresobrerodes.cat\/wp-content\/uploads\/2025\/08\/IMG_20250725_131224-462x1024.jpg 462w, https:\/\/viuresobrerodes.cat\/wp-content\/uploads\/2025\/08\/IMG_20250725_131224-135x300.jpg 135w, https:\/\/viuresobrerodes.cat\/wp-content\/uploads\/2025\/08\/IMG_20250725_131224-768x1703.jpg 768w, https:\/\/viuresobrerodes.cat\/wp-content\/uploads\/2025\/08\/IMG_20250725_131224-693x1536.jpg 693w, https:\/\/viuresobrerodes.cat\/wp-content\/uploads\/2025\/08\/IMG_20250725_131224-924x2048.jpg 924w, https:\/\/viuresobrerodes.cat\/wp-content\/uploads\/2025\/08\/IMG_20250725_131224-scaled.jpg 1155w\" sizes=\"auto, (max-width: 462px) 100vw, 462px\" \/><\/figure>\n<\/div>\n<\/div>\n\n\n\n<p>Per tornar, agaf\u00e0rem el Trenet \ud83d\ude82 un altre cop fins a l&#8217;aparcament, i amb la Mussi \ud83d\ude90 ens despla\u00e7\u00e0rem, a els <strong><a href=\"https:\/\/patrimoni.gencat.cat\/ca\/coleccio\/jardins-artigas\">Jardins Artigas<\/a><\/strong> per damunt de la via, cosa que ens va fer una mica de cangueli, encara que sab\u00e9ssim que aquella hora no en passaven.<\/p>\n\n\n\n<div class=\"wp-block-columns is-layout-flex wp-container-core-columns-is-layout-9d6595d7 wp-block-columns-is-layout-flex\">\n<div class=\"wp-block-column is-layout-flow wp-block-column-is-layout-flow\"><div class=\"wp-block-image\">\n<figure class=\"aligncenter size-full\"><img loading=\"lazy\" decoding=\"async\" width=\"300\" height=\"483\" src=\"https:\/\/viuresobrerodes.cat\/wp-content\/uploads\/2025\/08\/Captura-de-pantalla-2025-08-02-161746.png\" alt=\"\" class=\"wp-image-2204\" srcset=\"https:\/\/viuresobrerodes.cat\/wp-content\/uploads\/2025\/08\/Captura-de-pantalla-2025-08-02-161746.png 300w, https:\/\/viuresobrerodes.cat\/wp-content\/uploads\/2025\/08\/Captura-de-pantalla-2025-08-02-161746-186x300.png 186w\" sizes=\"auto, (max-width: 300px) 100vw, 300px\" \/><\/figure>\n<\/div><\/div>\n\n\n\n<div class=\"wp-block-column is-layout-flow wp-block-column-is-layout-flow\"><div class=\"wp-block-image\">\n<figure class=\"aligncenter size-large is-resized\"><img loading=\"lazy\" decoding=\"async\" width=\"462\" height=\"1024\" src=\"https:\/\/viuresobrerodes.cat\/wp-content\/uploads\/2025\/08\/IMG_20250725_173240-462x1024.jpg\" alt=\"\" class=\"wp-image-2205\" style=\"width:220px;height:auto\" srcset=\"https:\/\/viuresobrerodes.cat\/wp-content\/uploads\/2025\/08\/IMG_20250725_173240-462x1024.jpg 462w, https:\/\/viuresobrerodes.cat\/wp-content\/uploads\/2025\/08\/IMG_20250725_173240-135x300.jpg 135w, https:\/\/viuresobrerodes.cat\/wp-content\/uploads\/2025\/08\/IMG_20250725_173240-768x1703.jpg 768w, https:\/\/viuresobrerodes.cat\/wp-content\/uploads\/2025\/08\/IMG_20250725_173240-693x1536.jpg 693w, https:\/\/viuresobrerodes.cat\/wp-content\/uploads\/2025\/08\/IMG_20250725_173240-924x2048.jpg 924w, https:\/\/viuresobrerodes.cat\/wp-content\/uploads\/2025\/08\/IMG_20250725_173240-scaled.jpg 1155w\" sizes=\"auto, (max-width: 462px) 100vw, 462px\" \/><\/figure>\n<\/div><\/div>\n<\/div>\n\n\n\n<p>Els <strong><a href=\"https:\/\/turistren.cat\/es\/jardines-artigas-el-tesoro-secreto-de-gaudi\/\">Jardins Artigas, de Gaud\u00ed<\/a><\/strong>,<\/p>\n\n\n\n<div class=\"wp-block-columns is-layout-flex wp-container-core-columns-is-layout-9d6595d7 wp-block-columns-is-layout-flex\">\n<div class=\"wp-block-column is-layout-flow wp-block-column-is-layout-flow\">\n<figure class=\"wp-block-image size-large\"><img loading=\"lazy\" decoding=\"async\" width=\"462\" height=\"1024\" src=\"https:\/\/viuresobrerodes.cat\/wp-content\/uploads\/2025\/08\/IMG_20250725_162804-462x1024.jpg\" alt=\"\" class=\"wp-image-2206\" srcset=\"https:\/\/viuresobrerodes.cat\/wp-content\/uploads\/2025\/08\/IMG_20250725_162804-462x1024.jpg 462w, https:\/\/viuresobrerodes.cat\/wp-content\/uploads\/2025\/08\/IMG_20250725_162804-135x300.jpg 135w, https:\/\/viuresobrerodes.cat\/wp-content\/uploads\/2025\/08\/IMG_20250725_162804-768x1703.jpg 768w, https:\/\/viuresobrerodes.cat\/wp-content\/uploads\/2025\/08\/IMG_20250725_162804-693x1536.jpg 693w, https:\/\/viuresobrerodes.cat\/wp-content\/uploads\/2025\/08\/IMG_20250725_162804-924x2048.jpg 924w, https:\/\/viuresobrerodes.cat\/wp-content\/uploads\/2025\/08\/IMG_20250725_162804-scaled.jpg 1155w\" sizes=\"auto, (max-width: 462px) 100vw, 462px\" \/><\/figure>\n<\/div>\n\n\n\n<div class=\"wp-block-column is-layout-flow wp-block-column-is-layout-flow\">\n<figure class=\"wp-block-image size-large\"><img loading=\"lazy\" decoding=\"async\" width=\"462\" height=\"1024\" src=\"https:\/\/viuresobrerodes.cat\/wp-content\/uploads\/2025\/08\/IMG_20250725_162847-462x1024.jpg\" alt=\"\" class=\"wp-image-2207\" srcset=\"https:\/\/viuresobrerodes.cat\/wp-content\/uploads\/2025\/08\/IMG_20250725_162847-462x1024.jpg 462w, https:\/\/viuresobrerodes.cat\/wp-content\/uploads\/2025\/08\/IMG_20250725_162847-135x300.jpg 135w, https:\/\/viuresobrerodes.cat\/wp-content\/uploads\/2025\/08\/IMG_20250725_162847-768x1703.jpg 768w, https:\/\/viuresobrerodes.cat\/wp-content\/uploads\/2025\/08\/IMG_20250725_162847-693x1536.jpg 693w, https:\/\/viuresobrerodes.cat\/wp-content\/uploads\/2025\/08\/IMG_20250725_162847-924x2048.jpg 924w, https:\/\/viuresobrerodes.cat\/wp-content\/uploads\/2025\/08\/IMG_20250725_162847-scaled.jpg 1155w\" sizes=\"auto, (max-width: 462px) 100vw, 462px\" \/><\/figure>\n<\/div>\n\n\n\n<div class=\"wp-block-column is-layout-flow wp-block-column-is-layout-flow\">\n<figure class=\"wp-block-image size-large\"><img loading=\"lazy\" decoding=\"async\" width=\"462\" height=\"1024\" src=\"https:\/\/viuresobrerodes.cat\/wp-content\/uploads\/2025\/08\/IMG_20250725_164331-462x1024.jpg\" alt=\"\" class=\"wp-image-2208\" srcset=\"https:\/\/viuresobrerodes.cat\/wp-content\/uploads\/2025\/08\/IMG_20250725_164331-462x1024.jpg 462w, https:\/\/viuresobrerodes.cat\/wp-content\/uploads\/2025\/08\/IMG_20250725_164331-135x300.jpg 135w, https:\/\/viuresobrerodes.cat\/wp-content\/uploads\/2025\/08\/IMG_20250725_164331-768x1703.jpg 768w, https:\/\/viuresobrerodes.cat\/wp-content\/uploads\/2025\/08\/IMG_20250725_164331-693x1536.jpg 693w, https:\/\/viuresobrerodes.cat\/wp-content\/uploads\/2025\/08\/IMG_20250725_164331-924x2048.jpg 924w, https:\/\/viuresobrerodes.cat\/wp-content\/uploads\/2025\/08\/IMG_20250725_164331-scaled.jpg 1155w\" sizes=\"auto, (max-width: 462px) 100vw, 462px\" \/><\/figure>\n<\/div>\n<\/div>\n\n\n\n<p>s\u00f3n maqu\u00edssims \ud83d\ude0d, amb raconets i fonts, on pots anar amb la fam\u00edlia, fer moltes fotografies i divertir-te molt.<\/p>\n\n\n<div class=\"wp-block-image\">\n<figure class=\"aligncenter size-large is-resized\"><img loading=\"lazy\" decoding=\"async\" width=\"1024\" height=\"577\" src=\"https:\/\/viuresobrerodes.cat\/wp-content\/uploads\/2025\/08\/IMG_20250725_164657-2-1-1024x577.jpg\" alt=\"\" class=\"wp-image-2211\" style=\"width:666px;height:auto\" srcset=\"https:\/\/viuresobrerodes.cat\/wp-content\/uploads\/2025\/08\/IMG_20250725_164657-2-1-1024x577.jpg 1024w, https:\/\/viuresobrerodes.cat\/wp-content\/uploads\/2025\/08\/IMG_20250725_164657-2-1-300x169.jpg 300w, https:\/\/viuresobrerodes.cat\/wp-content\/uploads\/2025\/08\/IMG_20250725_164657-2-1-768x433.jpg 768w, https:\/\/viuresobrerodes.cat\/wp-content\/uploads\/2025\/08\/IMG_20250725_164657-2-1-1536x866.jpg 1536w, https:\/\/viuresobrerodes.cat\/wp-content\/uploads\/2025\/08\/IMG_20250725_164657-2-1-2048x1155.jpg 2048w, https:\/\/viuresobrerodes.cat\/wp-content\/uploads\/2025\/08\/IMG_20250725_164657-2-1-532x300.jpg 532w\" sizes=\"auto, (max-width: 1024px) 100vw, 1024px\" \/><\/figure>\n<\/div>\n\n\n<p>D&#8217;all\u00e0, vam anar a <strong><a href=\"https:\/\/www.turismecastellardenhug.cat\/site\/index\/ca.html\">Castellar de n&#8217;Hug<\/a><\/strong>. Ens instal\u00b7l\u00e0rem a l&#8217;<strong><a href=\"https:\/\/areascamper.com\/ficha\/area-autocaravanas-castellar-de-nuch-barcelona\/\">\u00e0rea d&#8217;autocaravanes<\/a><\/strong>, molt gran i maca, nom\u00e9s buid\u00e0rem les aig\u00fces negres \ud83d\udebd,<\/p>\n\n\n\n<div class=\"wp-block-columns is-layout-flex wp-container-core-columns-is-layout-9d6595d7 wp-block-columns-is-layout-flex\">\n<div class=\"wp-block-column is-layout-flow wp-block-column-is-layout-flow\">\n<figure class=\"wp-block-image size-large\"><img loading=\"lazy\" decoding=\"async\" width=\"768\" height=\"1024\" src=\"https:\/\/viuresobrerodes.cat\/wp-content\/uploads\/2025\/08\/f2b02261-c87c-4328-a088-b2ab1a4f03ca-768x1024.jpg\" alt=\"\" class=\"wp-image-2233\" srcset=\"https:\/\/viuresobrerodes.cat\/wp-content\/uploads\/2025\/08\/f2b02261-c87c-4328-a088-b2ab1a4f03ca-768x1024.jpg 768w, https:\/\/viuresobrerodes.cat\/wp-content\/uploads\/2025\/08\/f2b02261-c87c-4328-a088-b2ab1a4f03ca-225x300.jpg 225w, https:\/\/viuresobrerodes.cat\/wp-content\/uploads\/2025\/08\/f2b02261-c87c-4328-a088-b2ab1a4f03ca-1152x1536.jpg 1152w, https:\/\/viuresobrerodes.cat\/wp-content\/uploads\/2025\/08\/f2b02261-c87c-4328-a088-b2ab1a4f03ca.jpg 1536w\" sizes=\"auto, (max-width: 768px) 100vw, 768px\" \/><\/figure>\n<\/div>\n\n\n\n<div class=\"wp-block-column is-layout-flow wp-block-column-is-layout-flow\">\n<figure class=\"wp-block-image size-large\"><img loading=\"lazy\" decoding=\"async\" width=\"768\" height=\"1024\" src=\"https:\/\/viuresobrerodes.cat\/wp-content\/uploads\/2025\/08\/00f1d251-4e6a-4135-8f55-55c988170171-768x1024.jpg\" alt=\"\" class=\"wp-image-2234\" srcset=\"https:\/\/viuresobrerodes.cat\/wp-content\/uploads\/2025\/08\/00f1d251-4e6a-4135-8f55-55c988170171-768x1024.jpg 768w, https:\/\/viuresobrerodes.cat\/wp-content\/uploads\/2025\/08\/00f1d251-4e6a-4135-8f55-55c988170171-225x300.jpg 225w, https:\/\/viuresobrerodes.cat\/wp-content\/uploads\/2025\/08\/00f1d251-4e6a-4135-8f55-55c988170171-1152x1536.jpg 1152w, https:\/\/viuresobrerodes.cat\/wp-content\/uploads\/2025\/08\/00f1d251-4e6a-4135-8f55-55c988170171.jpg 1536w\" sizes=\"auto, (max-width: 768px) 100vw, 768px\" \/><\/figure>\n<\/div>\n<\/div>\n\n\n\n<p>contempl\u00e0rem els bous que pasturaven per all\u00e0 i baix\u00e0rem al poble xino-xano\ud83d\udeb6\u200d\u2642\ufe0f\ud83d\udeb6\u200d\u2640\ufe0f\ud83d\udeb6\u200d\u2640\ufe0f a fer un volt.<\/p>\n\n\n\n<div class=\"wp-block-columns is-layout-flex wp-container-core-columns-is-layout-9d6595d7 wp-block-columns-is-layout-flex\">\n<div class=\"wp-block-column is-layout-flow wp-block-column-is-layout-flow\">\n<figure class=\"wp-block-image size-large\"><img loading=\"lazy\" decoding=\"async\" width=\"576\" height=\"1024\" src=\"https:\/\/viuresobrerodes.cat\/wp-content\/uploads\/2025\/08\/863c7aef-3b2a-4ecf-9602-a0ee33f696c1-576x1024.jpg\" alt=\"\" class=\"wp-image-2235\" srcset=\"https:\/\/viuresobrerodes.cat\/wp-content\/uploads\/2025\/08\/863c7aef-3b2a-4ecf-9602-a0ee33f696c1-576x1024.jpg 576w, https:\/\/viuresobrerodes.cat\/wp-content\/uploads\/2025\/08\/863c7aef-3b2a-4ecf-9602-a0ee33f696c1-169x300.jpg 169w, https:\/\/viuresobrerodes.cat\/wp-content\/uploads\/2025\/08\/863c7aef-3b2a-4ecf-9602-a0ee33f696c1.jpg 720w\" sizes=\"auto, (max-width: 576px) 100vw, 576px\" \/><\/figure>\n<\/div>\n\n\n\n<div class=\"wp-block-column is-layout-flow wp-block-column-is-layout-flow\">\n<figure class=\"wp-block-image size-large\"><img loading=\"lazy\" decoding=\"async\" width=\"576\" height=\"1024\" src=\"https:\/\/viuresobrerodes.cat\/wp-content\/uploads\/2025\/08\/2ccf114a-f84f-45c0-a7c9-7473c3f07d9b-576x1024.jpg\" alt=\"\" class=\"wp-image-2236\" srcset=\"https:\/\/viuresobrerodes.cat\/wp-content\/uploads\/2025\/08\/2ccf114a-f84f-45c0-a7c9-7473c3f07d9b-576x1024.jpg 576w, https:\/\/viuresobrerodes.cat\/wp-content\/uploads\/2025\/08\/2ccf114a-f84f-45c0-a7c9-7473c3f07d9b-169x300.jpg 169w, https:\/\/viuresobrerodes.cat\/wp-content\/uploads\/2025\/08\/2ccf114a-f84f-45c0-a7c9-7473c3f07d9b.jpg 720w\" sizes=\"auto, (max-width: 576px) 100vw, 576px\" \/><\/figure>\n<\/div>\n<\/div>\n\n\n<div class=\"wp-block-image\">\n<figure class=\"aligncenter size-large is-resized\"><img loading=\"lazy\" decoding=\"async\" width=\"1024\" height=\"462\" src=\"https:\/\/viuresobrerodes.cat\/wp-content\/uploads\/2025\/08\/IMG_20250725_183100-1024x462.jpg\" alt=\"\" class=\"wp-image-2214\" style=\"width:680px;height:auto\" srcset=\"https:\/\/viuresobrerodes.cat\/wp-content\/uploads\/2025\/08\/IMG_20250725_183100-1024x462.jpg 1024w, https:\/\/viuresobrerodes.cat\/wp-content\/uploads\/2025\/08\/IMG_20250725_183100-300x135.jpg 300w, https:\/\/viuresobrerodes.cat\/wp-content\/uploads\/2025\/08\/IMG_20250725_183100-768x346.jpg 768w, https:\/\/viuresobrerodes.cat\/wp-content\/uploads\/2025\/08\/IMG_20250725_183100-1536x693.jpg 1536w, https:\/\/viuresobrerodes.cat\/wp-content\/uploads\/2025\/08\/IMG_20250725_183100-2048x924.jpg 2048w, https:\/\/viuresobrerodes.cat\/wp-content\/uploads\/2025\/08\/IMG_20250725_183100-665x300.jpg 665w\" sizes=\"auto, (max-width: 1024px) 100vw, 1024px\" \/><\/figure>\n<\/div>\n\n\n<div class=\"wp-block-columns is-layout-flex wp-container-core-columns-is-layout-9d6595d7 wp-block-columns-is-layout-flex\">\n<div class=\"wp-block-column is-layout-flow wp-block-column-is-layout-flow\">\n<figure class=\"wp-block-image size-large\"><img loading=\"lazy\" decoding=\"async\" width=\"462\" height=\"1024\" src=\"https:\/\/viuresobrerodes.cat\/wp-content\/uploads\/2025\/08\/IMG_20250725_185918-462x1024.jpg\" alt=\"\" class=\"wp-image-2215\" srcset=\"https:\/\/viuresobrerodes.cat\/wp-content\/uploads\/2025\/08\/IMG_20250725_185918-462x1024.jpg 462w, https:\/\/viuresobrerodes.cat\/wp-content\/uploads\/2025\/08\/IMG_20250725_185918-135x300.jpg 135w, https:\/\/viuresobrerodes.cat\/wp-content\/uploads\/2025\/08\/IMG_20250725_185918-768x1703.jpg 768w, https:\/\/viuresobrerodes.cat\/wp-content\/uploads\/2025\/08\/IMG_20250725_185918-693x1536.jpg 693w, https:\/\/viuresobrerodes.cat\/wp-content\/uploads\/2025\/08\/IMG_20250725_185918-924x2048.jpg 924w, https:\/\/viuresobrerodes.cat\/wp-content\/uploads\/2025\/08\/IMG_20250725_185918-scaled.jpg 1155w\" sizes=\"auto, (max-width: 462px) 100vw, 462px\" \/><\/figure>\n<\/div>\n\n\n\n<div class=\"wp-block-column is-layout-flow wp-block-column-is-layout-flow\">\n<figure class=\"wp-block-image size-large\"><img loading=\"lazy\" decoding=\"async\" width=\"462\" height=\"1024\" src=\"https:\/\/viuresobrerodes.cat\/wp-content\/uploads\/2025\/08\/IMG_20250725_185357-462x1024.jpg\" alt=\"\" class=\"wp-image-2216\" srcset=\"https:\/\/viuresobrerodes.cat\/wp-content\/uploads\/2025\/08\/IMG_20250725_185357-462x1024.jpg 462w, https:\/\/viuresobrerodes.cat\/wp-content\/uploads\/2025\/08\/IMG_20250725_185357-135x300.jpg 135w, https:\/\/viuresobrerodes.cat\/wp-content\/uploads\/2025\/08\/IMG_20250725_185357-768x1703.jpg 768w, https:\/\/viuresobrerodes.cat\/wp-content\/uploads\/2025\/08\/IMG_20250725_185357-693x1536.jpg 693w, https:\/\/viuresobrerodes.cat\/wp-content\/uploads\/2025\/08\/IMG_20250725_185357-924x2048.jpg 924w, https:\/\/viuresobrerodes.cat\/wp-content\/uploads\/2025\/08\/IMG_20250725_185357-scaled.jpg 1155w\" sizes=\"auto, (max-width: 462px) 100vw, 462px\" \/><\/figure>\n<\/div>\n<\/div>\n\n\n\n<p>Pass\u00e0rem la nit molt fresquets, l&#8217;A va dormir amb dues mantetes\u2026 aix\u00f2 venint d&#8217;un lloc xafog\u00f3s, el <strong>Baix Llobregat<\/strong>, \u00e9s plaer de d\u00e9us.<\/p>\n\n\n\n<p>Al mat\u00ed, an\u00e0rem a <strong><a href=\"https:\/\/www.femturisme.cat\/es\/pueblos\/guardiola-de-bergueda\">Guardiola de Bergued\u00e0<\/a><\/strong>, l&#8217;A havia d&#8217;anar a l&#8217;ambulatori, a qu\u00e8 li fessin una mirada a l&#8217;Impetigen que li havia sortit. D&#8217;all\u00e0, ten\u00edem pensat anar a <strong>Les Fonts del Llobregat<\/strong>, arrib\u00e0rem fins a l&#8217;aparcament, per\u00f2 l&#8217;A s&#8217;havia mig marejat, i ens digu\u00e9 que no volia anar-hi, aix\u00ed \u00e9s que vam girar cua i, cap avall, a posar benzina\u2026 all\u00e0 ens va dir que si vol\u00edem anar a les fonts\u2026 Per\u00f2 no, ho deix\u00e0rem per una altra vegada. I, \ud83d\ude90 carretera i manta cap a <strong><a href=\"https:\/\/catalunyaturisme.cat\/es\/gironella\/\">Gironella<\/a><\/strong>\ud83d\udc81\u200d\u2640\ufe0f .<\/p>\n\n\n\n<div class=\"wp-block-columns is-layout-flex wp-container-core-columns-is-layout-9d6595d7 wp-block-columns-is-layout-flex\">\n<div class=\"wp-block-column is-layout-flow wp-block-column-is-layout-flow\">\n<figure class=\"wp-block-image size-large\"><img loading=\"lazy\" decoding=\"async\" width=\"462\" height=\"1024\" src=\"https:\/\/viuresobrerodes.cat\/wp-content\/uploads\/2025\/08\/IMG_20250727_123749-462x1024.jpg\" alt=\"\" class=\"wp-image-2219\" srcset=\"https:\/\/viuresobrerodes.cat\/wp-content\/uploads\/2025\/08\/IMG_20250727_123749-462x1024.jpg 462w, https:\/\/viuresobrerodes.cat\/wp-content\/uploads\/2025\/08\/IMG_20250727_123749-135x300.jpg 135w, https:\/\/viuresobrerodes.cat\/wp-content\/uploads\/2025\/08\/IMG_20250727_123749-768x1703.jpg 768w, https:\/\/viuresobrerodes.cat\/wp-content\/uploads\/2025\/08\/IMG_20250727_123749-693x1536.jpg 693w, https:\/\/viuresobrerodes.cat\/wp-content\/uploads\/2025\/08\/IMG_20250727_123749-924x2048.jpg 924w, https:\/\/viuresobrerodes.cat\/wp-content\/uploads\/2025\/08\/IMG_20250727_123749-scaled.jpg 1155w\" sizes=\"auto, (max-width: 462px) 100vw, 462px\" \/><\/figure>\n<\/div>\n\n\n\n<div class=\"wp-block-column is-layout-flow wp-block-column-is-layout-flow\">\n<figure class=\"wp-block-image size-large\"><img loading=\"lazy\" decoding=\"async\" width=\"462\" height=\"1024\" src=\"https:\/\/viuresobrerodes.cat\/wp-content\/uploads\/2025\/08\/IMG_20250727_124510-462x1024.jpg\" alt=\"\" class=\"wp-image-2220\" srcset=\"https:\/\/viuresobrerodes.cat\/wp-content\/uploads\/2025\/08\/IMG_20250727_124510-462x1024.jpg 462w, https:\/\/viuresobrerodes.cat\/wp-content\/uploads\/2025\/08\/IMG_20250727_124510-135x300.jpg 135w, https:\/\/viuresobrerodes.cat\/wp-content\/uploads\/2025\/08\/IMG_20250727_124510-768x1703.jpg 768w, https:\/\/viuresobrerodes.cat\/wp-content\/uploads\/2025\/08\/IMG_20250727_124510-693x1536.jpg 693w, https:\/\/viuresobrerodes.cat\/wp-content\/uploads\/2025\/08\/IMG_20250727_124510-924x2048.jpg 924w, https:\/\/viuresobrerodes.cat\/wp-content\/uploads\/2025\/08\/IMG_20250727_124510-scaled.jpg 1155w\" sizes=\"auto, (max-width: 462px) 100vw, 462px\" \/><\/figure>\n<\/div>\n<\/div>\n\n\n\n<p><strong><a href=\"https:\/\/www.visitgironella.cat\/aparcament-autocaravanes\/\">L&#8217;\u00e0rea d&#8217;autocaravanes<\/a><\/strong> \u00e9s tamb\u00e9 gran, 21 places \ud83d\ude90 , al costat hi ha una super piscina, i un restaurant. Nom\u00e9s arribar el Miquel va veure que hi eren <strong><a href=\"https:\/\/losgummis.com\/quienes-somos\/\">&#8220;Los Gummis&#8221;<\/a><\/strong> (Jose i Isma), i tamb\u00e9 <a href=\"https:\/\/www.instagram.com\/dreamtraveldream\/\">&#8220;<strong>Dreamtraveldream<\/strong>&#8221; <\/a>(Merc\u00e8 i Xavier), i <strong><a href=\"https:\/\/www.instagram.com\/tietsproductions?igsh=MWRhNGt6b2MycG05MA==\">&#8220;Els Tietsproductions&#8221;<\/a><\/strong> ( Enric i Anna), els quals seguim a Instagram! \ud83d\ude4c Despr\u00e9s d&#8217;avisar-los de la nostra pres\u00e8ncia, vam preguntar si&nbsp;pod\u00edem anar a saludar-los, ja que est\u00e0vem all\u00e0 mateix, ens van dir que s\u00ed, que estaven jugant a cartes, i all\u00e0 an\u00e0rem \ud83d\ude0d .<\/p>\n\n\n<div class=\"wp-block-image\">\n<figure class=\"aligncenter size-large is-resized\"><img loading=\"lazy\" decoding=\"async\" width=\"1024\" height=\"462\" src=\"https:\/\/viuresobrerodes.cat\/wp-content\/uploads\/2025\/08\/IMG_20250727_095041-1024x462.jpg\" alt=\"\" class=\"wp-image-2218\" style=\"width:683px;height:auto\" srcset=\"https:\/\/viuresobrerodes.cat\/wp-content\/uploads\/2025\/08\/IMG_20250727_095041-1024x462.jpg 1024w, https:\/\/viuresobrerodes.cat\/wp-content\/uploads\/2025\/08\/IMG_20250727_095041-300x135.jpg 300w, https:\/\/viuresobrerodes.cat\/wp-content\/uploads\/2025\/08\/IMG_20250727_095041-768x346.jpg 768w, https:\/\/viuresobrerodes.cat\/wp-content\/uploads\/2025\/08\/IMG_20250727_095041-1536x693.jpg 1536w, https:\/\/viuresobrerodes.cat\/wp-content\/uploads\/2025\/08\/IMG_20250727_095041-2048x924.jpg 2048w, https:\/\/viuresobrerodes.cat\/wp-content\/uploads\/2025\/08\/IMG_20250727_095041-665x300.jpg 665w\" sizes=\"auto, (max-width: 1024px) 100vw, 1024px\" \/><\/figure>\n<\/div>\n\n\n<p>Totes tres parelles s\u00f3n molt maques, i l&#8217;A va fer amistat amb el Nil \ud83d\udc66, nebot de l&#8217;Enric i l&#8217;Anna.<\/p>\n\n\n\n<p>Qued\u00e0rem per anar a sopar tots junts al restaurant que hi ha al costat de la piscina. Sop\u00e0rem molt b\u00e9, escolt\u00e0rem m\u00fasica en directe i v\u00e0rem riure molt amb les an\u00e8cdotes que explicarem uns i altres \ud83d\ude02.<\/p>\n\n\n\n<div class=\"wp-block-columns is-layout-flex wp-container-core-columns-is-layout-9d6595d7 wp-block-columns-is-layout-flex\">\n<div class=\"wp-block-column is-layout-flow wp-block-column-is-layout-flow\"><div class=\"wp-block-image\">\n<figure class=\"aligncenter size-full\"><img loading=\"lazy\" decoding=\"async\" width=\"293\" height=\"576\" src=\"https:\/\/viuresobrerodes.cat\/wp-content\/uploads\/2025\/08\/Captura-de-pantalla-2025-08-03-112701.png\" alt=\"\" class=\"wp-image-2221\" srcset=\"https:\/\/viuresobrerodes.cat\/wp-content\/uploads\/2025\/08\/Captura-de-pantalla-2025-08-03-112701.png 293w, https:\/\/viuresobrerodes.cat\/wp-content\/uploads\/2025\/08\/Captura-de-pantalla-2025-08-03-112701-153x300.png 153w\" sizes=\"auto, (max-width: 293px) 100vw, 293px\" \/><\/figure>\n<\/div><\/div>\n\n\n\n<div class=\"wp-block-column is-layout-flow wp-block-column-is-layout-flow\">\n<figure class=\"wp-block-image size-full is-resized\"><img loading=\"lazy\" decoding=\"async\" width=\"297\" height=\"482\" src=\"https:\/\/viuresobrerodes.cat\/wp-content\/uploads\/2025\/08\/Captura-de-pantalla-2025-08-03-112543.png\" alt=\"\" class=\"wp-image-2222\" style=\"width:355px;height:auto\" srcset=\"https:\/\/viuresobrerodes.cat\/wp-content\/uploads\/2025\/08\/Captura-de-pantalla-2025-08-03-112543.png 297w, https:\/\/viuresobrerodes.cat\/wp-content\/uploads\/2025\/08\/Captura-de-pantalla-2025-08-03-112543-185x300.png 185w\" sizes=\"auto, (max-width: 297px) 100vw, 297px\" \/><\/figure>\n<\/div>\n<\/div>\n\n\n\n<p>Despr\u00e9s an\u00e0rem tot passejant fins al poble. Els comer\u00e7os estaven de festa, portes obertes, m\u00fasica en directe&#8230; El Tiet, que en sap molt, va dirigir les fotografies\u2026 Va ser una vetllada immillorable \ud83d\ude0d .<\/p>\n\n\n\n<div class=\"wp-block-columns is-layout-flex wp-container-core-columns-is-layout-9d6595d7 wp-block-columns-is-layout-flex\">\n<div class=\"wp-block-column is-layout-flow wp-block-column-is-layout-flow\"><div class=\"wp-block-image\">\n<figure class=\"aligncenter size-full\"><img loading=\"lazy\" decoding=\"async\" width=\"299\" height=\"489\" src=\"https:\/\/viuresobrerodes.cat\/wp-content\/uploads\/2025\/08\/Captura-de-pantalla-2025-08-03-113119.png\" alt=\"\" class=\"wp-image-2223\" srcset=\"https:\/\/viuresobrerodes.cat\/wp-content\/uploads\/2025\/08\/Captura-de-pantalla-2025-08-03-113119.png 299w, https:\/\/viuresobrerodes.cat\/wp-content\/uploads\/2025\/08\/Captura-de-pantalla-2025-08-03-113119-183x300.png 183w\" sizes=\"auto, (max-width: 299px) 100vw, 299px\" \/><\/figure>\n<\/div><\/div>\n\n\n\n<div class=\"wp-block-column is-layout-flow wp-block-column-is-layout-flow\">\n<figure class=\"wp-block-image size-full is-resized\"><img loading=\"lazy\" decoding=\"async\" width=\"296\" height=\"482\" src=\"https:\/\/viuresobrerodes.cat\/wp-content\/uploads\/2025\/08\/Captura-de-pantalla-2025-08-03-113020.png\" alt=\"\" class=\"wp-image-2224\" style=\"width:298px;height:auto\" srcset=\"https:\/\/viuresobrerodes.cat\/wp-content\/uploads\/2025\/08\/Captura-de-pantalla-2025-08-03-113020.png 296w, https:\/\/viuresobrerodes.cat\/wp-content\/uploads\/2025\/08\/Captura-de-pantalla-2025-08-03-113020-184x300.png 184w\" sizes=\"auto, (max-width: 296px) 100vw, 296px\" \/><\/figure>\n<\/div>\n<\/div>\n\n\n\n<p>Diumenge 27, nosaltres an\u00e0rem fins al poble a comprar \ud83d\uded2 , mentre que els altres gaudien de la piscina. Al migdia, ja van comen\u00e7ar a marxar tots cap a casa. Ens acomiad\u00e0rem de la Merc\u00e8 i el Xavier \ud83d\ude18, tamb\u00e9 de <strong><a href=\"https:\/\/www.instagram.com\/lavanllarga?igsh=MXJpeW1sMWY4ZjZrcA==\">&#8220;LaVanLarga&#8221;<\/a><\/strong> (el Jordi, la N\u00faria i la Jana) \ud83d\ude18, l&#8217;A, l&#8217;Eric i la Jana \ud83d\udc66\ud83d\udc67\ud83d\udc67 aprofitaren per jugar fins a l&#8217;\u00faltim moment.<\/p>\n\n\n\n<p>Ens qued\u00e0rem amb el Jose i L&#8217;Isma, ens vam fotografiar junts, i ens intercanviarem adhesius&#8230;<\/p>\n\n\n\n<div class=\"wp-block-columns is-layout-flex wp-container-core-columns-is-layout-9d6595d7 wp-block-columns-is-layout-flex\">\n<div class=\"wp-block-column is-layout-flow wp-block-column-is-layout-flow\"><div class=\"wp-block-image\">\n<figure class=\"aligncenter size-large is-resized\"><img loading=\"lazy\" decoding=\"async\" width=\"1024\" height=\"768\" src=\"https:\/\/viuresobrerodes.cat\/wp-content\/uploads\/2025\/08\/5f956d51-19fe-42ad-b835-a19807c91108-1024x768.jpg\" alt=\"\" class=\"wp-image-2229\" style=\"width:672px;height:auto\" srcset=\"https:\/\/viuresobrerodes.cat\/wp-content\/uploads\/2025\/08\/5f956d51-19fe-42ad-b835-a19807c91108-1024x768.jpg 1024w, https:\/\/viuresobrerodes.cat\/wp-content\/uploads\/2025\/08\/5f956d51-19fe-42ad-b835-a19807c91108-300x225.jpg 300w, https:\/\/viuresobrerodes.cat\/wp-content\/uploads\/2025\/08\/5f956d51-19fe-42ad-b835-a19807c91108-768x576.jpg 768w, https:\/\/viuresobrerodes.cat\/wp-content\/uploads\/2025\/08\/5f956d51-19fe-42ad-b835-a19807c91108-1536x1152.jpg 1536w, https:\/\/viuresobrerodes.cat\/wp-content\/uploads\/2025\/08\/5f956d51-19fe-42ad-b835-a19807c91108-400x300.jpg 400w, https:\/\/viuresobrerodes.cat\/wp-content\/uploads\/2025\/08\/5f956d51-19fe-42ad-b835-a19807c91108.jpg 1600w\" sizes=\"auto, (max-width: 1024px) 100vw, 1024px\" \/><\/figure>\n<\/div>\n\n<div class=\"wp-block-image\">\n<figure class=\"aligncenter size-full is-resized\"><img loading=\"lazy\" decoding=\"async\" width=\"366\" height=\"361\" src=\"https:\/\/viuresobrerodes.cat\/wp-content\/uploads\/2025\/08\/Captura-de-pantalla-2025-08-03-130106.png\" alt=\"\" class=\"wp-image-2231\" style=\"width:388px;height:auto\" srcset=\"https:\/\/viuresobrerodes.cat\/wp-content\/uploads\/2025\/08\/Captura-de-pantalla-2025-08-03-130106.png 366w, https:\/\/viuresobrerodes.cat\/wp-content\/uploads\/2025\/08\/Captura-de-pantalla-2025-08-03-130106-300x296.png 300w, https:\/\/viuresobrerodes.cat\/wp-content\/uploads\/2025\/08\/Captura-de-pantalla-2025-08-03-130106-60x60.png 60w, https:\/\/viuresobrerodes.cat\/wp-content\/uploads\/2025\/08\/Captura-de-pantalla-2025-08-03-130106-304x300.png 304w\" sizes=\"auto, (max-width: 366px) 100vw, 366px\" \/><\/figure>\n<\/div><\/div>\n<\/div>\n\n\n\n<p>i clar, tamb\u00e9 marxaren  \ud83d\ude18.<\/p>\n\n\n\n<p>El Miquel i l&#8217;A anaren a una pista de bicicletes o &#8220;Bike park&#8221; que hi ha all\u00e0 mateix \ud83d\udcf7, mentre que jo preparava la marxa de l&#8217;endem\u00e0 i escrivia \ud83d\udcbb part d&#8217;aquest relat. Despr\u00e9s de sopar, \ud83c\udf7d quan l&#8217;A dormia \ud83d\udecc, nosaltres ens segu\u00e9rem fora, per a gaudir de la fresca, que va cara.<\/p>\n\n\n\n<p>I dilluns 28, torn\u00e0rem cap el <strong>Baix Llobregat<\/strong>.<\/p>\n\n\n\n<p>\ud83d\ude4b\u200d\u2640\ufe0f\ud83d\ude4b\u200d\u2640\ufe0fUs deixem l\u2019enlla\u00e7 de les&nbsp;ubicacions&nbsp;dels llocs que hem visitat \ud83d\udc81\u200d\u2640\ufe0f .<\/p>\n\n\n\n<p><a href=\"https:\/\/maps.app.goo.gl\/hiMzkes7raqRhR2x6\">https:\/\/maps.app.goo.gl\/hiMzkes7raqRhR2x6<\/a><\/p>\n\n\n\n<p><\/p>\n\n\n\n<p><\/p>\n\n\n\n<p><\/p>\n","protected":false},"excerpt":{"rendered":"<p>El dia abans que l&#8217;A finalitz\u00e9s el casal d&#8217;estiu, ja vam comen\u00e7ar a preparar la ruta \ud83d\ude44\ud83d\ude03. Serien nou dies amb ella, i calia planificar dinars i sopars, per poder tenir el m\u00e0xim de temps lliure. Vol\u00edem visitar un munt de llocs que ja hav\u00edem buscat amb anterioritat. Llocs que esper\u00e0vem que la sorprengueren \ud83d\ude32 [&hellip;]<\/p>\n","protected":false},"author":1,"featured_media":2243,"comment_status":"open","ping_status":"open","sticky":false,"template":"","format":"standard","meta":{"_jetpack_memberships_contains_paid_content":false,"footnotes":""},"categories":[4],"tags":[430,447,450,441,433,94,23,82,63,429,432,446,452,453,434,449,448,445,68,440,454,451,436,437,443,439,444,438],"class_list":["post-2158","post","type-post","status-publish","format-standard","has-post-thumbnail","hentry","category-autocaravana","tag-area-dautocaravanes-de-cardona","tag-area-dautocaravanes-de-castellar-de-nhug","tag-area-dautocaravanes-de-gironella","tag-area-dautocaravanes-de-la-pobla-de-lillet","tag-area-de-sant-corneli","tag-autocaravana","tag-autosuministres-motor","tag-baix-llobregat","tag-carado-v132","tag-cardona","tag-castell-de-cardona","tag-castellar-de-nhug","tag-dreamtraveldream","tag-els-tietsproductions","tag-figols","tag-gironella","tag-guardiola-de-bergueda","tag-jardins-artigas","tag-la-noguera","tag-la-pobla-de-lillet","tag-lavanlarga","tag-los-gummis","tag-mina-de-carbo-de-sant-corneli","tag-mina-de-sal-de-cardona","tag-museu-del-ciment-asland","tag-petjades-de-titanosaure","tag-trenet-del-ciment-de-la-pobla-de-lillet","tag-vall-de-fomanya"],"jetpack_featured_media_url":"https:\/\/viuresobrerodes.cat\/wp-content\/uploads\/2025\/08\/IMG_20250725_165347-2-scaled.jpg","jetpack_sharing_enabled":true,"_links":{"self":[{"href":"https:\/\/viuresobrerodes.cat\/index.php?rest_route=\/wp\/v2\/posts\/2158","targetHints":{"allow":["GET"]}}],"collection":[{"href":"https:\/\/viuresobrerodes.cat\/index.php?rest_route=\/wp\/v2\/posts"}],"about":[{"href":"https:\/\/viuresobrerodes.cat\/index.php?rest_route=\/wp\/v2\/types\/post"}],"author":[{"embeddable":true,"href":"https:\/\/viuresobrerodes.cat\/index.php?rest_route=\/wp\/v2\/users\/1"}],"replies":[{"embeddable":true,"href":"https:\/\/viuresobrerodes.cat\/index.php?rest_route=%2Fwp%2Fv2%2Fcomments&post=2158"}],"version-history":[{"count":18,"href":"https:\/\/viuresobrerodes.cat\/index.php?rest_route=\/wp\/v2\/posts\/2158\/revisions"}],"predecessor-version":[{"id":2248,"href":"https:\/\/viuresobrerodes.cat\/index.php?rest_route=\/wp\/v2\/posts\/2158\/revisions\/2248"}],"wp:featuredmedia":[{"embeddable":true,"href":"https:\/\/viuresobrerodes.cat\/index.php?rest_route=\/wp\/v2\/media\/2243"}],"wp:attachment":[{"href":"https:\/\/viuresobrerodes.cat\/index.php?rest_route=%2Fwp%2Fv2%2Fmedia&parent=2158"}],"wp:term":[{"taxonomy":"category","embeddable":true,"href":"https:\/\/viuresobrerodes.cat\/index.php?rest_route=%2Fwp%2Fv2%2Fcategories&post=2158"},{"taxonomy":"post_tag","embeddable":true,"href":"https:\/\/viuresobrerodes.cat\/index.php?rest_route=%2Fwp%2Fv2%2Ftags&post=2158"}],"curies":[{"name":"wp","href":"https:\/\/api.w.org\/{rel}","templated":true}]}}