{"id":301,"date":"2022-09-04T18:20:49","date_gmt":"2022-09-04T18:20:49","guid":{"rendered":"http:\/\/viuresobrerodes.cat\/?p=301"},"modified":"2023-01-12T14:45:03","modified_gmt":"2023-01-12T14:45:03","slug":"ja-fa-quatre-mesos-que-tenim-la-mussi","status":"publish","type":"post","link":"https:\/\/viuresobrerodes.cat\/?p=301","title":{"rendered":"Ja\u00a0fa dos mesos que tenim\u00a0la\u00a0Mussi!!"},"content":{"rendered":"\n<p>Quan&nbsp;naixem\ud83d\udc76&nbsp;\u00e9s com si&nbsp;comenc\u00e9ssim&nbsp;a escriure un llibre. Anem escrivint i podem rellegir per\u00f2, sense poder rectificar res. Tothom que t&#8217;envolta pot llegir, rellegir i opinar sobre el que has escrit\ud83d\udc81\ud83d\ude46\ud83e\udd37, i&nbsp;encara que hagis&nbsp;intentat escriure&#8217;l, escollint les paraules m\u00e9s adients,\u270d\ufe0f no&nbsp;pressionant&nbsp;el&nbsp;bol\u00edgraf&nbsp;per evitar que quedin marques a les fulles en blanc \ud83d\udcd2, que la tinta sigui bona i no s&#8217;esborri, que la prosa sigui planera i el vers lleuger, sempre, sempre&nbsp;hi haur\u00e0&nbsp;cr\u00edtiques\ud83d\udc4e\ud83d\udc4d.<br>A partir del 5 de maig el que hem comen\u00e7at a escriure \u270d\ufe0fen el nostre llibre de la vida\ud83d\udcd2, per nosaltres, \u00e9s molt noved\u00f3s, diferent del que escriuen la majoria\u2026<\/p>\n\n\n\n<p><br>Doncs s\u00ed, i ja ens han passat moltes coses! La vam anar a buscar l&#8217;<strong><a href=\"https:\/\/z-p15.www.instagram.com\/tv\/CeXHZVdrndi\/?utm_source=ig_web_copy_link\">autocaravana, Carado V132<\/a><\/strong> \ud83d\ude90 a <strong>Vic<\/strong>, vam passar uns dies a <strong>Fran\u00e7a<\/strong>, a l&#8217;<a href=\"https:\/\/www.campercontact.com\/es\/francia\/occitania\/thues-entre-valls\/10337\/aire-de-camping-car-gorges-de-la-caranca\"><strong>\u00e0rea<\/strong> <strong>d&#8217;autocaravanes<\/strong> de<strong> Gorges de Carran\u00e7a<\/strong><\/a>, on vam fer una bona excursi\u00f3\ud83d\udeb6\ud83d\udeb6\ud83c\udffb\u200d\u2642\ufe0f\ud83d\udeb6\ud83c\udffb\u200d\u2640\ufe0f\ud83d\udeb6\ud83c\udffd\u200d\u2640\ufe0f <\/p>\n\n\n\n<figure class=\"wp-block-image size-large is-resized\"><img loading=\"lazy\" decoding=\"async\" src=\"http:\/\/viuresobrerodes.cat\/wp-content\/uploads\/2022\/09\/2-1-576x1024.jpg\" alt=\"\" class=\"wp-image-306\" width=\"162\" height=\"289\" srcset=\"https:\/\/viuresobrerodes.cat\/wp-content\/uploads\/2022\/09\/2-1-576x1024.jpg 576w, https:\/\/viuresobrerodes.cat\/wp-content\/uploads\/2022\/09\/2-1-169x300.jpg 169w, https:\/\/viuresobrerodes.cat\/wp-content\/uploads\/2022\/09\/2-1-768x1365.jpg 768w, https:\/\/viuresobrerodes.cat\/wp-content\/uploads\/2022\/09\/2-1-864x1536.jpg 864w, https:\/\/viuresobrerodes.cat\/wp-content\/uploads\/2022\/09\/2-1.jpg 900w\" sizes=\"auto, (max-width: 162px) 100vw, 162px\" \/><\/figure>\n\n\n\n<p>i vam poder gaudir d&#8217;una meravella de paisatge\ud83c\udfde\ufe0f. I tamb\u00e9 vam estar a l&#8217;<strong><a href=\"https:\/\/www.google.com\/maps\/place\/%C3%80rea+d'autocaravanes+de+la+Seu+d'Urgell\/@42.3575469,1.4664637,15z\/data=!4m5!3m4!1s0x0:0x1fd96a9bd4812a1c!8m2!3d42.3575469!4d1.4664637\">\u00e0rea d&#8217;autocaravanes de la Seu d&#8217;Urgell<\/a><\/strong>\ud83d\udea3\ud83e\udda2\ud83e\udd86!!<\/p>\n\n\n\n<p><\/p>\n\n\n\n<p><\/p>\n\n\n\n<figure class=\"wp-block-image size-large is-resized\"><img loading=\"lazy\" decoding=\"async\" src=\"http:\/\/viuresobrerodes.cat\/wp-content\/uploads\/2022\/09\/1-2-1024x576.jpg\" alt=\"\" class=\"wp-image-305\" width=\"282\" height=\"158\" srcset=\"https:\/\/viuresobrerodes.cat\/wp-content\/uploads\/2022\/09\/1-2-1024x576.jpg 1024w, https:\/\/viuresobrerodes.cat\/wp-content\/uploads\/2022\/09\/1-2-300x169.jpg 300w, https:\/\/viuresobrerodes.cat\/wp-content\/uploads\/2022\/09\/1-2-768x432.jpg 768w, https:\/\/viuresobrerodes.cat\/wp-content\/uploads\/2022\/09\/1-2-1536x864.jpg 1536w, https:\/\/viuresobrerodes.cat\/wp-content\/uploads\/2022\/09\/1-2-534x300.jpg 534w, https:\/\/viuresobrerodes.cat\/wp-content\/uploads\/2022\/09\/1-2.jpg 1599w\" sizes=\"auto, (max-width: 282px) 100vw, 282px\" \/><\/figure>\n\n\n\n<p><br>Despr\u00e9s va arribar investigar on netejar-la, buidar aig\u00fces grises\ud83d\udebf i les negres\ud83d\udebd, i on omplir d&#8217;aigua al <strong>Baix Llobregat<\/strong>\u2026 On poder pernoctar i <strong><a href=\"https:\/\/z-p15.www.instagram.com\/tv\/Cea9DhvOv2a\/?utm_source=ig_web_copy_link\">treballar<\/a><\/strong>&#8230;<\/p>\n\n\n\n<figure class=\"wp-block-image size-large is-resized\"><img loading=\"lazy\" decoding=\"async\" src=\"http:\/\/viuresobrerodes.cat\/wp-content\/uploads\/2022\/09\/3-1-576x1024.jpg\" alt=\"\" class=\"wp-image-307\" width=\"188\" height=\"335\" srcset=\"https:\/\/viuresobrerodes.cat\/wp-content\/uploads\/2022\/09\/3-1-576x1024.jpg 576w, https:\/\/viuresobrerodes.cat\/wp-content\/uploads\/2022\/09\/3-1-169x300.jpg 169w, https:\/\/viuresobrerodes.cat\/wp-content\/uploads\/2022\/09\/3-1-768x1365.jpg 768w, https:\/\/viuresobrerodes.cat\/wp-content\/uploads\/2022\/09\/3-1-864x1536.jpg 864w, https:\/\/viuresobrerodes.cat\/wp-content\/uploads\/2022\/09\/3-1.jpg 900w\" sizes=\"auto, (max-width: 188px) 100vw, 188px\" \/><\/figure>\n\n\n\n<p><br>Al camp base de <strong>la Noguera<\/strong>, a poc a poc, anar buidant caixes \ud83d\udce6\ud83d\uddc4\ufe0f, encara no hem acabat!!\ud83e\udd26\u2026 Amb tot aix\u00f2, vam salvar i retornar al seu h\u00e0bitat, una petita serp \ud83d\udc0dque havia entrat a casa<\/p>\n\n\n\n<figure class=\"wp-block-image size-large is-resized\"><img loading=\"lazy\" decoding=\"async\" src=\"http:\/\/viuresobrerodes.cat\/wp-content\/uploads\/2022\/09\/4-1-1024x576.jpg\" alt=\"\" class=\"wp-image-308\" width=\"348\" height=\"195\" srcset=\"https:\/\/viuresobrerodes.cat\/wp-content\/uploads\/2022\/09\/4-1-1024x576.jpg 1024w, https:\/\/viuresobrerodes.cat\/wp-content\/uploads\/2022\/09\/4-1-300x169.jpg 300w, https:\/\/viuresobrerodes.cat\/wp-content\/uploads\/2022\/09\/4-1-768x432.jpg 768w, https:\/\/viuresobrerodes.cat\/wp-content\/uploads\/2022\/09\/4-1-1536x864.jpg 1536w, https:\/\/viuresobrerodes.cat\/wp-content\/uploads\/2022\/09\/4-1-533x300.jpg 533w, https:\/\/viuresobrerodes.cat\/wp-content\/uploads\/2022\/09\/4-1.jpg 1600w\" sizes=\"auto, (max-width: 348px) 100vw, 348px\" \/><\/figure>\n\n\n\n<p> i una altra <strong><a href=\"https:\/\/z-p15.www.instagram.com\/tv\/CfPVgHBlIz_\/?utm_source=ig_web_copy_link\">serp<\/a><\/strong> \ud83d\udc0dm\u00e9s gran que estava escalfant-se arrambada a la paret de casa, la vam retornar al seu lloc.<\/p>\n\n\n\n<figure class=\"wp-block-image size-full is-resized\"><img loading=\"lazy\" decoding=\"async\" src=\"http:\/\/viuresobrerodes.cat\/wp-content\/uploads\/2022\/09\/5.jpg\" alt=\"\" class=\"wp-image-310\" width=\"487\" height=\"387\" srcset=\"https:\/\/viuresobrerodes.cat\/wp-content\/uploads\/2022\/09\/5.jpg 589w, https:\/\/viuresobrerodes.cat\/wp-content\/uploads\/2022\/09\/5-300x238.jpg 300w, https:\/\/viuresobrerodes.cat\/wp-content\/uploads\/2022\/09\/5-378x300.jpg 378w\" sizes=\"auto, (max-width: 487px) 100vw, 487px\" \/><\/figure>\n\n\n\n<p><br>Tamb\u00e9 vam enganxar la Covid i pensem que, com estem vacunats, va ser for\u00e7a lleu (febre, dolor corporal, tos i mocs \ud83e\udd27\ud83e\udd12\ud83e\udd74) per\u00f2, quinze dies sense poder relacionar-nos amb normalitat\u2026<br>Ara, en aquets moments estem preparant una sortideta \ud83d\ude90 amb la nostra n\u00e9ta, l&#8217;A\u2026 Per\u00f2 encara no s\u00f3n les vacances!!<\/p>\n\n\n\n<p>\ud83d\ude4b\u200d\u2640\ufe0f\ud83d\udc81\u200d\u2640\ufe0f Us deixem l&#8217;enlla\u00e7 de les&nbsp;ubicacions&nbsp;dels llocs que hem visitat.\ud83d\ude0a<\/p>\n\n\n\n<p><a href=\"https:\/\/goo.gl\/maps\/yU68m1Uv78VFDXe97\">https:\/\/goo.gl\/maps\/yU68m1Uv78VFDXe97<\/a><\/p>\n\n\n","protected":false},"excerpt":{"rendered":"<p>Quan&nbsp;naixem\ud83d\udc76&nbsp;\u00e9s com si&nbsp;comenc\u00e9ssim&nbsp;a escriure un llibre. Anem escrivint i podem rellegir per\u00f2, sense poder rectificar res. Tothom que t&#8217;envolta pot llegir, rellegir i opinar sobre el que has escrit\ud83d\udc81\ud83d\ude46\ud83e\udd37, i&nbsp;encara que hagis&nbsp;intentat escriure&#8217;l, escollint les paraules m\u00e9s adients,\u270d\ufe0f no&nbsp;pressionant&nbsp;el&nbsp;bol\u00edgraf&nbsp;per evitar que quedin marques a les fulles en blanc \ud83d\udcd2, que la tinta sigui bona i [&hellip;]<\/p>\n","protected":false},"author":2,"featured_media":306,"comment_status":"open","ping_status":"open","sticky":false,"template":"","format":"standard","meta":{"_jetpack_memberships_contains_paid_content":false,"footnotes":""},"categories":[4],"tags":[],"class_list":["post-301","post","type-post","status-publish","format-standard","has-post-thumbnail","hentry","category-autocaravana"],"jetpack_featured_media_url":"https:\/\/viuresobrerodes.cat\/wp-content\/uploads\/2022\/09\/2-1.jpg","jetpack_sharing_enabled":true,"_links":{"self":[{"href":"https:\/\/viuresobrerodes.cat\/index.php?rest_route=\/wp\/v2\/posts\/301","targetHints":{"allow":["GET"]}}],"collection":[{"href":"https:\/\/viuresobrerodes.cat\/index.php?rest_route=\/wp\/v2\/posts"}],"about":[{"href":"https:\/\/viuresobrerodes.cat\/index.php?rest_route=\/wp\/v2\/types\/post"}],"author":[{"embeddable":true,"href":"https:\/\/viuresobrerodes.cat\/index.php?rest_route=\/wp\/v2\/users\/2"}],"replies":[{"embeddable":true,"href":"https:\/\/viuresobrerodes.cat\/index.php?rest_route=%2Fwp%2Fv2%2Fcomments&post=301"}],"version-history":[{"count":12,"href":"https:\/\/viuresobrerodes.cat\/index.php?rest_route=\/wp\/v2\/posts\/301\/revisions"}],"predecessor-version":[{"id":759,"href":"https:\/\/viuresobrerodes.cat\/index.php?rest_route=\/wp\/v2\/posts\/301\/revisions\/759"}],"wp:featuredmedia":[{"embeddable":true,"href":"https:\/\/viuresobrerodes.cat\/index.php?rest_route=\/wp\/v2\/media\/306"}],"wp:attachment":[{"href":"https:\/\/viuresobrerodes.cat\/index.php?rest_route=%2Fwp%2Fv2%2Fmedia&parent=301"}],"wp:term":[{"taxonomy":"category","embeddable":true,"href":"https:\/\/viuresobrerodes.cat\/index.php?rest_route=%2Fwp%2Fv2%2Fcategories&post=301"},{"taxonomy":"post_tag","embeddable":true,"href":"https:\/\/viuresobrerodes.cat\/index.php?rest_route=%2Fwp%2Fv2%2Ftags&post=301"}],"curies":[{"name":"wp","href":"https:\/\/api.w.org\/{rel}","templated":true}]}}