{"id":315,"date":"2022-09-06T22:37:37","date_gmt":"2022-09-06T22:37:37","guid":{"rendered":"http:\/\/viuresobrerodes.cat\/?p=315"},"modified":"2023-08-31T21:21:05","modified_gmt":"2023-08-31T21:21:05","slug":"vacances-per-capitols-1r","status":"publish","type":"post","link":"https:\/\/viuresobrerodes.cat\/?p=315","title":{"rendered":"Vacances per cap\u00edtols. (1r) Arag\u00f3, Fran\u00e7a, Catalunya"},"content":{"rendered":"\n<p>Aquest any, les vacances les fem per cap\u00edtols!<br>El primer cap\u00edtol va comen\u00e7ar el dia 2 d&#8217;agost. Fugint de la calor, cap a <strong><a href=\"https:\/\/villadeainsa.com\/\">A\u00ednsa<\/a><\/strong> falta gent!\ud83c\udfc3\ud83c\udffc\u200d\u2640\ufe0f\ud83c\udfc3 .<\/p>\n\n\n\n<figure class=\"wp-block-image size-large is-resized\"><img loading=\"lazy\" decoding=\"async\" src=\"http:\/\/viuresobrerodes.cat\/wp-content\/uploads\/2022\/09\/1-3-1024x576.jpg\" alt=\"\" class=\"wp-image-316\" style=\"width:516px;height:289px\" width=\"516\" height=\"289\" srcset=\"https:\/\/viuresobrerodes.cat\/wp-content\/uploads\/2022\/09\/1-3-1024x576.jpg 1024w, https:\/\/viuresobrerodes.cat\/wp-content\/uploads\/2022\/09\/1-3-300x169.jpg 300w, https:\/\/viuresobrerodes.cat\/wp-content\/uploads\/2022\/09\/1-3-768x432.jpg 768w, https:\/\/viuresobrerodes.cat\/wp-content\/uploads\/2022\/09\/1-3-1536x864.jpg 1536w, https:\/\/viuresobrerodes.cat\/wp-content\/uploads\/2022\/09\/1-3-533x300.jpg 533w, https:\/\/viuresobrerodes.cat\/wp-content\/uploads\/2022\/09\/1-3.jpg 1600w\" sizes=\"auto, (max-width: 516px) 100vw, 516px\" \/><\/figure>\n\n\n\n<p><br><strong><a href=\"https:\/\/villadeainsa.com\/\">A\u00ednsa<\/a><\/strong> \u00e9s un municipi aragon\u00e8s situat a la prov\u00edncia d&#8217;<strong>Osca<\/strong> i enquadrat a la comarca del <strong>Sobrarb<\/strong>, a l&#8217;<strong>Arag\u00f3<\/strong>. \u00c0rea: 284,8 km\u00b2. Altitud: 569 m. Poblaci\u00f3: 2.151 (2018).<br>Per\u00f2 no vam aconseguir alliberar-nos de la calor, en feia tanta com a <strong>la Noguera<\/strong>! \ud83d\ude05.<br><strong><a href=\"https:\/\/areascamper.com\/ficha\/area-de-autocaravanas-en-ainsa-huesca\/\">L&#8217;\u00e0rea d&#8217;autocaravanes<\/a><\/strong>, \u00e9s un p\u00e0rquing municipal de pagament, (6 \u20ac 24\u202fh) per\u00f2 tothom treu taula i cadires\u2026 fins i tot una hamaca van penjar entre arbre i arbre! Si estava for\u00e7a b\u00e9 malgrat la calor. <strong><a href=\"https:\/\/villadeainsa.com\/\">A\u00efnsa<\/a><\/strong> \u00e9s molt maca \ud83d\ude0d, i encara que ja la coneixem, \u00e9s un plaer tornar a visitar-la.<\/p>\n\n\n\n<figure class=\"wp-block-image size-large is-resized\"><img loading=\"lazy\" decoding=\"async\" src=\"http:\/\/viuresobrerodes.cat\/wp-content\/uploads\/2022\/09\/3-2-1024x576.jpg\" alt=\"\" class=\"wp-image-318\" style=\"width:572px;height:321px\" width=\"572\" height=\"321\" srcset=\"https:\/\/viuresobrerodes.cat\/wp-content\/uploads\/2022\/09\/3-2-1024x576.jpg 1024w, https:\/\/viuresobrerodes.cat\/wp-content\/uploads\/2022\/09\/3-2-300x169.jpg 300w, https:\/\/viuresobrerodes.cat\/wp-content\/uploads\/2022\/09\/3-2-768x432.jpg 768w, https:\/\/viuresobrerodes.cat\/wp-content\/uploads\/2022\/09\/3-2-1536x864.jpg 1536w, https:\/\/viuresobrerodes.cat\/wp-content\/uploads\/2022\/09\/3-2-533x300.jpg 533w, https:\/\/viuresobrerodes.cat\/wp-content\/uploads\/2022\/09\/3-2.jpg 2000w\" sizes=\"auto, (max-width: 572px) 100vw, 572px\" \/><\/figure>\n\n\n\n<p><br>El dia 3, cap a <strong><a href=\"https:\/\/www.turismodearagon.com\/ficha\/plan\/\">Plan<\/a><\/strong>, que tamb\u00e9 \u00e9s un municipi aragon\u00e8s situat a la prov\u00edncia d&#8217;<strong>Osca<\/strong> i enquadrat a la comarca del Sobrarb. \u00c0rea: 92,5 km\u00b2. Altitud: 1.119 m. Poblaci\u00f3: 287 (2018)<br>A Plan, <strong>l&#8217;<\/strong><a href=\"https:\/\/www.youtube.com\/watch?v=fu7ceela0MM\"><strong>\u00e0rea<\/strong> <strong>d&#8217;autocaravanes<\/strong><\/a> novament \u00e9s un p\u00e0rquing municipal de pagament (6 \u20ac 24\u202fh), ens hi vam estar dues nits \ud83d\udecc. Hi ha un poliesportiu, la piscina \ud83c\udfca\u200d\u2640\ufe0f (3 \u20ac ) i un bar restaurant \ud83e\udd58. <\/p>\n\n\n\n<figure class=\"wp-block-image size-large is-resized\"><img loading=\"lazy\" decoding=\"async\" src=\"http:\/\/viuresobrerodes.cat\/wp-content\/uploads\/2022\/09\/c8855062-2779-4c31-a7b1-0c5777002cb9-576x1024.jpg\" alt=\"\" class=\"wp-image-321\" style=\"width:262px;height:466px\" width=\"262\" height=\"466\" srcset=\"https:\/\/viuresobrerodes.cat\/wp-content\/uploads\/2022\/09\/c8855062-2779-4c31-a7b1-0c5777002cb9-576x1024.jpg 576w, https:\/\/viuresobrerodes.cat\/wp-content\/uploads\/2022\/09\/c8855062-2779-4c31-a7b1-0c5777002cb9-169x300.jpg 169w, https:\/\/viuresobrerodes.cat\/wp-content\/uploads\/2022\/09\/c8855062-2779-4c31-a7b1-0c5777002cb9-768x1365.jpg 768w, https:\/\/viuresobrerodes.cat\/wp-content\/uploads\/2022\/09\/c8855062-2779-4c31-a7b1-0c5777002cb9-864x1536.jpg 864w, https:\/\/viuresobrerodes.cat\/wp-content\/uploads\/2022\/09\/c8855062-2779-4c31-a7b1-0c5777002cb9.jpg 1080w\" sizes=\"auto, (max-width: 262px) 100vw, 262px\" \/><\/figure>\n\n\n\n<p>Va ser tot un \u00e8xit poder gaudir de la piscina\ud83c\udfca\u200d\u2640\ufe0f, i d&#8217;un bon dinar \ud83e\udd58, que vam fer al restaurant.<\/p>\n\n\n\n<figure class=\"wp-block-image size-large is-resized\"><img loading=\"lazy\" decoding=\"async\" src=\"http:\/\/viuresobrerodes.cat\/wp-content\/uploads\/2022\/09\/71179480-4c2b-4ee6-b30f-cb328c459240-576x1024.jpg\" alt=\"\" class=\"wp-image-322\" style=\"width:264px;height:471px\" width=\"264\" height=\"471\"\/><\/figure>\n\n\n\n<p>El dia cinc, tot xino-xano v\u00e0rem enfilar cap a <strong>Fran\u00e7a<\/strong>. Vol\u00edem pujar a les <strong>pistes d&#8217;esqu\u00ed d&#8217;Aragnouet<\/strong>.<br>Entre els dies 5 i 6 pernoctarem \ud83d\udecc a l&#8217;estaci\u00f3 d&#8217;esqu\u00ed <strong><a href=\"https:\/\/www.campercontact.com\/es\/francia\/occitania\/saint-lary-soulan\/1946\/aire-camping-car-park-de-saint-lary-soulan\">Pla d&#8217;Adet, Saint Lary Soulan<\/a><\/strong> .<\/p>\n\n\n\n<figure class=\"wp-block-image size-full is-resized\"><img loading=\"lazy\" decoding=\"async\" src=\"http:\/\/viuresobrerodes.cat\/wp-content\/uploads\/2022\/09\/9.png\" alt=\"\" class=\"wp-image-327\" style=\"width:452px;height:514px\" width=\"452\" height=\"514\" srcset=\"https:\/\/viuresobrerodes.cat\/wp-content\/uploads\/2022\/09\/9.png 382w, https:\/\/viuresobrerodes.cat\/wp-content\/uploads\/2022\/09\/9-264x300.png 264w\" sizes=\"auto, (max-width: 452px) 100vw, 452px\" \/><\/figure>\n\n\n\n<p>\u00c9rem el dia 6, i tot anant per la carretera ens vam topar amb un lloc preci\u00f3s, aturarem les autocaravanes al primer lloc m\u00e9s proper, i ens endins\u00e0rem pel cam\u00ed \ud83d\udeb6\u200d\u2640\ufe0f\ud83d\udeb6 .<br><strong>Cam\u00ed de l&#8217;Arieou, Trameza\u00efgues<\/strong> \ud83d\ude0d<\/p>\n\n\n\n<figure class=\"wp-block-image size-full\"><img loading=\"lazy\" decoding=\"async\" width=\"478\" height=\"465\" src=\"http:\/\/viuresobrerodes.cat\/wp-content\/uploads\/2022\/09\/12.png\" alt=\"\" class=\"wp-image-331\" srcset=\"https:\/\/viuresobrerodes.cat\/wp-content\/uploads\/2022\/09\/12.png 478w, https:\/\/viuresobrerodes.cat\/wp-content\/uploads\/2022\/09\/12-300x292.png 300w, https:\/\/viuresobrerodes.cat\/wp-content\/uploads\/2022\/09\/12-308x300.png 308w\" sizes=\"auto, (max-width: 478px) 100vw, 478px\" \/><\/figure>\n\n\n\n<p>El dia 7 pass\u00e0rem per l&#8217;<strong><a href=\"http:\/\/www.peyragudes-air-club.fr\/\">A\u00e8drome&nbsp;de&nbsp;Peyragudes<\/a><\/strong>, vam estar una estona contemplant el paisatge, el poble i veient com feien classes de vol \ud83d\udee9\ufe0f <\/p>\n\n\n\n<figure class=\"wp-block-video\"><video height=\"416\" style=\"aspect-ratio: 640 \/ 416;\" width=\"640\" controls src=\"http:\/\/viuresobrerodes.cat\/wp-content\/uploads\/2023\/01\/WhatsApp-Video-2023-01-18-at-14.22.23.mp4\"><\/video><\/figure>\n\n\n\n<p>i au, cap a&nbsp;<strong><a href=\"https:\/\/www.france-voyage.com\/tourism\/bagneres-luchon-875.htm\">Banh\u00e8ras&nbsp;de&nbsp;Luishon<\/a><\/strong>&nbsp;on pens\u00e0vem pernoctar \ud83d\udecc. I pernoct\u00e0rem en un <strong><a href=\"https:\/\/www.campercontact.com\/es\/francia\/occitania\/bagneres-de-luchon\/1898\/lac-de-badech\">p\u00e0rquing d&#8217;autocaravanes<\/a><\/strong>, all\u00e0 ens trobarem amb una parella de <strong>Girona<\/strong> que portaven una&nbsp;<strong><a href=\"https:\/\/autosuministres.com\/autocaravanas\/carado-v-132\/\">Carado V132<\/a><\/strong>&nbsp;igual que la nostra i comprada tamb\u00e9 a&nbsp;<strong><a href=\"https:\/\/autosuministres.com\/\">AutoSuministres Motor<\/a><\/strong>!<br><strong><a href=\"https:\/\/www.france-voyage.com\/tourism\/bagneres-luchon-875.htm\">Banh\u00e8ras&nbsp;de&nbsp;Luishon<\/a><\/strong>&nbsp;\u00e9s un lloc preci\u00f3s\ud83d\ude0d, hi ha un llac&nbsp;en el qual&nbsp;es pot pescar , envoltat d&#8217;un gran jard\u00ed natural,<\/p>\n\n\n\n<figure class=\"wp-block-image size-large is-resized\"><img loading=\"lazy\" decoding=\"async\" src=\"http:\/\/viuresobrerodes.cat\/wp-content\/uploads\/2022\/09\/0f116c2b-b19f-4c62-886b-ff2e23217197-1024x577.jpg\" alt=\"\" class=\"wp-image-337\" style=\"width:550px;height:309px\" width=\"550\" height=\"309\" srcset=\"https:\/\/viuresobrerodes.cat\/wp-content\/uploads\/2022\/09\/0f116c2b-b19f-4c62-886b-ff2e23217197-1024x577.jpg 1024w, https:\/\/viuresobrerodes.cat\/wp-content\/uploads\/2022\/09\/0f116c2b-b19f-4c62-886b-ff2e23217197-300x169.jpg 300w, https:\/\/viuresobrerodes.cat\/wp-content\/uploads\/2022\/09\/0f116c2b-b19f-4c62-886b-ff2e23217197-768x432.jpg 768w, https:\/\/viuresobrerodes.cat\/wp-content\/uploads\/2022\/09\/0f116c2b-b19f-4c62-886b-ff2e23217197-1536x865.jpg 1536w, https:\/\/viuresobrerodes.cat\/wp-content\/uploads\/2022\/09\/0f116c2b-b19f-4c62-886b-ff2e23217197-533x300.jpg 533w, https:\/\/viuresobrerodes.cat\/wp-content\/uploads\/2022\/09\/0f116c2b-b19f-4c62-886b-ff2e23217197.jpg 1600w\" sizes=\"auto, (max-width: 550px) 100vw, 550px\" \/><\/figure>\n\n\n\n<p> i el <strong><a href=\"https:\/\/www.parcsetjardins.fr\/jardins\/1154-parc-thermal-du-casino\">Parc du Casino<\/a><\/strong>, amb unes <strong>Sequoies<\/strong> grandioses, <\/p>\n\n\n\n<figure class=\"wp-block-image size-large is-resized\"><img loading=\"lazy\" decoding=\"async\" src=\"http:\/\/viuresobrerodes.cat\/wp-content\/uploads\/2022\/09\/431a5eb5-3b85-4b7c-8b13-fea716c11024-576x1024.jpg\" alt=\"\" class=\"wp-image-339\" style=\"width:262px;height:468px\" width=\"262\" height=\"468\"\/><\/figure>\n\n\n\n<p>i una font tipus gruta amb&nbsp;cascada<\/p>\n\n\n\n<figure class=\"wp-block-image size-large is-resized\"><img loading=\"lazy\" decoding=\"async\" src=\"http:\/\/viuresobrerodes.cat\/wp-content\/uploads\/2022\/09\/3896c3e8-f8c3-4ee0-84c1-88895d9271bf-1024x576.jpg\" alt=\"\" class=\"wp-image-340\" style=\"width:514px;height:289px\" width=\"514\" height=\"289\" srcset=\"https:\/\/viuresobrerodes.cat\/wp-content\/uploads\/2022\/09\/3896c3e8-f8c3-4ee0-84c1-88895d9271bf-1024x576.jpg 1024w, https:\/\/viuresobrerodes.cat\/wp-content\/uploads\/2022\/09\/3896c3e8-f8c3-4ee0-84c1-88895d9271bf-300x169.jpg 300w, https:\/\/viuresobrerodes.cat\/wp-content\/uploads\/2022\/09\/3896c3e8-f8c3-4ee0-84c1-88895d9271bf-768x432.jpg 768w, https:\/\/viuresobrerodes.cat\/wp-content\/uploads\/2022\/09\/3896c3e8-f8c3-4ee0-84c1-88895d9271bf-1536x864.jpg 1536w, https:\/\/viuresobrerodes.cat\/wp-content\/uploads\/2022\/09\/3896c3e8-f8c3-4ee0-84c1-88895d9271bf-533x300.jpg 533w, https:\/\/viuresobrerodes.cat\/wp-content\/uploads\/2022\/09\/3896c3e8-f8c3-4ee0-84c1-88895d9271bf.jpg 1600w\" sizes=\"auto, (max-width: 514px) 100vw, 514px\" \/><\/figure>\n\n\n\n<p><\/p>\n\n\n\n<p>La nit del 7 al 8 ja est\u00e0vem a<a href=\"https:\/\/an.wikipedia.org\/wiki\/H%C3%B2s\">&nbsp;<strong>H\u00f2s<\/strong>, o&nbsp;<strong>Fos<\/strong><\/a>. I ens hi estarem fins al dia 9. Vam pernoctar en un <strong><a href=\"https:\/\/www.google.es\/maps\/place\/Ancien+Camping\/@42.8718409,0.737359,16.25z\/data=!4m13!1m7!3m6!1s0x12a892aabbe7ff4b:0x406f69c2f4126d0!2zMzE0NDAgSMOycywgRnJhbsOnYQ!3b1!8m2!3d42.872381!4d0.736588!3m4!1s0x12a8f30317f7a5f3:0x91370ddcb6319c89!8m2!3d42.8713096!4d0.7363039?hl=ca&amp;authuser=0\">antic c\u00e0mping <\/a><\/strong>al costat del riu, enganxat al poble. Eren les festes i hi havia atraccions \ud83c\udfa1\ud83c\udfa0, concursos de dibuix i de petanca. Va ser molt entretinguda l&#8217;estada all\u00e0, i no penseu que vagi ser un problema a l&#8217;hora de dormir, res d&#8217;aix\u00f2!\u23f0\ud83d\udecc<br>Fos ens va agradar molt, de fet fins ara no hi ha cap lloc dels que hem estat que no ens hagi agradat, podr\u00edem dir constantment all\u00f2 de &#8220;Que maco&#8221;\ud83d\ude0d.<\/p>\n\n\n\n<figure class=\"wp-block-image size-large is-resized\"><img loading=\"lazy\" decoding=\"async\" src=\"http:\/\/viuresobrerodes.cat\/wp-content\/uploads\/2022\/09\/13-576x1024.jpg\" alt=\"\" class=\"wp-image-343\" style=\"width:285px;height:507px\" width=\"285\" height=\"507\" srcset=\"https:\/\/viuresobrerodes.cat\/wp-content\/uploads\/2022\/09\/13-576x1024.jpg 576w, https:\/\/viuresobrerodes.cat\/wp-content\/uploads\/2022\/09\/13-169x300.jpg 169w, https:\/\/viuresobrerodes.cat\/wp-content\/uploads\/2022\/09\/13-768x1365.jpg 768w, https:\/\/viuresobrerodes.cat\/wp-content\/uploads\/2022\/09\/13-864x1536.jpg 864w, https:\/\/viuresobrerodes.cat\/wp-content\/uploads\/2022\/09\/13.jpg 1125w\" sizes=\"auto, (max-width: 285px) 100vw, 285px\" \/><\/figure>\n\n\n\n<p>El dia 9 vam enfilar \ud83d\ude90 cap <strong><a href=\"https:\/\/www.visitarties.es\/arties-el-pueblo\/\">Arties<\/a><\/strong> i el<strong> <a href=\"https:\/\/aranmap.com\/pla-de-beret\/\">Pla de Beret<\/a><\/strong> on ens&nbsp;hi estarem&nbsp;fins al&nbsp;dia 11.&nbsp;<\/p>\n\n\n\n<figure class=\"wp-block-image size-full is-resized\"><img loading=\"lazy\" decoding=\"async\" src=\"http:\/\/viuresobrerodes.cat\/wp-content\/uploads\/2022\/09\/Captura-de-pantalla-2022-09-06-233459.png\" alt=\"\" class=\"wp-image-346\" style=\"width:472px;height:409px\" width=\"472\" height=\"409\" srcset=\"https:\/\/viuresobrerodes.cat\/wp-content\/uploads\/2022\/09\/Captura-de-pantalla-2022-09-06-233459.png 537w, https:\/\/viuresobrerodes.cat\/wp-content\/uploads\/2022\/09\/Captura-de-pantalla-2022-09-06-233459-300x260.png 300w, https:\/\/viuresobrerodes.cat\/wp-content\/uploads\/2022\/09\/Captura-de-pantalla-2022-09-06-233459-346x300.png 346w\" sizes=\"auto, (max-width: 472px) 100vw, 472px\" \/><\/figure>\n\n\n\n<p>Tranquil\u00b7litat&nbsp;absoluta \ud83e\uddd8\ud83e\uddd8\u200d\u2642\ufe0f per\u00f2 molt&nbsp;entretinguts&nbsp;mirant les vaques, els&nbsp;vedells&nbsp;i els&nbsp;cavalls. Les vaques ens venien a saludar de bon mat\u00ed, o passava tot el ramat per&nbsp;darrere&nbsp;de les autocaravanes, cap a les&nbsp;<strong><a href=\"https:\/\/www.instagram.com\/tv\/ChSfDGgslbO\/?igshid=MDJmNzVkMjY=\">pastures<\/a><\/strong>.<\/p>\n\n\n\n<figure class=\"wp-block-image size-large is-resized\"><img loading=\"lazy\" decoding=\"async\" src=\"http:\/\/viuresobrerodes.cat\/wp-content\/uploads\/2022\/09\/480c159e-68f0-43f2-b2f5-f970233597a5-1024x576.jpg\" alt=\"\" class=\"wp-image-349\" style=\"width:435px;height:244px\" width=\"435\" height=\"244\" srcset=\"https:\/\/viuresobrerodes.cat\/wp-content\/uploads\/2022\/09\/480c159e-68f0-43f2-b2f5-f970233597a5-1024x576.jpg 1024w, https:\/\/viuresobrerodes.cat\/wp-content\/uploads\/2022\/09\/480c159e-68f0-43f2-b2f5-f970233597a5-300x169.jpg 300w, https:\/\/viuresobrerodes.cat\/wp-content\/uploads\/2022\/09\/480c159e-68f0-43f2-b2f5-f970233597a5-768x432.jpg 768w, https:\/\/viuresobrerodes.cat\/wp-content\/uploads\/2022\/09\/480c159e-68f0-43f2-b2f5-f970233597a5-1536x864.jpg 1536w, https:\/\/viuresobrerodes.cat\/wp-content\/uploads\/2022\/09\/480c159e-68f0-43f2-b2f5-f970233597a5-533x300.jpg 533w, https:\/\/viuresobrerodes.cat\/wp-content\/uploads\/2022\/09\/480c159e-68f0-43f2-b2f5-f970233597a5.jpg 2000w\" sizes=\"auto, (max-width: 435px) 100vw, 435px\" \/><\/figure>\n\n\n\n<p>Despr\u00e9s&nbsp;d&#8217;esmorzar \u2615 era una bona hora per fer excursions \ud83d\udeb6\u200d\u2640\ufe0f\ud83d\udeb6,&nbsp;perqu\u00e8&nbsp;a la tarda ens plovia &#8230; Un bon lloc per anar \u00e9s&nbsp;<strong><a href=\"https:\/\/www.visitvaldaran.com\/ca\/descobreix-la-val-daran\/pobles\/montgarri\/\">Montgarri<\/a><\/strong>, i all\u00e0 vam anar&#8230; \ud83d\ude0d.<\/p>\n\n\n\n<figure class=\"wp-block-image size-large is-resized\"><img loading=\"lazy\" decoding=\"async\" src=\"http:\/\/viuresobrerodes.cat\/wp-content\/uploads\/2022\/09\/6b4b05b0-1012-4120-8696-d109ed939f1c-1024x576.jpg\" alt=\"\" class=\"wp-image-351\" style=\"width:434px;height:244px\" width=\"434\" height=\"244\" srcset=\"https:\/\/viuresobrerodes.cat\/wp-content\/uploads\/2022\/09\/6b4b05b0-1012-4120-8696-d109ed939f1c-1024x576.jpg 1024w, https:\/\/viuresobrerodes.cat\/wp-content\/uploads\/2022\/09\/6b4b05b0-1012-4120-8696-d109ed939f1c-300x169.jpg 300w, https:\/\/viuresobrerodes.cat\/wp-content\/uploads\/2022\/09\/6b4b05b0-1012-4120-8696-d109ed939f1c-768x432.jpg 768w, https:\/\/viuresobrerodes.cat\/wp-content\/uploads\/2022\/09\/6b4b05b0-1012-4120-8696-d109ed939f1c-1536x864.jpg 1536w, https:\/\/viuresobrerodes.cat\/wp-content\/uploads\/2022\/09\/6b4b05b0-1012-4120-8696-d109ed939f1c-533x300.jpg 533w, https:\/\/viuresobrerodes.cat\/wp-content\/uploads\/2022\/09\/6b4b05b0-1012-4120-8696-d109ed939f1c.jpg 1600w\" sizes=\"auto, (max-width: 434px) 100vw, 434px\" \/><\/figure>\n\n\n\n<figure class=\"wp-block-image size-large is-resized\"><img loading=\"lazy\" decoding=\"async\" src=\"http:\/\/viuresobrerodes.cat\/wp-content\/uploads\/2022\/09\/8257129a-dcea-4387-bc3c-9a83fd17e6b0-576x1024.jpg\" alt=\"\" class=\"wp-image-352\" style=\"width:294px;height:523px\" width=\"294\" height=\"523\" srcset=\"https:\/\/viuresobrerodes.cat\/wp-content\/uploads\/2022\/09\/8257129a-dcea-4387-bc3c-9a83fd17e6b0-576x1024.jpg 576w, https:\/\/viuresobrerodes.cat\/wp-content\/uploads\/2022\/09\/8257129a-dcea-4387-bc3c-9a83fd17e6b0-169x300.jpg 169w, https:\/\/viuresobrerodes.cat\/wp-content\/uploads\/2022\/09\/8257129a-dcea-4387-bc3c-9a83fd17e6b0-768x1365.jpg 768w, https:\/\/viuresobrerodes.cat\/wp-content\/uploads\/2022\/09\/8257129a-dcea-4387-bc3c-9a83fd17e6b0-864x1536.jpg 864w, https:\/\/viuresobrerodes.cat\/wp-content\/uploads\/2022\/09\/8257129a-dcea-4387-bc3c-9a83fd17e6b0.jpg 900w\" sizes=\"auto, (max-width: 294px) 100vw, 294px\" \/><\/figure>\n\n\n\n<p><br> \ud83e\udd17I fins aqu\u00ed el primer cap\u00edtol de les vacances! \ud83d\ude01<\/p>\n\n\n\n<p>\ud83d\ude4b\u200d\u2640\ufe0f\ud83d\udc81\u200d\u2640\ufe0f Us deixem l&#8217;enlla\u00e7 de les&nbsp;ubicacions&nbsp;dels llocs que hem visitat.\ud83d\ude0a<\/p>\n\n\n\n<p><a href=\"https:\/\/goo.gl\/maps\/QNjGsSmVHRv5aZ6b7\">https:\/\/goo.gl\/maps\/QNjGsSmVHRv5aZ6b7<\/a><\/p>\n\n\n\n<p><\/p>\n","protected":false},"excerpt":{"rendered":"<p>Aquest any, les vacances les fem per cap\u00edtols!El primer cap\u00edtol va comen\u00e7ar el dia 2 d&#8217;agost. Fugint de la calor, cap a A\u00ednsa falta gent!\ud83c\udfc3\ud83c\udffc\u200d\u2640\ufe0f\ud83c\udfc3 . A\u00ednsa \u00e9s un municipi aragon\u00e8s situat a la prov\u00edncia d&#8217;Osca i enquadrat a la comarca del Sobrarb, a l&#8217;Arag\u00f3. \u00c0rea: 284,8 km\u00b2. Altitud: 569 m. Poblaci\u00f3: 2.151 (2018).Per\u00f2 no [&hellip;]<\/p>\n","protected":false},"author":1,"featured_media":316,"comment_status":"open","ping_status":"open","sticky":false,"template":"","format":"standard","meta":{"_jetpack_memberships_contains_paid_content":false,"footnotes":""},"categories":[4],"tags":[62,24,57,29,23,27,60,63,28,59,31,64,58,30,25,56,61],"class_list":["post-315","post","type-post","status-publish","format-standard","has-post-thumbnail","hentry","category-autocaravana","tag-aedrome-de-peyragudes","tag-ainsa","tag-aragnouet","tag-arties","tag-autosuministres-motor","tag-banheras-de-luishon","tag-cami-de-larieou","tag-carado-v132","tag-fos","tag-lary-soulan","tag-montgarri","tag-parc-du-casino","tag-pla-dadet","tag-pla-de-beret","tag-plan","tag-sobrarb","tag-tramezaigues"],"jetpack_featured_media_url":"https:\/\/viuresobrerodes.cat\/wp-content\/uploads\/2022\/09\/1-3.jpg","jetpack_sharing_enabled":true,"_links":{"self":[{"href":"https:\/\/viuresobrerodes.cat\/index.php?rest_route=\/wp\/v2\/posts\/315","targetHints":{"allow":["GET"]}}],"collection":[{"href":"https:\/\/viuresobrerodes.cat\/index.php?rest_route=\/wp\/v2\/posts"}],"about":[{"href":"https:\/\/viuresobrerodes.cat\/index.php?rest_route=\/wp\/v2\/types\/post"}],"author":[{"embeddable":true,"href":"https:\/\/viuresobrerodes.cat\/index.php?rest_route=\/wp\/v2\/users\/1"}],"replies":[{"embeddable":true,"href":"https:\/\/viuresobrerodes.cat\/index.php?rest_route=%2Fwp%2Fv2%2Fcomments&post=315"}],"version-history":[{"count":29,"href":"https:\/\/viuresobrerodes.cat\/index.php?rest_route=\/wp\/v2\/posts\/315\/revisions"}],"predecessor-version":[{"id":1213,"href":"https:\/\/viuresobrerodes.cat\/index.php?rest_route=\/wp\/v2\/posts\/315\/revisions\/1213"}],"wp:featuredmedia":[{"embeddable":true,"href":"https:\/\/viuresobrerodes.cat\/index.php?rest_route=\/wp\/v2\/media\/316"}],"wp:attachment":[{"href":"https:\/\/viuresobrerodes.cat\/index.php?rest_route=%2Fwp%2Fv2%2Fmedia&parent=315"}],"wp:term":[{"taxonomy":"category","embeddable":true,"href":"https:\/\/viuresobrerodes.cat\/index.php?rest_route=%2Fwp%2Fv2%2Fcategories&post=315"},{"taxonomy":"post_tag","embeddable":true,"href":"https:\/\/viuresobrerodes.cat\/index.php?rest_route=%2Fwp%2Fv2%2Ftags&post=315"}],"curies":[{"name":"wp","href":"https:\/\/api.w.org\/{rel}","templated":true}]}}