{"id":355,"date":"2022-09-11T17:13:20","date_gmt":"2022-09-11T17:13:20","guid":{"rendered":"http:\/\/viuresobrerodes.cat\/?p=355"},"modified":"2023-08-31T21:24:11","modified_gmt":"2023-08-31T21:24:11","slug":"vacances-per-capitols-2n","status":"publish","type":"post","link":"https:\/\/viuresobrerodes.cat\/?p=355","title":{"rendered":"Vacances per cap\u00edtols (2n) Catalunya,Catalunya N"},"content":{"rendered":"\n<p>El dia 24 d&#8217;agost, iniciarem la segona etapa de les vacances \ud83d\ude90  anant al<strong> <a href=\"https:\/\/turisme.plaestany.cat\/\">Pla de l&#8217;estany<\/a><\/strong>, a <strong><a href=\"https:\/\/www.catalunya.com\/porqueres-2-1-171371?language=ca\">Porqueres<\/a><\/strong>. <\/p>\n\n\n\n<figure class=\"wp-block-image size-large is-resized\"><img loading=\"lazy\" decoding=\"async\" src=\"http:\/\/viuresobrerodes.cat\/wp-content\/uploads\/2022\/09\/62e5bcb1-e051-4f92-aad6-43b501d13701-1024x576.jpg\" alt=\"\" class=\"wp-image-357\" style=\"width:537px;height:301px\" width=\"537\" height=\"301\" srcset=\"https:\/\/viuresobrerodes.cat\/wp-content\/uploads\/2022\/09\/62e5bcb1-e051-4f92-aad6-43b501d13701-1024x576.jpg 1024w, https:\/\/viuresobrerodes.cat\/wp-content\/uploads\/2022\/09\/62e5bcb1-e051-4f92-aad6-43b501d13701-300x169.jpg 300w, https:\/\/viuresobrerodes.cat\/wp-content\/uploads\/2022\/09\/62e5bcb1-e051-4f92-aad6-43b501d13701-768x432.jpg 768w, https:\/\/viuresobrerodes.cat\/wp-content\/uploads\/2022\/09\/62e5bcb1-e051-4f92-aad6-43b501d13701-1536x864.jpg 1536w, https:\/\/viuresobrerodes.cat\/wp-content\/uploads\/2022\/09\/62e5bcb1-e051-4f92-aad6-43b501d13701-533x300.jpg 533w, https:\/\/viuresobrerodes.cat\/wp-content\/uploads\/2022\/09\/62e5bcb1-e051-4f92-aad6-43b501d13701.jpg 2000w\" sizes=\"auto, (max-width: 537px) 100vw, 537px\" \/><\/figure>\n\n\n\n<p>Vol\u00edem pernoctar \ud83d\udecc a la <strong>zona d&#8217;autocaravanes<\/strong>  que hi ha al c\u00e0mping &#8220;<strong><a href=\"https:\/\/www.campingllac.com\/es\/\">El llac<\/a><\/strong>&#8220;.<\/p>\n\n\n\n<figure class=\"wp-block-image size-full\"><img loading=\"lazy\" decoding=\"async\" width=\"529\" height=\"296\" src=\"http:\/\/viuresobrerodes.cat\/wp-content\/uploads\/2022\/09\/Captura-de-pantalla-2022-09-08-232828.png\" alt=\"\" class=\"wp-image-362\" srcset=\"https:\/\/viuresobrerodes.cat\/wp-content\/uploads\/2022\/09\/Captura-de-pantalla-2022-09-08-232828.png 529w, https:\/\/viuresobrerodes.cat\/wp-content\/uploads\/2022\/09\/Captura-de-pantalla-2022-09-08-232828-300x168.png 300w\" sizes=\"auto, (max-width: 529px) 100vw, 529px\" \/><\/figure>\n\n\n\n<p><br>No era la primera vegada que visit\u00e0vem el lloc (durant deu anys vam estiuejar al c\u00e0mping, anys vuitanta, i despr\u00e9s amb moto un parell de cops).<br>Hi ha diferents punts d&#8217;inter\u00e8s que vol\u00edem visitar amb el Juanfra i la Feli.<br>En el <a href=\"https:\/\/www.campingllac.com\/es\/\"><strong>c\u00e0mping<\/strong> <strong>El llac<\/strong><\/a> ten\u00edem lloc, (10 \u20ac m\u00e9s 1,35 \u20ac de tassa tur\u00edstica) per passar la nit ( l&#8217;horari \u00e9s de 19 h a 10 h) i a m\u00e9s, pod\u00edem gaudir de tots els serveis que tenen els altres campistes, com ara \ud83d\udebf\ud83d\udebd\ud83d\udeb0&#8230; rentadores, assecadores\u2026 i la \ud83c\udfca\u200d\u2640\ufe0f! Despr\u00e9s d&#8217;instal\u00b7lar-nos, ens posarem el banyador i au, a refrescar-nos\ud83c\udfca\u200d\u2640\ufe0f ! Encara en quedava una hora per poder passar-ho b\u00e9 dins de l&#8217;aigua.<\/p>\n\n\n\n<figure class=\"wp-block-image size-large is-resized\"><img loading=\"lazy\" decoding=\"async\" src=\"http:\/\/viuresobrerodes.cat\/wp-content\/uploads\/2022\/09\/8590bbd9-9cb9-4fba-8b1b-865ab82c1785-1024x768.jpg\" alt=\"\" class=\"wp-image-360\" style=\"width:476px;height:357px\" width=\"476\" height=\"357\" srcset=\"https:\/\/viuresobrerodes.cat\/wp-content\/uploads\/2022\/09\/8590bbd9-9cb9-4fba-8b1b-865ab82c1785-1024x768.jpg 1024w, https:\/\/viuresobrerodes.cat\/wp-content\/uploads\/2022\/09\/8590bbd9-9cb9-4fba-8b1b-865ab82c1785-300x225.jpg 300w, https:\/\/viuresobrerodes.cat\/wp-content\/uploads\/2022\/09\/8590bbd9-9cb9-4fba-8b1b-865ab82c1785-768x576.jpg 768w, https:\/\/viuresobrerodes.cat\/wp-content\/uploads\/2022\/09\/8590bbd9-9cb9-4fba-8b1b-865ab82c1785-1536x1152.jpg 1536w, https:\/\/viuresobrerodes.cat\/wp-content\/uploads\/2022\/09\/8590bbd9-9cb9-4fba-8b1b-865ab82c1785-400x300.jpg 400w, https:\/\/viuresobrerodes.cat\/wp-content\/uploads\/2022\/09\/8590bbd9-9cb9-4fba-8b1b-865ab82c1785.jpg 1600w\" sizes=\"auto, (max-width: 476px) 100vw, 476px\" \/><\/figure>\n\n\n\n<p><br>Tamb\u00e9 hi ha servei per omplir d&#8217;aigua potable, i de buidatge d&#8217;aig\u00fces grises i negres.<\/p>\n\n\n\n<p>L&#8217;endem\u00e0, dia 25, amb la Mussi \ud83d\ude90, neta i polida\u2026 i nosaltres tamb\u00e9, tir\u00e0rem cap al <strong><a href=\"https:\/\/www.canginebreda.cat\/\">Bosc de Can Ginebreda.<\/a><\/strong><br>\u00c9s un bosc ple d&#8217;escultures, amb diferents tem\u00e0tiques i amb molt d&#8217;erotisme.<\/p>\n\n\n\n<figure class=\"wp-block-image size-full is-resized\"><img loading=\"lazy\" decoding=\"async\" src=\"http:\/\/viuresobrerodes.cat\/wp-content\/uploads\/2022\/09\/Captura-de-pantalla-2022-09-09-165853.png\" alt=\"\" class=\"wp-image-366\" style=\"width:480px;height:504px\" width=\"480\" height=\"504\" srcset=\"https:\/\/viuresobrerodes.cat\/wp-content\/uploads\/2022\/09\/Captura-de-pantalla-2022-09-09-165853.png 388w, https:\/\/viuresobrerodes.cat\/wp-content\/uploads\/2022\/09\/Captura-de-pantalla-2022-09-09-165853-285x300.png 285w\" sizes=\"auto, (max-width: 480px) 100vw, 480px\" \/><\/figure>\n\n\n\n<p><br>La sort ens acompanyava i l&#8217;escultor i el company, es van oferir a ensenyar-nos el taller, un v\u00eddeo-reportatge de tota la hist\u00f2ria de l&#8217;artista i per \u00faltim vam fer una tert\u00falia tot arreglant el pa\u00eds.<\/p>\n\n\n\n<p>Sortint d&#8217;all\u00e0, pens\u00e0vem fer un banyet al llac de <strong><a href=\"https:\/\/www.catalunya.com\/banyoles-2-1-170157?language=ca\">Banyoles<\/a><\/strong>, per\u00f2 va ser impossible aparcar, estava ple com un ou, aix\u00ed que carretera i manta, cap a <strong><a href=\"https:\/\/ca.turismegarrotxa.com\/municipi\/besalu\/\">Besal\u00fa<\/a><\/strong>, on din\u00e0rem i tot seguit fug\u00edrem, ja que un pag\u00e8s es va posar a regar el camp amb bassa.<\/p>\n\n\n\n<p>Vam fer via cap a <strong><a href=\"https:\/\/visitcamprodon.cat\/\">Camprodon<\/a><\/strong> \ud83d\ude90, on vol\u00edem comprar al supermercat i fer nit \ud83d\udecc. Ens estacionarem en un <strong><a href=\"https:\/\/www.campercontact.com\/es\/espana\/cataluna\/camprodon\/54134\/zona-autocaravanes-de-camprodon\">p\u00e0rquing<\/a><\/strong> repartit en diferents nivells de terreny, amb tanques d&#8217;arbustos&#8230; molt maco per\u00f2 sense contenidors. De fet, \ud83d\udc81\u200d\u2640\ufe0f no en vam veure en tota la passejada per la poblaci\u00f3.<\/p>\n\n\n\n<p>L&#8217;estada a <strong><a href=\"https:\/\/visitcamprodon.cat\/\">Camprodon<\/a><\/strong> va ser condicionada per la pluja \u2614, per\u00f2 no ens resist\u00edrem a visitar la part antiga del poble.<\/p>\n\n\n\n<figure class=\"wp-block-image size-full\"><img loading=\"lazy\" decoding=\"async\" width=\"540\" height=\"259\" src=\"http:\/\/viuresobrerodes.cat\/wp-content\/uploads\/2022\/09\/Captura-de-pantalla-2022-09-10-223030.png\" alt=\"\" class=\"wp-image-372\" srcset=\"https:\/\/viuresobrerodes.cat\/wp-content\/uploads\/2022\/09\/Captura-de-pantalla-2022-09-10-223030.png 540w, https:\/\/viuresobrerodes.cat\/wp-content\/uploads\/2022\/09\/Captura-de-pantalla-2022-09-10-223030-300x144.png 300w\" sizes=\"auto, (max-width: 540px) 100vw, 540px\" \/><\/figure>\n\n\n\n<p> Vam comprar un parell d&#8217;impermeables, un bull negre bon\u00edssim!, i per l&#8217;A, unes polseres \ud83d\udcff, que havien fet unes nenes. Era la producci\u00f3 que havien fet durant les vacances i ara, seguint el joc, les venien). <\/p>\n\n\n\n<p>El dia 26, marxarem cap a <strong>Fran\u00e7a<\/strong>, per\u00f2 par\u00e0rem al <strong><a href=\"https:\/\/ca.wikipedia.org\/wiki\/Coll_d%27Ares_(Pirineu)\">Coll d&#8217;Ares<\/a><\/strong> per estirar una mica les cames, i mirar si hi trob\u00e0vem algun rovell\u00f3, per\u00f2 no, tot el que veiem eren&nbsp;bolets&nbsp;dolents o desconeguts. Tamb\u00e9 vam veure un gripau blanquin\u00f3s&#8230; no vaig pensar&nbsp;a&nbsp;fer-li cap fotografia!<\/p>\n\n\n\n<figure class=\"wp-block-image size-full\"><img loading=\"lazy\" decoding=\"async\" width=\"537\" height=\"288\" src=\"http:\/\/viuresobrerodes.cat\/wp-content\/uploads\/2022\/09\/Captura-de-pantalla-2022-09-10-230342.png\" alt=\"\" class=\"wp-image-375\" srcset=\"https:\/\/viuresobrerodes.cat\/wp-content\/uploads\/2022\/09\/Captura-de-pantalla-2022-09-10-230342.png 537w, https:\/\/viuresobrerodes.cat\/wp-content\/uploads\/2022\/09\/Captura-de-pantalla-2022-09-10-230342-300x161.png 300w\" sizes=\"auto, (max-width: 537px) 100vw, 537px\" \/><\/figure>\n\n\n\n<p>Finalment hav\u00edem arribat a<strong> <a href=\"https:\/\/www.sudcanigo.com\/ca\/loc\/prats-de-mollo-i-la-presta\/\">Prats de Moll\u00f3<\/a><\/strong>. Aparc\u00e0rem en un <strong><a href=\"https:\/\/www.campercontact.com\/es\/francia\/occitania\/prats-de-mollo-la-preste\/50359\/parking\">p\u00e0rquing<\/a><\/strong> al costat del poble,(dues nits) i sense perdre temps, comen\u00e7arem a recorrer els carrers carregats d&#8217;hist\u00f2ria. <\/p>\n\n\n\n<figure class=\"wp-block-image size-large is-resized\"><img loading=\"lazy\" decoding=\"async\" src=\"http:\/\/viuresobrerodes.cat\/wp-content\/uploads\/2022\/09\/549e674b-d4d5-499a-92e4-d1ef18484efc-1024x576.jpg\" alt=\"\" class=\"wp-image-379\" style=\"width:433px;height:243px\" width=\"433\" height=\"243\" srcset=\"https:\/\/viuresobrerodes.cat\/wp-content\/uploads\/2022\/09\/549e674b-d4d5-499a-92e4-d1ef18484efc-1024x576.jpg 1024w, https:\/\/viuresobrerodes.cat\/wp-content\/uploads\/2022\/09\/549e674b-d4d5-499a-92e4-d1ef18484efc-300x169.jpg 300w, https:\/\/viuresobrerodes.cat\/wp-content\/uploads\/2022\/09\/549e674b-d4d5-499a-92e4-d1ef18484efc-768x432.jpg 768w, https:\/\/viuresobrerodes.cat\/wp-content\/uploads\/2022\/09\/549e674b-d4d5-499a-92e4-d1ef18484efc-1536x864.jpg 1536w, https:\/\/viuresobrerodes.cat\/wp-content\/uploads\/2022\/09\/549e674b-d4d5-499a-92e4-d1ef18484efc-533x300.jpg 533w, https:\/\/viuresobrerodes.cat\/wp-content\/uploads\/2022\/09\/549e674b-d4d5-499a-92e4-d1ef18484efc.jpg 2000w\" sizes=\"auto, (max-width: 433px) 100vw, 433px\" \/><\/figure>\n\n\n\n<p>En la fa\u00e7ana d&#8217;una casa, hi ha un parell de pintures d&#8217;edificis que ens van agradar, i les vaig fotografiar. Ara m&#8217;he adonat que sense saber-ho, vaig fer la fotografia gaireb\u00e9 des del mateix angle.<\/p>\n\n\n\n<p><\/p>\n\n\n\n<figure class=\"wp-block-image size-full is-resized\"><img loading=\"lazy\" decoding=\"async\" src=\"http:\/\/viuresobrerodes.cat\/wp-content\/uploads\/2022\/09\/Captura-de-pantalla-2022-09-11-010749.png\" alt=\"\" class=\"wp-image-381\" style=\"width:670px;height:285px\" width=\"670\" height=\"285\" srcset=\"https:\/\/viuresobrerodes.cat\/wp-content\/uploads\/2022\/09\/Captura-de-pantalla-2022-09-11-010749.png 541w, https:\/\/viuresobrerodes.cat\/wp-content\/uploads\/2022\/09\/Captura-de-pantalla-2022-09-11-010749-300x128.png 300w\" sizes=\"auto, (max-width: 670px) 100vw, 670px\" \/><\/figure>\n\n\n\n<p><br>Tot visitant el <strong><a href=\"https:\/\/www.turisme-pirineusorientals.cat\/fort-lagarde\/prats-de-mollo-la-preste\/pcular0660000006\">Fort de la Gu\u00e0rdia<\/a><\/strong>, el&nbsp;Juanfra&nbsp;i la&nbsp;Feli&nbsp;ens van portar fins a l&#8217;entrada a un passad\u00eds. Primer, la pujada era planera,\ud83d\ude05 per\u00f2 a poc a poc es va fer m\u00e9s i m\u00e9s costeruda , els graons costaven de pujar i sort que hi ha una corda a la paret en la qual per ajudar-nos, ens agafaven \ud83e\udd75. No s\u00e9 els metres que vam pujar&#8230; molts.<\/p>\n\n\n\n<figure class=\"wp-block-image size-full\"><img loading=\"lazy\" decoding=\"async\" width=\"478\" height=\"364\" src=\"http:\/\/viuresobrerodes.cat\/wp-content\/uploads\/2022\/09\/Captura-de-pantalla-2022-09-11-094931.png\" alt=\"\" class=\"wp-image-384\" srcset=\"https:\/\/viuresobrerodes.cat\/wp-content\/uploads\/2022\/09\/Captura-de-pantalla-2022-09-11-094931.png 478w, https:\/\/viuresobrerodes.cat\/wp-content\/uploads\/2022\/09\/Captura-de-pantalla-2022-09-11-094931-300x228.png 300w, https:\/\/viuresobrerodes.cat\/wp-content\/uploads\/2022\/09\/Captura-de-pantalla-2022-09-11-094931-394x300.png 394w\" sizes=\"auto, (max-width: 478px) 100vw, 478px\" \/><\/figure>\n\n\n\n<p>Ens agrada visitar els cementiris, hi ha molta hist\u00f2ria en ells i descobreixes part de la personalitat dels&nbsp;habitants&nbsp;del lloc. Igual que el <strong><a href=\"https:\/\/www.turisme-pirineusorientals.cat\/fort-lagarde\/prats-de-mollo-la-preste\/pcular0660000006\">Fort de la Gu\u00e0rdia<\/a><\/strong> ens portava al segle XVII, el cementiri ens va portar al segle XX. Per <strong><a href=\"https:\/\/www.sudcanigo.com\/ca\/loc\/prats-de-mollo-i-la-presta\/\">Prats de&nbsp;Mull\u00f3<\/a><\/strong>&nbsp;van passar milers de refugiats republicans que fugien del franquisme \ud83e\udd7a .<\/p>\n\n\n\n<figure class=\"wp-block-image size-large is-resized\"><img loading=\"lazy\" decoding=\"async\" src=\"http:\/\/viuresobrerodes.cat\/wp-content\/uploads\/2022\/09\/f8124ebe-ca0d-4d08-b7b0-5919b4b3e518-576x1024.jpg\" alt=\"\" class=\"wp-image-387\" style=\"width:286px;height:508px\" width=\"286\" height=\"508\" srcset=\"https:\/\/viuresobrerodes.cat\/wp-content\/uploads\/2022\/09\/f8124ebe-ca0d-4d08-b7b0-5919b4b3e518-576x1024.jpg 576w, https:\/\/viuresobrerodes.cat\/wp-content\/uploads\/2022\/09\/f8124ebe-ca0d-4d08-b7b0-5919b4b3e518-169x300.jpg 169w, https:\/\/viuresobrerodes.cat\/wp-content\/uploads\/2022\/09\/f8124ebe-ca0d-4d08-b7b0-5919b4b3e518-768x1365.jpg 768w, https:\/\/viuresobrerodes.cat\/wp-content\/uploads\/2022\/09\/f8124ebe-ca0d-4d08-b7b0-5919b4b3e518-864x1536.jpg 864w, https:\/\/viuresobrerodes.cat\/wp-content\/uploads\/2022\/09\/f8124ebe-ca0d-4d08-b7b0-5919b4b3e518.jpg 1125w\" sizes=\"auto, (max-width: 286px) 100vw, 286px\" \/><\/figure>\n\n\n\n<p>Dia 28 i ja est\u00e0vem a les acaballes de la segona etapa de les vacances, \u00e9rem a<strong> <a href=\"https:\/\/visit.ripoll.cat\/visitesguiades\/\">Ripoll<\/a><\/strong>, <a href=\"https:\/\/www.google.es\/maps\/place\/%C3%80rea+Autocaravanes+de+RIPOLL\/@42.193614,2.1934391,17z\/data=!4m12!1m6!3m5!1s0x12a53f096937fdf1:0xb8c42340bd540beb!2s%C3%80rea+Autocaravanes+de+RIPOLL!8m2!3d42.19361!4d2.1956278!3m4!1s0x12a53f096937fdf1:0xb8c42340bd540beb!8m2!3d42.19361!4d2.1956278?hl=ca&amp;authuser=0\">l&#8217;<strong>\u00e0rea d&#8217;autocaravanes<\/strong><\/a> est\u00e0 for\u00e7a b\u00e9, hi ha aigua potable \ud83d\udeb0 per omplir i lloc per buidar aig\u00fces grises \ud83d\udebf i negres \ud83d\udebd.<br>Quan vam arribar, ens prepar\u00e0rem per sortir a fer un vol\u2026 <\/p>\n\n\n\n<figure class=\"wp-block-image size-large is-resized\"><img loading=\"lazy\" decoding=\"async\" src=\"http:\/\/viuresobrerodes.cat\/wp-content\/uploads\/2022\/09\/434ddd9b-ccca-4236-8444-15e4fae07345-1024x576.jpg\" alt=\"\" class=\"wp-image-391\" style=\"width:524px;height:294px\" width=\"524\" height=\"294\" srcset=\"https:\/\/viuresobrerodes.cat\/wp-content\/uploads\/2022\/09\/434ddd9b-ccca-4236-8444-15e4fae07345-1024x576.jpg 1024w, https:\/\/viuresobrerodes.cat\/wp-content\/uploads\/2022\/09\/434ddd9b-ccca-4236-8444-15e4fae07345-300x169.jpg 300w, https:\/\/viuresobrerodes.cat\/wp-content\/uploads\/2022\/09\/434ddd9b-ccca-4236-8444-15e4fae07345-768x432.jpg 768w, https:\/\/viuresobrerodes.cat\/wp-content\/uploads\/2022\/09\/434ddd9b-ccca-4236-8444-15e4fae07345-1536x864.jpg 1536w, https:\/\/viuresobrerodes.cat\/wp-content\/uploads\/2022\/09\/434ddd9b-ccca-4236-8444-15e4fae07345-533x300.jpg 533w, https:\/\/viuresobrerodes.cat\/wp-content\/uploads\/2022\/09\/434ddd9b-ccca-4236-8444-15e4fae07345.jpg 1600w\" sizes=\"auto, (max-width: 524px) 100vw, 524px\" \/><\/figure>\n\n\n\n<p>Es veia una cortina de pluja que venia cap a nosaltres, port\u00e0vem paraig\u00fces i els impermeables\u2026 van comen\u00e7ar a caure gotes de mig litre, i cames ajudeu-nos!\u2614 Corrent \ud83c\udfc3\ud83c\udffc\u200d\u2640\ufe0f\ud83c\udfc3 cap a la Mussi \ud83d\ude90! La pluja\/tempesta \u26c8\ufe0f\u26c8\ufe0f amb granissada inclosa, va fer que no sort\u00edssim i pospos\u00e9ssim la visita per unes altres vacances.<\/p>\n\n\n\n<p>Al mat\u00ed despr\u00e9s d&#8217;esmorzar, pos\u00e0rem la directa cap al <strong>Baix Llobregat<\/strong>, no, encara no!, primer&nbsp;par\u00e0rem per dinar a l&#8217;<a href=\"https:\/\/www.google.es\/maps\/place\/Vic+%C3%80rea+d'Autocaravanes\/@41.9349252,2.2378666,17z\/data=!4m12!1m6!3m5!1s0x12a52720e1ed2cef:0x2bcf7dd74d1bc303!2sVic+%C3%80rea+d'Autocaravanes!8m2!3d41.9349212!4d2.2400553!3m4!1s0x12a52720e1ed2cef:0x2bcf7dd74d1bc303!8m2!3d41.9349212!4d2.2400553?hl=ca&amp;authuser=0\"><strong>\u00e0rea<\/strong> <strong>d&#8217;autocaravanes<\/strong><\/a> de <strong><a href=\"https:\/\/www.catalunya.com\/vic-2-1-82981?language=ca\">Vic<\/a><\/strong> i despr\u00e9s s\u00ed, directes cap al <strong>Baix Llobregat<\/strong>!&#8230; per\u00f2 les vacances encara no havien acabat, eh?\ud83d\ude0d\ud83d\ude0a<\/p>\n\n\n\n<p>\ud83d\ude4b\u200d\u2640\ufe0f\ud83d\udc81\u200d\u2640\ufe0f Us deixem l&#8217;enlla\u00e7 de les&nbsp;ubicacions&nbsp;dels llocs que hem visitat.\ud83d\ude0a<\/p>\n\n\n\n<p><a href=\"https:\/\/goo.gl\/maps\/FpGgPdScbVR7nJAw5\">https:\/\/goo.gl\/maps\/FpGgPdScbVR7nJAw5<\/a><\/p>\n","protected":false},"excerpt":{"rendered":"<p>El dia 24 d&#8217;agost, iniciarem la segona etapa de les vacances \ud83d\ude90 anant al Pla de l&#8217;estany, a Porqueres. Vol\u00edem pernoctar \ud83d\udecc a la zona d&#8217;autocaravanes que hi ha al c\u00e0mping &#8220;El llac&#8220;. No era la primera vegada que visit\u00e0vem el lloc (durant deu anys vam estiuejar al c\u00e0mping, anys vuitanta, i despr\u00e9s amb moto [&hellip;]<\/p>\n","protected":false},"author":1,"featured_media":357,"comment_status":"open","ping_status":"open","sticky":false,"template":"","format":"standard","meta":{"_jetpack_memberships_contains_paid_content":false,"footnotes":""},"categories":[4],"tags":[49,50,36,51,52,54,47,48,53,55],"class_list":["post-355","post","type-post","status-publish","format-standard","has-post-thumbnail","hentry","category-autocaravana","tag-banyoles","tag-camping-el-llac","tag-camprodon","tag-can-ginebreda","tag-coll-dares","tag-fort-de-la-guardia","tag-pla-de-lestany","tag-porqueres","tag-prats-de-mollo","tag-ripoll"],"jetpack_featured_media_url":"https:\/\/viuresobrerodes.cat\/wp-content\/uploads\/2022\/09\/62e5bcb1-e051-4f92-aad6-43b501d13701.jpg","jetpack_sharing_enabled":true,"_links":{"self":[{"href":"https:\/\/viuresobrerodes.cat\/index.php?rest_route=\/wp\/v2\/posts\/355","targetHints":{"allow":["GET"]}}],"collection":[{"href":"https:\/\/viuresobrerodes.cat\/index.php?rest_route=\/wp\/v2\/posts"}],"about":[{"href":"https:\/\/viuresobrerodes.cat\/index.php?rest_route=\/wp\/v2\/types\/post"}],"author":[{"embeddable":true,"href":"https:\/\/viuresobrerodes.cat\/index.php?rest_route=\/wp\/v2\/users\/1"}],"replies":[{"embeddable":true,"href":"https:\/\/viuresobrerodes.cat\/index.php?rest_route=%2Fwp%2Fv2%2Fcomments&post=355"}],"version-history":[{"count":38,"href":"https:\/\/viuresobrerodes.cat\/index.php?rest_route=\/wp\/v2\/posts\/355\/revisions"}],"predecessor-version":[{"id":1215,"href":"https:\/\/viuresobrerodes.cat\/index.php?rest_route=\/wp\/v2\/posts\/355\/revisions\/1215"}],"wp:featuredmedia":[{"embeddable":true,"href":"https:\/\/viuresobrerodes.cat\/index.php?rest_route=\/wp\/v2\/media\/357"}],"wp:attachment":[{"href":"https:\/\/viuresobrerodes.cat\/index.php?rest_route=%2Fwp%2Fv2%2Fmedia&parent=355"}],"wp:term":[{"taxonomy":"category","embeddable":true,"href":"https:\/\/viuresobrerodes.cat\/index.php?rest_route=%2Fwp%2Fv2%2Fcategories&post=355"},{"taxonomy":"post_tag","embeddable":true,"href":"https:\/\/viuresobrerodes.cat\/index.php?rest_route=%2Fwp%2Fv2%2Ftags&post=355"}],"curies":[{"name":"wp","href":"https:\/\/api.w.org\/{rel}","templated":true}]}}