{"id":402,"date":"2022-09-20T11:07:15","date_gmt":"2022-09-20T11:07:15","guid":{"rendered":"http:\/\/viuresobrerodes.cat\/?p=402"},"modified":"2023-08-31T21:25:30","modified_gmt":"2023-08-31T21:25:30","slug":"vacances-per-capitols-3r","status":"publish","type":"post","link":"https:\/\/viuresobrerodes.cat\/?p=402","title":{"rendered":"Vacances per cap\u00edtols (3r) Arag\u00f3"},"content":{"rendered":"\n<p>El dia 2, comen\u00e7\u00e0rem la tercera i \u00faltima etapa d&#8217;aquestes vacances surtin de<strong> la Noguera<\/strong> cap a<strong> <a href=\"https:\/\/www.jaca.com\/turismo.php\">Jaca<\/a><\/strong> \ud83d\ude90 .  <\/p>\n\n\n\n<p><a href=\"https:\/\/www.jaca.com\/turismo.php\"><strong>Jac<\/strong>a<\/a>, prov\u00edncia d&#8217;<strong>Osca<\/strong>, t\u00e9 una poblaci\u00f3 de 13.344 habitants i est\u00e0 a una altitud de 820 m. Hi vam pernoctar dues nits en un<strong> <a href=\"https:\/\/park4night.com\/es\/lieu\/337192\/servicios-y-aparcamiento-libre\/jaca-3e-carretera-ipas\/spain\/huesca\/%C3%81rea-de-AC-gratuita#.Y78ABHbMLIU\">p\u00e0rquing d&#8217;autocaravanes<\/a><\/strong>, i<\/p>\n\n\n\n<figure class=\"wp-block-image size-full is-resized\"><img loading=\"lazy\" decoding=\"async\" src=\"http:\/\/viuresobrerodes.cat\/wp-content\/uploads\/2022\/09\/Captura-de-pantalla-2022-09-15-151153.png\" alt=\"\" class=\"wp-image-404\" style=\"width:484px;height:504px\" width=\"484\" height=\"504\" srcset=\"https:\/\/viuresobrerodes.cat\/wp-content\/uploads\/2022\/09\/Captura-de-pantalla-2022-09-15-151153.png 425w, https:\/\/viuresobrerodes.cat\/wp-content\/uploads\/2022\/09\/Captura-de-pantalla-2022-09-15-151153-288x300.png 288w\" sizes=\"auto, (max-width: 484px) 100vw, 484px\" \/><\/figure>\n\n\n\n<p>nom\u00e9s sortir de la <strong>Mussi<\/strong>, com a benvinguda, una bonica posta de sol. <\/p>\n\n\n\n<p>Ten\u00edem al costat un supermercat, on compr\u00e0rem per passar uns quants dies. Tamb\u00e9 pod\u00edem omplir aigua potable \ud83d\udeb0 , buidar les grises \ud83d\udebf i el potti \ud83d\udebd&#8230; i gratis. Tot perfecte, a no ser per la quantitat de brossa que hi ha al terreny proper al supermercat \ud83e\udd37\u200d\u2640\ufe0f\ud83e\udd26\u200d\u2640\ufe0f . Com que l&#8217;horari \u00e9s de 22 h a 10 h hav\u00edem de marxar per tornar a l&#8217;hora de dormir \ud83d\udecc . No hi ha imatges, per\u00f2 visit\u00e0rem la poblaci\u00f3, comprarem formatges i vi\ud83d\udecd\ufe0f. <\/p>\n\n\n\n<p>El dia 3 sort\u00edrem \ud83d\ude90 cap a <strong><a href=\"https:\/\/www.turismodearagon.com\/ficha\/biescas\/\">Biescas<\/a><\/strong>. \u00c9s un municipi de la prov\u00edncia d&#8217;<strong>Osca<\/strong> que t\u00e9 una poblaci\u00f3 de 1.479 habitants i est\u00e0 situada a una al\u00e7ada de 875 m. <\/p>\n\n\n\n<p>Biescas \u00e9s molt bonic, hi ha molts raconets dignes de ser fotografiats \ud83d\udcf7 , per\u00f2 amb dues imatges ja us podeu fer una idea. Una de les dues, \u00e9s per ressaltar l&#8217;estil de <strong>xemeneies<\/strong>&#8230; trobo que s\u00f3n precioses!<\/p>\n\n\n\n<figure class=\"wp-block-image size-full is-resized\"><img loading=\"lazy\" decoding=\"async\" src=\"http:\/\/viuresobrerodes.cat\/wp-content\/uploads\/2022\/09\/Captura-de-pantalla-2022-09-16-143449.png\" alt=\"\" class=\"wp-image-407\" style=\"width:480px;height:422px\" width=\"480\" height=\"422\" srcset=\"https:\/\/viuresobrerodes.cat\/wp-content\/uploads\/2022\/09\/Captura-de-pantalla-2022-09-16-143449.png 515w, https:\/\/viuresobrerodes.cat\/wp-content\/uploads\/2022\/09\/Captura-de-pantalla-2022-09-16-143449-300x264.png 300w, https:\/\/viuresobrerodes.cat\/wp-content\/uploads\/2022\/09\/Captura-de-pantalla-2022-09-16-143449-341x300.png 341w\" sizes=\"auto, (max-width: 480px) 100vw, 480px\" \/><\/figure>\n\n\n\n<p>Despr\u00e9s de visitar la ciutat, vam tornar a <strong><a href=\"https:\/\/www.jaca.com\/turismo.php\">Jaca<\/a><\/strong> per dormir \ud83d\udecc, i l&#8217;endem\u00e0, dia 4, torn\u00e0rem cap a <strong><a href=\"https:\/\/www.turismodearagon.com\/ficha\/biescas\/\">Biescas<\/a><\/strong>, ja que el seu terme municipal amaga racons interessants.<\/p>\n\n\n\n<p><\/p>\n\n\n\n<figure class=\"wp-block-image size-full is-resized\"><img loading=\"lazy\" decoding=\"async\" src=\"http:\/\/viuresobrerodes.cat\/wp-content\/uploads\/2022\/09\/Captura-de-pantalla-2022-09-16-150429.png\" alt=\"\" class=\"wp-image-409\" style=\"width:551px;height:390px\" width=\"551\" height=\"390\" srcset=\"https:\/\/viuresobrerodes.cat\/wp-content\/uploads\/2022\/09\/Captura-de-pantalla-2022-09-16-150429.png 550w, https:\/\/viuresobrerodes.cat\/wp-content\/uploads\/2022\/09\/Captura-de-pantalla-2022-09-16-150429-300x213.png 300w, https:\/\/viuresobrerodes.cat\/wp-content\/uploads\/2022\/09\/Captura-de-pantalla-2022-09-16-150429-423x300.png 423w\" sizes=\"auto, (max-width: 551px) 100vw, 551px\" \/><\/figure>\n\n\n\n<p>Com l&#8217;<strong><a href=\"https:\/\/www.huescalamagia.es\/blog\/un-paseo-por-el-entorno-magico-de-santa-elena\/\">ermita&nbsp;de Santa&nbsp;Elena<\/a><\/strong> \ud83d\udc92 , i el saltant d&#8217;aigua amb gruta inclosa qu\u00e8, suposo, hi vam poder accedir per la sequera que patim, ja que en \u00e8poques de pluja hi deu baixar molta m\u00e9s&nbsp;aigua.<\/p>\n\n\n\n<figure class=\"wp-block-image size-full is-resized\"><img loading=\"lazy\" decoding=\"async\" src=\"http:\/\/viuresobrerodes.cat\/wp-content\/uploads\/2022\/09\/Captura-de-pantalla-2022-09-16-152642-1.png\" alt=\"\" class=\"wp-image-413\" style=\"width:643px;height:251px\" width=\"643\" height=\"251\" srcset=\"https:\/\/viuresobrerodes.cat\/wp-content\/uploads\/2022\/09\/Captura-de-pantalla-2022-09-16-152642-1.png 549w, https:\/\/viuresobrerodes.cat\/wp-content\/uploads\/2022\/09\/Captura-de-pantalla-2022-09-16-152642-1-300x117.png 300w\" sizes=\"auto, (max-width: 643px) 100vw, 643px\" \/><\/figure>\n\n\n\n<p>Despr\u00e9s de veure l&#8217;<strong><a href=\"https:\/\/www.huescalamagia.es\/blog\/un-paseo-por-el-entorno-magico-de-santa-elena\/\">ermita de santa Elena<\/a><\/strong>, vam sortir disparats \ud83c\udfc3\ud83c\udffc\u200d\u2640\ufe0f\ud83c\udfc3\ud83c\udfc3\ud83c\udffc\u200d\u2640\ufe0f\ud83c\udfc3 cap a una \u00e0rea de descans propera a&nbsp;Panticosa, ja que era l&#8217;hora de dinar \ud83c\udf7d\ufe0f!<\/p>\n\n\n\n<figure class=\"wp-block-image size-large is-resized is-style-default\"><img loading=\"lazy\" decoding=\"async\" src=\"http:\/\/viuresobrerodes.cat\/wp-content\/uploads\/2022\/09\/afed0cac-45a8-467b-83bc-45e7a83b459f-768x1024.jpg\" alt=\"\" class=\"wp-image-418\" style=\"width:315px;height:420px\" width=\"315\" height=\"420\" srcset=\"https:\/\/viuresobrerodes.cat\/wp-content\/uploads\/2022\/09\/afed0cac-45a8-467b-83bc-45e7a83b459f-768x1024.jpg 768w, https:\/\/viuresobrerodes.cat\/wp-content\/uploads\/2022\/09\/afed0cac-45a8-467b-83bc-45e7a83b459f-225x300.jpg 225w, https:\/\/viuresobrerodes.cat\/wp-content\/uploads\/2022\/09\/afed0cac-45a8-467b-83bc-45e7a83b459f-1152x1536.jpg 1152w, https:\/\/viuresobrerodes.cat\/wp-content\/uploads\/2022\/09\/afed0cac-45a8-467b-83bc-45e7a83b459f.jpg 1536w\" sizes=\"auto, (max-width: 315px) 100vw, 315px\" \/><\/figure>\n\n\n\n<p>Panticosa \u00e9s un poble de muntanya de la prov\u00edncia d&#8217;<strong>Osca<\/strong>, t\u00e9 uns 600 habitants i est\u00e0 a una altitud de 1.184 m.<\/p>\n\n\n\n<p>La seva \u00e0rea d&#8217;autocaravanes est\u00e0 for\u00e7a b\u00e9. Es pot omplir d&#8217;aigua potable \ud83d\udeb0 , i buidar aig\u00fces grises \ud83d\udebf i negres \ud83d\udebd. Zona de reciclatge d&#8217;escombraries, hi ha WC \ud83d\udebb p\u00fablics&#8230; tot perfecte i, a m\u00e9s a m\u00e9s est\u00e0 al poble, i al costat dels remuntadors de les pistes d&#8217;esqu\u00ed \u26f7\ufe0f!.<\/p>\n\n\n\n<p>Pernoctarem dues nits, hi ha molt per veure!<\/p>\n\n\n\n<figure class=\"wp-block-image size-large is-resized\"><img loading=\"lazy\" decoding=\"async\" src=\"http:\/\/viuresobrerodes.cat\/wp-content\/uploads\/2022\/09\/32873e46-9e29-4a42-a9a8-d7f5694c8f25-1024x576.jpg\" alt=\"\" class=\"wp-image-422\" style=\"width:484px;height:272px\" width=\"484\" height=\"272\" srcset=\"https:\/\/viuresobrerodes.cat\/wp-content\/uploads\/2022\/09\/32873e46-9e29-4a42-a9a8-d7f5694c8f25-1024x576.jpg 1024w, https:\/\/viuresobrerodes.cat\/wp-content\/uploads\/2022\/09\/32873e46-9e29-4a42-a9a8-d7f5694c8f25-300x169.jpg 300w, https:\/\/viuresobrerodes.cat\/wp-content\/uploads\/2022\/09\/32873e46-9e29-4a42-a9a8-d7f5694c8f25-768x432.jpg 768w, https:\/\/viuresobrerodes.cat\/wp-content\/uploads\/2022\/09\/32873e46-9e29-4a42-a9a8-d7f5694c8f25-1536x864.jpg 1536w, https:\/\/viuresobrerodes.cat\/wp-content\/uploads\/2022\/09\/32873e46-9e29-4a42-a9a8-d7f5694c8f25-533x300.jpg 533w, https:\/\/viuresobrerodes.cat\/wp-content\/uploads\/2022\/09\/32873e46-9e29-4a42-a9a8-d7f5694c8f25.jpg 1600w\" sizes=\"auto, (max-width: 484px) 100vw, 484px\" \/><\/figure>\n\n\n\n<p>El dia 5, despr\u00e9s d&#8217;esmorzar, els dos guies particulars que tenim, la Feli i el Juanfra, ens van proposar anar a fer una caminada \ud83d\udeb6\u200d\u2640\ufe0f\ud83d\udeb6\ud83d\udeb6\u200d\u2640\ufe0f\ud83d\udeb6. Com totes les seves propostes, va ser molt encertada. Mireu com es veia <strong><a href=\"https:\/\/www.turismodearagon.com\/ficha\/panticosa\/\">Panticosa<\/a><\/strong> des d&#8217;un punt del cam\u00ed <\/p>\n\n\n\n<p><\/p>\n\n\n\n<p><\/p>\n\n\n\n<figure class=\"wp-block-image size-full is-resized\"><img loading=\"lazy\" decoding=\"async\" src=\"http:\/\/viuresobrerodes.cat\/wp-content\/uploads\/2022\/09\/Captura-de-pantalla-2022-09-19-175816.png\" alt=\"\" class=\"wp-image-430\" style=\"width:627px;height:236px\" width=\"627\" height=\"236\" srcset=\"https:\/\/viuresobrerodes.cat\/wp-content\/uploads\/2022\/09\/Captura-de-pantalla-2022-09-19-175816.png 541w, https:\/\/viuresobrerodes.cat\/wp-content\/uploads\/2022\/09\/Captura-de-pantalla-2022-09-19-175816-300x113.png 300w\" sizes=\"auto, (max-width: 627px) 100vw, 627px\" \/><\/figure>\n\n\n\n<p>La caminada ens va portar fins a un parell de <strong>b\u00fanquers<\/strong>, o <strong>nius de metralladores<\/strong>, que es poden visitar.&nbsp;Aquests nius&nbsp;de&nbsp;metralladores&nbsp;estan&nbsp;fets a dins de la muntanya. Per fora es veu una porta-reixa, quan l&#8217;obres, parets i escala de formig\u00f3<\/p>\n\n\n\n<figure class=\"wp-block-image size-full is-resized\"><img loading=\"lazy\" decoding=\"async\" src=\"http:\/\/viuresobrerodes.cat\/wp-content\/uploads\/2022\/09\/Captura-de-pantalla-2022-09-19-170156.png\" alt=\"\" class=\"wp-image-426\" style=\"width:488px;height:525px\" width=\"488\" height=\"525\" srcset=\"https:\/\/viuresobrerodes.cat\/wp-content\/uploads\/2022\/09\/Captura-de-pantalla-2022-09-19-170156.png 440w, https:\/\/viuresobrerodes.cat\/wp-content\/uploads\/2022\/09\/Captura-de-pantalla-2022-09-19-170156-279x300.png 279w\" sizes=\"auto, (max-width: 488px) 100vw, 488px\" \/><\/figure>\n\n\n\n<p>A l&#8217;endem\u00e0, dia 6, f\u00e9rem cam\u00ed cap als <strong><a href=\"https:\/\/es.wikiloc.com\/rutas\/a-pie\/espana\/aragon\/banos-de-panticosa\">Banys de&nbsp;Panticosa<\/a><\/strong>, quina preciositat!, vam&nbsp;fer una caminada \ud83d\udeb6\u200d\u2640\ufe0f\ud83d\udeb6\ud83d\udeb6\u200d\u2640\ufe0f\ud83d\udeb6 per l&#8217;entorn i dels meus llavis no parava de sortir&nbsp;all\u00f2&nbsp;de &#8220;que&nbsp;macooo&#8221; \ud83d\ude0d mentre que els meus ulls volien retenir totes les imatges que veien.<\/p>\n\n\n\n<figure class=\"wp-block-image size-large is-resized\"><img loading=\"lazy\" decoding=\"async\" src=\"http:\/\/viuresobrerodes.cat\/wp-content\/uploads\/2022\/09\/b5683cb5-bb03-421b-a4b7-ed6c01193520-1024x576.jpg\" alt=\"\" class=\"wp-image-428\" style=\"width:487px;height:273px\" width=\"487\" height=\"273\" srcset=\"https:\/\/viuresobrerodes.cat\/wp-content\/uploads\/2022\/09\/b5683cb5-bb03-421b-a4b7-ed6c01193520-1024x576.jpg 1024w, https:\/\/viuresobrerodes.cat\/wp-content\/uploads\/2022\/09\/b5683cb5-bb03-421b-a4b7-ed6c01193520-300x169.jpg 300w, https:\/\/viuresobrerodes.cat\/wp-content\/uploads\/2022\/09\/b5683cb5-bb03-421b-a4b7-ed6c01193520-768x432.jpg 768w, https:\/\/viuresobrerodes.cat\/wp-content\/uploads\/2022\/09\/b5683cb5-bb03-421b-a4b7-ed6c01193520-1536x864.jpg 1536w, https:\/\/viuresobrerodes.cat\/wp-content\/uploads\/2022\/09\/b5683cb5-bb03-421b-a4b7-ed6c01193520-533x300.jpg 533w, https:\/\/viuresobrerodes.cat\/wp-content\/uploads\/2022\/09\/b5683cb5-bb03-421b-a4b7-ed6c01193520.jpg 1600w\" sizes=\"auto, (max-width: 487px) 100vw, 487px\" \/><\/figure>\n\n\n\n<p>No ens hi pod\u00edem quedar, vol\u00edem anar al <strong><a href=\"https:\/\/www.turismodearagon.com\/ficha\/ordesa-y-monte-perdido\/\">Parc Nacional d&#8217;Ordesa<\/a><\/strong>, i fer nit \ud83d\udecc a <strong><a href=\"https:\/\/www.turismodearagon.com\/ficha\/torla\/\">Torla<\/a><\/strong>.<\/p>\n\n\n\n<figure class=\"wp-block-image size-full is-resized\"><img loading=\"lazy\" decoding=\"async\" src=\"http:\/\/viuresobrerodes.cat\/wp-content\/uploads\/2022\/09\/Captura-de-pantalla-2022-09-19-181223.png\" alt=\"\" class=\"wp-image-432\" style=\"width:485px;height:552px\" width=\"485\" height=\"552\" srcset=\"https:\/\/viuresobrerodes.cat\/wp-content\/uploads\/2022\/09\/Captura-de-pantalla-2022-09-19-181223.png 444w, https:\/\/viuresobrerodes.cat\/wp-content\/uploads\/2022\/09\/Captura-de-pantalla-2022-09-19-181223-264x300.png 264w\" sizes=\"auto, (max-width: 485px) 100vw, 485px\" \/><\/figure>\n\n\n\n<p>Dia 7 de bon mat\u00ed, o no tant, agafarem cadasc\u00fa la seva motxilla \ud83c\udf92 i baixarem caminant fins al poble\ud83d\udeb6\ud83d\udeb6\u200d\u2640\ufe0f\ud83d\udeb6\ud83d\udeb6\u200d\u2640\ufe0f , en el s\u00faper compr\u00e0rem queviures pel dinar, i el bitllet del bus que fa <strong>Torla-Ordesa<\/strong>, 5\u202f\u20ac cadasc\u00fa de nosaltres i els jubilats 3 \u20ac.<\/p>\n\n\n\n<figure class=\"wp-block-image size-large is-resized\"><img loading=\"lazy\" decoding=\"async\" src=\"http:\/\/viuresobrerodes.cat\/wp-content\/uploads\/2022\/09\/62979b93-73fd-4c37-b821-113468fa4744-1024x576.jpg\" alt=\"\" class=\"wp-image-434\" style=\"width:485px;height:272px\" width=\"485\" height=\"272\" srcset=\"https:\/\/viuresobrerodes.cat\/wp-content\/uploads\/2022\/09\/62979b93-73fd-4c37-b821-113468fa4744-1024x576.jpg 1024w, https:\/\/viuresobrerodes.cat\/wp-content\/uploads\/2022\/09\/62979b93-73fd-4c37-b821-113468fa4744-300x169.jpg 300w, https:\/\/viuresobrerodes.cat\/wp-content\/uploads\/2022\/09\/62979b93-73fd-4c37-b821-113468fa4744-768x432.jpg 768w, https:\/\/viuresobrerodes.cat\/wp-content\/uploads\/2022\/09\/62979b93-73fd-4c37-b821-113468fa4744-1536x864.jpg 1536w, https:\/\/viuresobrerodes.cat\/wp-content\/uploads\/2022\/09\/62979b93-73fd-4c37-b821-113468fa4744-533x300.jpg 533w, https:\/\/viuresobrerodes.cat\/wp-content\/uploads\/2022\/09\/62979b93-73fd-4c37-b821-113468fa4744.jpg 1920w\" sizes=\"auto, (max-width: 485px) 100vw, 485px\" \/><\/figure>\n\n\n\n<p>Que dir del <strong><a href=\"https:\/\/www.turismodearagon.com\/ficha\/ordesa-y-monte-perdido\/\">Parc Nacional d&#8217;Ordesa<\/a><\/strong>, impressionant, meravell\u00f3s, id\u00edl\u00b7lic, majestu\u00f3s&#8230; <\/p>\n\n\n\n<figure class=\"wp-block-image size-full\"><img loading=\"lazy\" decoding=\"async\" width=\"561\" height=\"336\" src=\"http:\/\/viuresobrerodes.cat\/wp-content\/uploads\/2022\/09\/Captura-de-pantalla-2022-09-19-225413.png\" alt=\"\" class=\"wp-image-444\" srcset=\"https:\/\/viuresobrerodes.cat\/wp-content\/uploads\/2022\/09\/Captura-de-pantalla-2022-09-19-225413.png 561w, https:\/\/viuresobrerodes.cat\/wp-content\/uploads\/2022\/09\/Captura-de-pantalla-2022-09-19-225413-300x180.png 300w, https:\/\/viuresobrerodes.cat\/wp-content\/uploads\/2022\/09\/Captura-de-pantalla-2022-09-19-225413-501x300.png 501w\" sizes=\"auto, (max-width: 561px) 100vw, 561px\" \/><\/figure>\n\n\n\n<p>Primer un boc\u00ed del bosc i ara de l&#8217;aigua&#8230; Ll\u00e0stima que la sequera no permet els grans salts d&#8217;aigua que segur anys enrere devia haver-hi, aix\u00ed i tot, d\u00e9u-n&#8217;hi-do.<\/p>\n\n\n\n<figure class=\"wp-block-image size-full is-resized\"><img loading=\"lazy\" decoding=\"async\" src=\"http:\/\/viuresobrerodes.cat\/wp-content\/uploads\/2022\/09\/Captura-de-pantalla-2022-09-19-215622.png\" alt=\"\" class=\"wp-image-439\" style=\"width:492px;height:552px\" width=\"492\" height=\"552\" srcset=\"https:\/\/viuresobrerodes.cat\/wp-content\/uploads\/2022\/09\/Captura-de-pantalla-2022-09-19-215622.png 451w, https:\/\/viuresobrerodes.cat\/wp-content\/uploads\/2022\/09\/Captura-de-pantalla-2022-09-19-215622-267x300.png 267w\" sizes=\"auto, (max-width: 492px) 100vw, 492px\" \/><\/figure>\n\n\n\n<p>En el&nbsp;<strong><a href=\"https:\/\/www.turismodearagon.com\/ficha\/ordesa-y-monte-perdido\/\">Parc&nbsp;Nacional d&#8217;Ordesa<\/a><\/strong>,&nbsp;en&nbsp;ser un espai natural protegit, no s&#8217;hi poden recollir ni plantes \ud83c\udf3f ni bolets \ud83c\udf44 , doncs b\u00e9, hi va haver alguna persona inc\u00edvica, que collia bolets i els llen\u00e7ava, devia llen\u00e7ar els que es pensava que eren dolents pel consum hum\u00e0&#8230; i&nbsp;a la motxilla desava els bons. Ll\u00e0stima fa que no l&#8217;enganxessin! Nosaltres f\u00e8iem &#8220;safari fotogr\u00e0fic&#8221;\ud83d\udcf8<\/p>\n\n\n\n<figure class=\"wp-block-image size-full\"><img loading=\"lazy\" decoding=\"async\" width=\"642\" height=\"235\" src=\"http:\/\/viuresobrerodes.cat\/wp-content\/uploads\/2022\/09\/Captura-de-pantalla-2022-09-19-223311-1.png\" alt=\"\" class=\"wp-image-442\" srcset=\"https:\/\/viuresobrerodes.cat\/wp-content\/uploads\/2022\/09\/Captura-de-pantalla-2022-09-19-223311-1.png 642w, https:\/\/viuresobrerodes.cat\/wp-content\/uploads\/2022\/09\/Captura-de-pantalla-2022-09-19-223311-1-300x110.png 300w\" sizes=\"auto, (max-width: 642px) 100vw, 642px\" \/><\/figure>\n\n\n\n<p>La tarda del dia 8, arribarem a l&#8217;<a href=\"https:\/\/www.areasac.es\/benasque\/huesca\/benasque_7140_1_ap.html\"><strong>\u00e0rea d&#8217;autocaravanes <\/strong>de <strong>Benasc<\/strong><\/a>. Ens vam haver de registrar a la p\u00e0gina web que tenen, i pagar 10 \u20ac per nit. Est\u00e0 for\u00e7a b\u00e9, a l&#8217;entrada hi ha una barrera que detecta la&nbsp;matr\u00edcula, disposa de connexi\u00f3&nbsp;el\u00e8ctrica \ud83d\udd0c , c\u00e0rrega d&#8217;aigua potable \ud83d\udeb0 i buidatge d&#8217;aig\u00fces&nbsp;grises \ud83d\udebf i negres \ud83d\udebd . Tamb\u00e9 hi ha&nbsp;c\u00e0mera&nbsp;de&nbsp;videovigil\u00e0ncia<\/p>\n\n\n\n<p><strong><a href=\"https:\/\/turismobenasque.com\/\">Benasc<\/a><\/strong> t\u00e9 una poblaci\u00f3 aproximada d&#8217;uns 2.157 habitants i est\u00e0 a una altitud de 1.140 m<\/p>\n\n\n\n<p>Al mat\u00ed, amb la&nbsp;<strong>Mussi<\/strong>&nbsp;endre\u00e7adeta, vam anar&nbsp;fins al<a href=\"https:\/\/www.turismodearagon.com\/ficha\/parque-natural-posets-maladeta\/\">&nbsp;<strong>parc natural&nbsp;Posets-Maladeta<\/strong><\/a>, on hi ha un&nbsp;p\u00e0rquing.<\/p>\n\n\n\n<figure class=\"wp-block-image size-large is-resized\"><img loading=\"lazy\" decoding=\"async\" src=\"http:\/\/viuresobrerodes.cat\/wp-content\/uploads\/2022\/09\/c4734bce-cd4b-49f6-bc57-b24a76b6b352-1024x576.jpg\" alt=\"\" class=\"wp-image-446\" style=\"width:503px;height:282px\" width=\"503\" height=\"282\" srcset=\"https:\/\/viuresobrerodes.cat\/wp-content\/uploads\/2022\/09\/c4734bce-cd4b-49f6-bc57-b24a76b6b352-1024x576.jpg 1024w, https:\/\/viuresobrerodes.cat\/wp-content\/uploads\/2022\/09\/c4734bce-cd4b-49f6-bc57-b24a76b6b352-300x169.jpg 300w, https:\/\/viuresobrerodes.cat\/wp-content\/uploads\/2022\/09\/c4734bce-cd4b-49f6-bc57-b24a76b6b352-768x432.jpg 768w, https:\/\/viuresobrerodes.cat\/wp-content\/uploads\/2022\/09\/c4734bce-cd4b-49f6-bc57-b24a76b6b352-1536x864.jpg 1536w, https:\/\/viuresobrerodes.cat\/wp-content\/uploads\/2022\/09\/c4734bce-cd4b-49f6-bc57-b24a76b6b352-533x300.jpg 533w, https:\/\/viuresobrerodes.cat\/wp-content\/uploads\/2022\/09\/c4734bce-cd4b-49f6-bc57-b24a76b6b352.jpg 1600w\" sizes=\"auto, (max-width: 503px) 100vw, 503px\" \/><\/figure>\n\n\n\n<p>I d&#8217;all\u00e0,&nbsp;darrere&nbsp;el&nbsp;Juanfra&nbsp;i la&nbsp;Feli \ud83d\udeb6\u200d\u2640\ufe0f\ud83d\udeb6\ud83d\udeb6\ud83d\udeb6\u200d\u2640\ufe0f , muntanya amunt, travessant rierols&#8230;<\/p>\n\n\n\n<figure class=\"wp-block-image size-full\"><img loading=\"lazy\" decoding=\"async\" width=\"411\" height=\"462\" src=\"http:\/\/viuresobrerodes.cat\/wp-content\/uploads\/2022\/09\/Captura-de-pantalla-2022-09-20-001156.png\" alt=\"\" class=\"wp-image-448\" srcset=\"https:\/\/viuresobrerodes.cat\/wp-content\/uploads\/2022\/09\/Captura-de-pantalla-2022-09-20-001156.png 411w, https:\/\/viuresobrerodes.cat\/wp-content\/uploads\/2022\/09\/Captura-de-pantalla-2022-09-20-001156-267x300.png 267w\" sizes=\"auto, (max-width: 411px) 100vw, 411px\" \/><\/figure>\n\n\n\n<p>Per baixar ho f\u00e9rem per la carretera \ud83d\udeb6\u200d\u2640\ufe0f\ud83d\udeb6\ud83d\udeb6\ud83d\udeb6\u200d\u2640\ufe0f, ens adon\u00e0rem que als costats hi havia rovellons, i ens vam creuar en persones que portaven cistell&#8230; Pregunt\u00e0rem a una noia que en duia si estava perm\u00e8s, i clar en va dir que s\u00ed. Com que no ens fi\u00e0vem que ens digu\u00e9s la veritat, i no port\u00e0vem cistell, baixarem fins al p\u00e0rquing, on hi havia un punt d&#8217;informaci\u00f3. La noia que ens hav\u00edem trobat, no ens havia enganyat, com que era parc natural, es podien recollir fins a 3 kg, per\u00f2 indispensable portar cistell i ganivet. El Miquel i el&nbsp;Juanfra&nbsp;van refer el cam\u00ed, aquest cop preparats, per collir els rovellons que havien deixat pel cam\u00ed&#8230; Nosaltres a fer el dinar.<\/p>\n\n\n\n<figure class=\"wp-block-image size-large is-resized\"><img loading=\"lazy\" decoding=\"async\" src=\"http:\/\/viuresobrerodes.cat\/wp-content\/uploads\/2022\/09\/2b18fdf4-d96f-47d2-ae44-6cbd26df6d79-768x1024.jpg\" alt=\"\" class=\"wp-image-451\" style=\"width:293px;height:391px\" width=\"293\" height=\"391\" srcset=\"https:\/\/viuresobrerodes.cat\/wp-content\/uploads\/2022\/09\/2b18fdf4-d96f-47d2-ae44-6cbd26df6d79-768x1024.jpg 768w, https:\/\/viuresobrerodes.cat\/wp-content\/uploads\/2022\/09\/2b18fdf4-d96f-47d2-ae44-6cbd26df6d79-225x300.jpg 225w, https:\/\/viuresobrerodes.cat\/wp-content\/uploads\/2022\/09\/2b18fdf4-d96f-47d2-ae44-6cbd26df6d79-1152x1536.jpg 1152w, https:\/\/viuresobrerodes.cat\/wp-content\/uploads\/2022\/09\/2b18fdf4-d96f-47d2-ae44-6cbd26df6d79.jpg 1536w\" sizes=\"auto, (max-width: 293px) 100vw, 293px\" \/><\/figure>\n\n\n\n<p>Despr\u00e9s de dinar i fer la migdiada, an\u00e0rem cap a l&#8217;<strong><a href=\"https:\/\/www.areasac.es\/benasque\/huesca\/benasque_7140_1_ap.html\">\u00e0rea<\/a><\/strong> de <strong><a href=\"https:\/\/turismobenasque.com\/\">Benasc<\/a><\/strong>, per\u00f2 no entr\u00e0rem dins. Aparc\u00e0rem l&#8217;autocaravana \ud83d\ude90 al p\u00e0rquing que hi ha davant, i an\u00e0rem a visitar la poblaci\u00f3.<\/p>\n\n\n\n<p>La casa de la fotografia em va encantar. Pensareu que l&#8217;estat de la fa\u00e7ana, de la fusta de les finestres i portes no est\u00e0 gaire b\u00e9&#8230; S\u00ed, \u00e9s cert, per\u00f2 el decapat real que t\u00e9 \u00e9s perfecte! Hi ha t\u00e8cniques per aconseguir un resultat similar, per\u00f2 mai tan maco \ud83d\ude0d .<\/p>\n\n\n\n<figure class=\"wp-block-image size-large is-resized\"><img loading=\"lazy\" decoding=\"async\" src=\"http:\/\/viuresobrerodes.cat\/wp-content\/uploads\/2022\/09\/acb6a600-60ee-491e-9d4d-db325aceb590-1024x576.jpg\" alt=\"\" class=\"wp-image-453\" style=\"width:501px;height:281px\" width=\"501\" height=\"281\" srcset=\"https:\/\/viuresobrerodes.cat\/wp-content\/uploads\/2022\/09\/acb6a600-60ee-491e-9d4d-db325aceb590-1024x576.jpg 1024w, https:\/\/viuresobrerodes.cat\/wp-content\/uploads\/2022\/09\/acb6a600-60ee-491e-9d4d-db325aceb590-300x169.jpg 300w, https:\/\/viuresobrerodes.cat\/wp-content\/uploads\/2022\/09\/acb6a600-60ee-491e-9d4d-db325aceb590-768x432.jpg 768w, https:\/\/viuresobrerodes.cat\/wp-content\/uploads\/2022\/09\/acb6a600-60ee-491e-9d4d-db325aceb590-1536x864.jpg 1536w, https:\/\/viuresobrerodes.cat\/wp-content\/uploads\/2022\/09\/acb6a600-60ee-491e-9d4d-db325aceb590-533x300.jpg 533w, https:\/\/viuresobrerodes.cat\/wp-content\/uploads\/2022\/09\/acb6a600-60ee-491e-9d4d-db325aceb590.jpg 2000w\" sizes=\"auto, (max-width: 501px) 100vw, 501px\" \/><\/figure>\n\n\n\n<p>L&#8217;endem\u00e0 tir\u00e0rem avall, cap a <strong><a href=\"https:\/\/www.femturisme.cat\/ca\/pobles\/ager\">\u00c0ger<\/a><\/strong>, cap a la Noguera, a prop de casa. Ja \u00e9rem al final de les vacances, nom\u00e9s quedava un dinar al restaurant com a comiat. Per fer-lo vam triar el <strong><a href=\"https:\/\/es.restaurantcasaxalets.com\/\">restaurant Casa Xalets<\/a><\/strong>, t\u00e9 unes vistes espectaculars i el dinar bon\u00edssim\ud83d\ude0b .<\/p>\n\n\n\n<p>Despr\u00e9s de dinar\ud83c\udf7d\ufe0f, an\u00e0rem a veure com es tiren amb parapent i ja&#8230; cadasc\u00fa cap a casa seva\ud83d\ude22. Les vacances d&#8217;estiu, definitivament estaven acabades&#8230; Ara s\u00ed \ud83d\ude18<\/p>\n\n\n\n<p>\ud83d\ude4b\u200d\u2640\ufe0f\ud83d\udc81\u200d\u2640\ufe0f Us deixem l&#8217;enlla\u00e7 de les&nbsp;ubicacions&nbsp;dels llocs que hem visitat.\ud83d\ude0a<\/p>\n\n\n\n<p><a href=\"https:\/\/goo.gl\/maps\/QhGs7S85FyQidivr9\">https:\/\/goo.gl\/maps\/QhGs7S85FyQidivr9<\/a><\/p>\n","protected":false},"excerpt":{"rendered":"<p>El dia 2, comen\u00e7\u00e0rem la tercera i \u00faltima etapa d&#8217;aquestes vacances surtin de la Noguera cap a Jaca \ud83d\ude90 . Jaca, prov\u00edncia d&#8217;Osca, t\u00e9 una poblaci\u00f3 de 13.344 habitants i est\u00e0 a una altitud de 820 m. Hi vam pernoctar dues nits en un p\u00e0rquing d&#8217;autocaravanes, i nom\u00e9s sortir de la Mussi, com a benvinguda, [&hellip;]<\/p>\n","protected":false},"author":1,"featured_media":420,"comment_status":"open","ping_status":"open","sticky":false,"template":"","format":"standard","meta":{"_jetpack_memberships_contains_paid_content":false,"footnotes":""},"categories":[4],"tags":[46,41,44,38,39,37,40,42,45,43],"class_list":["post-402","post","type-post","status-publish","format-standard","has-post-thumbnail","hentry","category-autocaravana","tag-ager","tag-banos-de-panticosa","tag-benasque","tag-biescas","tag-ermita-santa-elena","tag-jaca","tag-panticosa","tag-parque-nacional-de-ordesa","tag-posets-maladeta","tag-torla"],"jetpack_featured_media_url":"https:\/\/viuresobrerodes.cat\/wp-content\/uploads\/2022\/09\/afed0cac-45a8-467b-83bc-45e7a83b459f-1.jpg","jetpack_sharing_enabled":true,"_links":{"self":[{"href":"https:\/\/viuresobrerodes.cat\/index.php?rest_route=\/wp\/v2\/posts\/402","targetHints":{"allow":["GET"]}}],"collection":[{"href":"https:\/\/viuresobrerodes.cat\/index.php?rest_route=\/wp\/v2\/posts"}],"about":[{"href":"https:\/\/viuresobrerodes.cat\/index.php?rest_route=\/wp\/v2\/types\/post"}],"author":[{"embeddable":true,"href":"https:\/\/viuresobrerodes.cat\/index.php?rest_route=\/wp\/v2\/users\/1"}],"replies":[{"embeddable":true,"href":"https:\/\/viuresobrerodes.cat\/index.php?rest_route=%2Fwp%2Fv2%2Fcomments&post=402"}],"version-history":[{"count":41,"href":"https:\/\/viuresobrerodes.cat\/index.php?rest_route=\/wp\/v2\/posts\/402\/revisions"}],"predecessor-version":[{"id":1216,"href":"https:\/\/viuresobrerodes.cat\/index.php?rest_route=\/wp\/v2\/posts\/402\/revisions\/1216"}],"wp:featuredmedia":[{"embeddable":true,"href":"https:\/\/viuresobrerodes.cat\/index.php?rest_route=\/wp\/v2\/media\/420"}],"wp:attachment":[{"href":"https:\/\/viuresobrerodes.cat\/index.php?rest_route=%2Fwp%2Fv2%2Fmedia&parent=402"}],"wp:term":[{"taxonomy":"category","embeddable":true,"href":"https:\/\/viuresobrerodes.cat\/index.php?rest_route=%2Fwp%2Fv2%2Fcategories&post=402"},{"taxonomy":"post_tag","embeddable":true,"href":"https:\/\/viuresobrerodes.cat\/index.php?rest_route=%2Fwp%2Fv2%2Ftags&post=402"}],"curies":[{"name":"wp","href":"https:\/\/api.w.org\/{rel}","templated":true}]}}