{"id":483,"date":"2022-10-11T09:48:12","date_gmt":"2022-10-11T09:48:12","guid":{"rendered":"https:\/\/viuresobrerodes.cat\/?p=483"},"modified":"2023-01-16T16:13:36","modified_gmt":"2023-01-16T16:13:36","slug":"un-error","status":"publish","type":"post","link":"https:\/\/viuresobrerodes.cat\/?p=483","title":{"rendered":"Un error&#8230;"},"content":{"rendered":"\n<p>La setmana passada vam anar a comprar una moto \ud83c\udfcd\ufe0f&nbsp;l&#8217;<strong>Honda&nbsp;CB 300 R<\/strong>.  La port\u00e0rem darrera penjada. Amb ella ens podrem moure millor pel <strong>Baix Llobregat<\/strong> i anar a <strong>Barcelona<\/strong> si cal.<\/p>\n\n\n\n<figure class=\"wp-block-image size-large is-resized\"><img loading=\"lazy\" decoding=\"async\" src=\"http:\/\/viuresobrerodes.cat\/wp-content\/uploads\/2022\/10\/Onda-CB-300-R.png\" alt=\"\" width=\"365\" height=\"205\"\/><\/figure>\n\n\n\n<p><br>L&#8217;altra\ud83d\udef5 ,&nbsp;una<strong> <a href=\"http:\/\/viuresobrerodes.cat\/wp-content\/uploads\/2022\/10\/Dingo-125-blanco-der-B.jpg\">Dingo-EFI-125-Cl\u00e0ssic-CL<\/a><\/strong>, l&#8217;hem posat a la venda. Pel que la volem no ens va b\u00e9, amb ella no ens veiem en cor d&#8217;anar per carreteres, nom\u00e9s per les d&#8217;interior&#8230;,&nbsp;\u00e9s justeta per a dues persones com nosaltres\ud83e\udd37\u200d\u2640\ufe0f. Va ser un error\ud83e\udd26\u200d\u2642\ufe0f\ud83e\udd26\u200d\u2640\ufe0f.<\/p>\n\n\n\n<p>Per\u00f2 no tot s\u00f3n&nbsp;errors\ud83d\udc81\u200d\u2640\ufe0f, el cap de setmana de l&#8217;1 i 2 d&#8217;octubre, el Manel i la&nbsp;Isa&nbsp;ens van recomanar anar a la 14a edici\u00f3 de la <strong>Fira de la M\u00e0gia al carrer<\/strong> \u2660\ufe0f\ud83d\udcb8\ud83c\udfa9 de<strong>&nbsp;Mongai<\/strong>, a <strong>la Noguera<\/strong>&nbsp;(poblaci\u00f3 aproximada 635 habitants) i anar va ser un gran encert!<\/p>\n\n\n\n<figure class=\"wp-block-image size-full is-resized\"><img loading=\"lazy\" decoding=\"async\" src=\"http:\/\/viuresobrerodes.cat\/wp-content\/uploads\/2022\/10\/Captura-de-pantalla-2022-10-10-214956.png\" alt=\"\" class=\"wp-image-491\" width=\"404\" height=\"318\" srcset=\"https:\/\/viuresobrerodes.cat\/wp-content\/uploads\/2022\/10\/Captura-de-pantalla-2022-10-10-214956.png 477w, https:\/\/viuresobrerodes.cat\/wp-content\/uploads\/2022\/10\/Captura-de-pantalla-2022-10-10-214956-300x236.png 300w, https:\/\/viuresobrerodes.cat\/wp-content\/uploads\/2022\/10\/Captura-de-pantalla-2022-10-10-214956-382x300.png 382w\" sizes=\"auto, (max-width: 404px) 100vw, 404px\" \/><\/figure>\n\n\n\n<p>El dia a dia vivint a l&#8217;autocaravana \ud83d\ude90 estant al <strong>Baix Llobregat<\/strong>, \u00e9s ben entretingut. A no ser que&nbsp;h\u00e0gem&nbsp;de sortir per treballar\ud83d\udcbc amb la&nbsp;<strong>Mussi<\/strong> \ud83d\ude90, de bon mat\u00ed portem a l&#8217;A al&nbsp;cole. Anem a comprar si falta algun ingredient per dinar, fem la xerradeta amb el Joaquim, el droguer del poble, i o, amb algun ve\u00ed o alguna ve\u00efna m\u00e9s, i cap a fer el dinar\ud83e\udd58 , el Miquel a l&#8217;ordinador\ud83d\udc68\u200d\ud83d\udcbb , fins a l&#8217;hora d&#8217;anar a buscar a l&#8217;A. Dinar, i au, cap al&nbsp;cole&nbsp;un altre cop&#8230; I a seguir treballant \ud83d\udc68\u200d\ud83d\udcbb.<br><\/p>\n\n\n\n<figure class=\"wp-block-image size-large is-resized\"><img loading=\"lazy\" decoding=\"async\" src=\"http:\/\/viuresobrerodes.cat\/wp-content\/uploads\/2022\/10\/bd1b7b19-2420-48f5-978f-3a69673f4430-576x1024.jpg\" alt=\"\" class=\"wp-image-485\" width=\"227\" height=\"405\" srcset=\"https:\/\/viuresobrerodes.cat\/wp-content\/uploads\/2022\/10\/bd1b7b19-2420-48f5-978f-3a69673f4430-576x1024.jpg 576w, https:\/\/viuresobrerodes.cat\/wp-content\/uploads\/2022\/10\/bd1b7b19-2420-48f5-978f-3a69673f4430-864x1536.jpg 864w, https:\/\/viuresobrerodes.cat\/wp-content\/uploads\/2022\/10\/bd1b7b19-2420-48f5-978f-3a69673f4430.jpg 1125w\" sizes=\"auto, (max-width: 227px) 100vw, 227px\" \/><\/figure>\n\n\n\n<p>Aquest cap de setmana no hem anat a <strong>la Noguera<\/strong>, hem anat a <strong><a href=\"https:\/\/www.catalunya.com\/vilafranca-del-penedes-2-1-83054?language=ca\">Vilafranca del Pened\u00e8s<\/a><\/strong>. \u00c9s la capital de la comarca de l&#8217;<strong>Alt Pened\u00e8s<\/strong> i t\u00e9 una poblaci\u00f3 aprox. de 40.055 habitants. Amb la<strong> Mussi<\/strong>\ud83d\ude90 \u00e9s la segona vegada que hi anem. A la primera vam poder aparcar al davant de la casa dels amics que hi tenim, la Maria i en Josep, i aquest cop una mica m\u00e9s a baix, uns 150 metres, i al mateix carrer! A <strong><a href=\"https:\/\/www.catalunya.com\/vilafranca-del-penedes-2-1-83054?language=ca\">Vilafranca del Pened\u00e8s<\/a><\/strong> hi ha <strong><a href=\"https:\/\/www-areasac-es.translate.goog\/areas\/barcelona\/vilafranca-del-penedes_1750_1_ap.html?_x_tr_sl=es&amp;_x_tr_tl=ca&amp;_x_tr_hl=ca&amp;_x_tr_pto=sc\">\u00e0rea d&#8217;autocaravanes<\/a><\/strong> \ud83d\ude90\ud83d\ude90, per\u00f2 com que encara no tenim la moto \u00e9s m\u00e9s c\u00f2mode aparcar a prop de la casa d&#8217;ells.<br>Que bonic \u00e9s!!, hi ha edificis modernistes, quines fa\u00e7anes!.\ud83d\udc92 L&#8217;<strong>esgl\u00e9sia de santa Maria <\/strong>i la<strong> capella de sant Joan <\/strong>d&#8217;estil g\u00f2tic&#8230;<\/p>\n\n\n\n<figure class=\"wp-block-image size-full is-resized\"><img loading=\"lazy\" decoding=\"async\" src=\"http:\/\/viuresobrerodes.cat\/wp-content\/uploads\/2022\/10\/Captura-de-pantalla-2022-10-10-225310.png\" alt=\"\" class=\"wp-image-494\" width=\"338\" height=\"299\" srcset=\"https:\/\/viuresobrerodes.cat\/wp-content\/uploads\/2022\/10\/Captura-de-pantalla-2022-10-10-225310.png 454w, https:\/\/viuresobrerodes.cat\/wp-content\/uploads\/2022\/10\/Captura-de-pantalla-2022-10-10-225310-300x265.png 300w, https:\/\/viuresobrerodes.cat\/wp-content\/uploads\/2022\/10\/Captura-de-pantalla-2022-10-10-225310-340x300.png 340w\" sizes=\"auto, (max-width: 338px) 100vw, 338px\" \/><figcaption class=\"wp-element-caption\">I quin ambient que hi ha!<br>El dissabte hi ha mercat, de roba i de productes del camp, vam comprar un parell de farigoles per plantar-les al pati de la nostra casa de <strong>la Noguera<\/strong>. Despr\u00e9s vam dinar \ud83c\udf7d\ufe0f\ud83e\udd58a la <a href=\"https:\/\/www.instagram.com\/tavernaescorxador\/\"><strong>Taverna de l&#8217;Escorxador<\/strong>.<\/a><br>Diumenge feien la <strong><a href=\"https:\/\/comercimercats.vilafranca.cat\/viu-les-fires\/artesans-brocanters-i-pintors\">fira d&#8217;artesans, brocanters i pintors<\/a><\/strong> a la r<strong>ambla de sant Francesc<\/strong>. La fan un cop al mes, o sigui que vam encertar el dia, ll\u00e0stima que no ens vam poder firar, tenim masses despeses previstes!!<br><\/figcaption><\/figure>\n\n\n\n<p>F\u00e9rem el vermutet\ud83c\udf78 i un bon dinar al<a href=\"https:\/\/www.google.com\/maps\/place\/Restaurant+Cafeteria+Casino\/@41.3453894,1.6984011,15z\/data=!4m12!1m6!3m5!1s0x0:0x478973c71975ca9e!2sRestaurant+Cafeteria+Casino!8m2!3d41.3453894!4d1.6984011!3m4!1s0x0:0x478973c71975ca9e!8m2!3d41.3453894!4d1.6984011\"> <strong>Restaurant Cafeteria Casino<\/strong><\/a> \ud83c\udf7d\ufe0f\ud83e\udd58 , i ja, vam haver de plegar veles i marxar cap el <strong>Baix Llobregat<\/strong>. Primer an\u00e0rem a l&#8217;<strong><a href=\"https:\/\/www-areasac-es.translate.goog\/areas\/barcelona\/vilafranca-del-penedes_1750_1_ap.html?_x_tr_sl=es&amp;_x_tr_tl=ca&amp;_x_tr_hl=ca&amp;_x_tr_pto=sc\">\u00e0rea d&#8217;autocaravanes<\/a><\/strong>, a omplir d&#8217;aigua potable \ud83d\udeb0, buidar les grises \ud83d\udebf i negres \ud83d\udebd&#8230;<\/p>\n\n\n\n<p>No hem pogut veure tot el que ens ofereix aquesta ciutat, per\u00f2 tornarem i us ho explicarem!<\/p>\n\n\n\n<p>\ud83d\ude4b\u200d\u2640\ufe0f\ud83d\udc81\u200d\u2640\ufe0f Us deixem l&#8217;enlla\u00e7 de les&nbsp;ubicacions&nbsp;dels llocs que hem visitat.\ud83d\ude0a<\/p>\n\n\n\n<p><a href=\"https:\/\/goo.gl\/maps\/KLSN1KAsCMPML4tE7\">https:\/\/goo.gl\/maps\/KLSN1KAsCMPML4tE7<\/a><\/p>\n","protected":false},"excerpt":{"rendered":"<p>La setmana passada vam anar a comprar una moto \ud83c\udfcd\ufe0f&nbsp;l&#8217;Honda&nbsp;CB 300 R. La port\u00e0rem darrera penjada. Amb ella ens podrem moure millor pel Baix Llobregat i anar a Barcelona si cal. L&#8217;altra\ud83d\udef5 ,&nbsp;una Dingo-EFI-125-Cl\u00e0ssic-CL, l&#8217;hem posat a la venda. Pel que la volem no ens va b\u00e9, amb ella no ens veiem en cor d&#8217;anar [&hellip;]<\/p>\n","protected":false},"author":1,"featured_media":517,"comment_status":"open","ping_status":"open","sticky":false,"template":"","format":"standard","meta":{"_jetpack_memberships_contains_paid_content":false,"footnotes":""},"categories":[4],"tags":[70,19,67,72,68,66,69],"class_list":["post-483","post","type-post","status-publish","format-standard","has-post-thumbnail","hentry","category-autocaravana","tag-alt-penedes","tag-dingo-efi-125-classic-cl","tag-fira-de-la-magia-al-carrer","tag-honda-cb-300-r","tag-la-noguera","tag-mongai","tag-vilafranca-del-penedes"],"jetpack_featured_media_url":"https:\/\/viuresobrerodes.cat\/wp-content\/uploads\/2022\/10\/IMG_20221008_134746-2.jpg","jetpack_sharing_enabled":true,"_links":{"self":[{"href":"https:\/\/viuresobrerodes.cat\/index.php?rest_route=\/wp\/v2\/posts\/483","targetHints":{"allow":["GET"]}}],"collection":[{"href":"https:\/\/viuresobrerodes.cat\/index.php?rest_route=\/wp\/v2\/posts"}],"about":[{"href":"https:\/\/viuresobrerodes.cat\/index.php?rest_route=\/wp\/v2\/types\/post"}],"author":[{"embeddable":true,"href":"https:\/\/viuresobrerodes.cat\/index.php?rest_route=\/wp\/v2\/users\/1"}],"replies":[{"embeddable":true,"href":"https:\/\/viuresobrerodes.cat\/index.php?rest_route=%2Fwp%2Fv2%2Fcomments&post=483"}],"version-history":[{"count":25,"href":"https:\/\/viuresobrerodes.cat\/index.php?rest_route=\/wp\/v2\/posts\/483\/revisions"}],"predecessor-version":[{"id":799,"href":"https:\/\/viuresobrerodes.cat\/index.php?rest_route=\/wp\/v2\/posts\/483\/revisions\/799"}],"wp:featuredmedia":[{"embeddable":true,"href":"https:\/\/viuresobrerodes.cat\/index.php?rest_route=\/wp\/v2\/media\/517"}],"wp:attachment":[{"href":"https:\/\/viuresobrerodes.cat\/index.php?rest_route=%2Fwp%2Fv2%2Fmedia&parent=483"}],"wp:term":[{"taxonomy":"category","embeddable":true,"href":"https:\/\/viuresobrerodes.cat\/index.php?rest_route=%2Fwp%2Fv2%2Fcategories&post=483"},{"taxonomy":"post_tag","embeddable":true,"href":"https:\/\/viuresobrerodes.cat\/index.php?rest_route=%2Fwp%2Fv2%2Ftags&post=483"}],"curies":[{"name":"wp","href":"https:\/\/api.w.org\/{rel}","templated":true}]}}