{"id":617,"date":"2022-11-23T21:23:22","date_gmt":"2022-11-23T21:23:22","guid":{"rendered":"https:\/\/viuresobrerodes.cat\/?p=617"},"modified":"2022-11-24T12:53:09","modified_gmt":"2022-11-24T12:53:09","slug":"sortideta-a-larboc","status":"publish","type":"post","link":"https:\/\/viuresobrerodes.cat\/?p=617","title":{"rendered":"Sortideta a l&#8217;Arbo\u00e7"},"content":{"rendered":"\n<figure class=\"wp-block-image size-large is-resized\"><img loading=\"lazy\" decoding=\"async\" src=\"http:\/\/viuresobrerodes.cat\/wp-content\/uploads\/2022\/11\/38f26156-1aee-4db6-8880-a33202724c51-1024x576.jpg\" alt=\"\" class=\"wp-image-620\" width=\"571\" height=\"321\" srcset=\"https:\/\/viuresobrerodes.cat\/wp-content\/uploads\/2022\/11\/38f26156-1aee-4db6-8880-a33202724c51-1024x576.jpg 1024w, https:\/\/viuresobrerodes.cat\/wp-content\/uploads\/2022\/11\/38f26156-1aee-4db6-8880-a33202724c51-300x169.jpg 300w, https:\/\/viuresobrerodes.cat\/wp-content\/uploads\/2022\/11\/38f26156-1aee-4db6-8880-a33202724c51-768x432.jpg 768w, https:\/\/viuresobrerodes.cat\/wp-content\/uploads\/2022\/11\/38f26156-1aee-4db6-8880-a33202724c51-1536x864.jpg 1536w, https:\/\/viuresobrerodes.cat\/wp-content\/uploads\/2022\/11\/38f26156-1aee-4db6-8880-a33202724c51-533x300.jpg 533w, https:\/\/viuresobrerodes.cat\/wp-content\/uploads\/2022\/11\/38f26156-1aee-4db6-8880-a33202724c51.jpg 2000w\" sizes=\"auto, (max-width: 571px) 100vw, 571px\" \/><\/figure>\n\n\n\n<p>De bon mat\u00ed hem baixat l&#8217;<strong>Honda CB 300 R<\/strong> \ud83c\udfcd\ufe0f de la\u00a0Mussi\ud83d\ude90\u00a0i ens hem preparat per fer la\u00a0sortideta\u00a0a<br><strong><a href=\"https:\/\/larbocturistic.cat\/que-visitar\">l&#8217;Arbo\u00e7<\/a><\/strong> qu\u00e8, pertany al <strong>Baix Pened\u00e8s<\/strong> i t\u00e9 uns 5486 habitants.<\/p>\n\n\n\n<p><br>Quan van dir d&#8217;anar a fer un esmorzar de forquilla\ud83c\udf7d\ufe0f a<strong> l&#8217;Arbo\u00e7<\/strong>, jo em vaig pensar que seria dins del poble, i que podria fer fotografies a <strong><a href=\"https:\/\/larbocturistic.cat\/que-visitar\/la-giralda\">la\u00a0Giralda<\/a><\/strong>, que tot ser una r\u00e8plica, est\u00e0 molt ben feta \ud83d\ude0d, ja que els materials s\u00f3n els mateixos que s&#8217;utilitzaren per a la construcci\u00f3 de l&#8217;original. La seva hist\u00f2ria \u00e9s molt interessant i tamb\u00e9 rom\u00e0ntica \u2764\ufe0f.<\/p>\n\n\n\n<p>Per\u00f2 no, no hem entrat dins de la poblaci\u00f3 de <strong>l&#8217;Arbo\u00e7<\/strong>\ud83e\udd26\u200d\u2640\ufe0f . Ens hem quedat  a la\u00a0Ctra. de l&#8217;Arbo\u00e7 a <strong>Banyeres<\/strong>, Km 3,8&#8230;\ud83e\udd37\u200d\u2640\ufe0f<\/p>\n\n\n\n<figure class=\"wp-block-image size-full\"><img loading=\"lazy\" decoding=\"async\" width=\"432\" height=\"485\" src=\"http:\/\/viuresobrerodes.cat\/wp-content\/uploads\/2022\/11\/Captura-de-pantalla-.png\" alt=\"\" class=\"wp-image-626\" srcset=\"https:\/\/viuresobrerodes.cat\/wp-content\/uploads\/2022\/11\/Captura-de-pantalla-.png 432w, https:\/\/viuresobrerodes.cat\/wp-content\/uploads\/2022\/11\/Captura-de-pantalla--267x300.png 267w\" sizes=\"auto, (max-width: 432px) 100vw, 432px\" \/><\/figure>\n\n\n\n<p>B\u00e9, ja hi tornarem \ud83d\udc81\u200d\u2640\ufe0f i far\u00e9 moltes fotografies  , i no nom\u00e9s de <strong>la\u00a0Giralda<\/strong>. <strong>L&#8217;Arbo\u00e7<\/strong> t\u00e9 edificis  modernistes, el <strong>Palau Gener i Batet<\/strong>, <strong>l&#8217;esgl\u00e9sia renaixentista de Sant Juli\u00e0<\/strong>&#8230; \ud83d\ude0d<\/p>\n\n\n\n<p><br>Avui nom\u00e9s hem esmorzat\ud83c\udf7d\ufe0f, i ho hem fet a l&#8217;agrobotiga\u00a0<strong><a href=\"https:\/\/www.agrotast.cat\/agrotast-larboc\/\">Agro-tast<\/a><\/strong>. L&#8217;esmorzar \ud83c\udf7d\ufe0f ha estat prou b\u00e9, 4 costelletes de xai a la brasa, patates fregides o mongetes seques, un dels motards ha preferit 2 tallets bacall\u00e0 amb samfaina, vi, pa, tallats i un parell de txupitos per repartir&#8230; 20 \u20ac per persona&#8230; hem trobat el preu massa alt\ud83d\ude46\u200d\u2640\ufe0f .\ud83d\ude4b\u200d\u2640\ufe0f Clar que, si hagu\u00e9ssim consultat <strong><a href=\"https:\/\/www.agrotast.cat\/esmorzar-de-forquilla\/\">la carta<\/a><\/strong> \ud83d\udccb, potser haur\u00edem demanat un altre plat!\ud83d\udc81\u200d\u2640\ufe0f<\/p>\n\n\n\n<figure class=\"wp-block-image size-full\"><img loading=\"lazy\" decoding=\"async\" width=\"543\" height=\"256\" src=\"http:\/\/viuresobrerodes.cat\/wp-content\/uploads\/2022\/11\/Captura-de-pantalla-2022-11-23-211616.png\" alt=\"\" class=\"wp-image-627\" srcset=\"https:\/\/viuresobrerodes.cat\/wp-content\/uploads\/2022\/11\/Captura-de-pantalla-2022-11-23-211616.png 543w, https:\/\/viuresobrerodes.cat\/wp-content\/uploads\/2022\/11\/Captura-de-pantalla-2022-11-23-211616-300x141.png 300w\" sizes=\"auto, (max-width: 543px) 100vw, 543px\" \/><figcaption class=\"wp-element-caption\"> <\/figcaption><\/figure>\n\n\n\n<p>Per anar \ud83c\udfcd\ufe0f\ud83c\udfcd\ufe0f\ud83c\udfcd\ufe0f\ud83c\udfcd\ufe0f\ud83c\udfcd\ufe0fhem triat la ruta que va per <strong>Begues<\/strong>, <strong>Olesa de Bonesvalls<\/strong>, <strong>Aviny\u00f3 nou<\/strong>, <strong>Vilafranca del Pened\u00e8s<\/strong>&#8230; fins a <strong>l&#8217;Arbo\u00e7<\/strong>. Una carretera bon\u00edssima, amb uns giravolts que fan la del\u00edcia dels motards. La tornada al <strong>Baix Llobregat<\/strong> l&#8217;hem fet\ud83c\udfcd\ufe0f\ud83c\udfcd\ufe0f\ud83c\udfcd\ufe0f\ud83c\udfcd\ufe0f\ud83c\udfcd\ufe0f per <strong>Castellet<\/strong>, <strong>Pant\u00e0 de Foix<\/strong>, <strong>Vilanova i la Geltr\u00fa<\/strong>, <strong>Sitges<\/strong>, <strong>Garraf<\/strong>&#8230; <strong>Castelldefels<\/strong> i cap a casa!<\/p>\n\n\n\n<p>\ud83d\ude4b\u200d\u2640\ufe0f\ud83d\udc81\u200d\u2640\ufe0f Us deixem l&#8217;enlla\u00e7 de les&nbsp;ubicacions&nbsp;del <strong><a href=\"https:\/\/www.google.es\/maps\/@41.2823838,1.6574771,11z\/data=!3m1!4b1!4m3!11m2!2scKvbri2OTHiwE0vPp9mqtw!3e3?hl=ca&amp;authuser=0\">recorregut<\/a> <\/strong>que hem fet.\ud83d\ude0a<\/p>\n\n\n\n<p><\/p>\n\n\n\n<p><\/p>\n","protected":false},"excerpt":{"rendered":"<p>De bon mat\u00ed hem baixat l&#8217;Honda CB 300 R \ud83c\udfcd\ufe0f de la\u00a0Mussi\ud83d\ude90\u00a0i ens hem preparat per fer la\u00a0sortideta\u00a0al&#8217;Arbo\u00e7 qu\u00e8, pertany al Baix Pened\u00e8s i t\u00e9 uns 5486 habitants. Quan van dir d&#8217;anar a fer un esmorzar de forquilla\ud83c\udf7d\ufe0f a l&#8217;Arbo\u00e7, jo em vaig pensar que seria dins del poble, i que podria fer fotografies a [&hellip;]<\/p>\n","protected":false},"author":1,"featured_media":620,"comment_status":"open","ping_status":"open","sticky":false,"template":"","format":"standard","meta":{"_jetpack_memberships_contains_paid_content":false,"footnotes":""},"categories":[5],"tags":[91,82,87,72,86,90,88,92,89],"class_list":["post-617","post","type-post","status-publish","format-standard","has-post-thumbnail","hentry","category-motocicleta","tag-agro-tast","tag-baix-llobregat","tag-baix-penedes","tag-honda-cb-300-r","tag-larboc","tag-lesglesia-renaixentista-de-sant-julia","tag-la-giralda","tag-motards","tag-palau-gener-i-batet"],"jetpack_featured_media_url":"https:\/\/viuresobrerodes.cat\/wp-content\/uploads\/2022\/11\/38f26156-1aee-4db6-8880-a33202724c51.jpg","jetpack_sharing_enabled":true,"_links":{"self":[{"href":"https:\/\/viuresobrerodes.cat\/index.php?rest_route=\/wp\/v2\/posts\/617","targetHints":{"allow":["GET"]}}],"collection":[{"href":"https:\/\/viuresobrerodes.cat\/index.php?rest_route=\/wp\/v2\/posts"}],"about":[{"href":"https:\/\/viuresobrerodes.cat\/index.php?rest_route=\/wp\/v2\/types\/post"}],"author":[{"embeddable":true,"href":"https:\/\/viuresobrerodes.cat\/index.php?rest_route=\/wp\/v2\/users\/1"}],"replies":[{"embeddable":true,"href":"https:\/\/viuresobrerodes.cat\/index.php?rest_route=%2Fwp%2Fv2%2Fcomments&post=617"}],"version-history":[{"count":9,"href":"https:\/\/viuresobrerodes.cat\/index.php?rest_route=\/wp\/v2\/posts\/617\/revisions"}],"predecessor-version":[{"id":634,"href":"https:\/\/viuresobrerodes.cat\/index.php?rest_route=\/wp\/v2\/posts\/617\/revisions\/634"}],"wp:featuredmedia":[{"embeddable":true,"href":"https:\/\/viuresobrerodes.cat\/index.php?rest_route=\/wp\/v2\/media\/620"}],"wp:attachment":[{"href":"https:\/\/viuresobrerodes.cat\/index.php?rest_route=%2Fwp%2Fv2%2Fmedia&parent=617"}],"wp:term":[{"taxonomy":"category","embeddable":true,"href":"https:\/\/viuresobrerodes.cat\/index.php?rest_route=%2Fwp%2Fv2%2Fcategories&post=617"},{"taxonomy":"post_tag","embeddable":true,"href":"https:\/\/viuresobrerodes.cat\/index.php?rest_route=%2Fwp%2Fv2%2Ftags&post=617"}],"curies":[{"name":"wp","href":"https:\/\/api.w.org\/{rel}","templated":true}]}}