{"id":636,"date":"2022-12-17T12:26:25","date_gmt":"2022-12-17T12:26:25","guid":{"rendered":"https:\/\/viuresobrerodes.cat\/?p=636"},"modified":"2022-12-17T17:30:17","modified_gmt":"2022-12-17T17:30:17","slug":"ja-fa-fred","status":"publish","type":"post","link":"https:\/\/viuresobrerodes.cat\/?p=636","title":{"rendered":"Ja fa fred!"},"content":{"rendered":"\n<p>En el <strong>Baix Llobregat<\/strong> ja han baixat les temperatures \ud83e\udd76, el sol ja no escalfa tant\u26c5, i una bateria \ud83d\udd0b sola \u00e9s poca cosa pel que ens cal \ud83d\udcbb\ud83d\udda8\ufe0f\ud83d\udca1\ud83d\udcfa , tamb\u00e9 cal portar cadenes i una roda de recanvi!<br>Avui ens estan posant la segona <strong>bateria<\/strong>\ud83d\udd0b \ud83d\udd0bde l&#8217;habitacle, en el nostre taller de confian\u00e7a, des de 1978 <strong><a href=\"http:\/\/autosefd73.com\/WordPress3\/auto-sefd-2\/\">Auto Sefd 73<\/a><\/strong>.<\/p>\n\n\n\n<figure class=\"wp-block-image size-large is-resized\"><img loading=\"lazy\" decoding=\"async\" src=\"http:\/\/viuresobrerodes.cat\/wp-content\/uploads\/2022\/12\/8047e38d-565f-4ec9-96c5-8bbd0bb2c5cc-1-768x1024.jpg\" alt=\"\" class=\"wp-image-642\" width=\"308\" height=\"411\" srcset=\"https:\/\/viuresobrerodes.cat\/wp-content\/uploads\/2022\/12\/8047e38d-565f-4ec9-96c5-8bbd0bb2c5cc-1-768x1024.jpg 768w, https:\/\/viuresobrerodes.cat\/wp-content\/uploads\/2022\/12\/8047e38d-565f-4ec9-96c5-8bbd0bb2c5cc-1-225x300.jpg 225w, https:\/\/viuresobrerodes.cat\/wp-content\/uploads\/2022\/12\/8047e38d-565f-4ec9-96c5-8bbd0bb2c5cc-1-1152x1536.jpg 1152w, https:\/\/viuresobrerodes.cat\/wp-content\/uploads\/2022\/12\/8047e38d-565f-4ec9-96c5-8bbd0bb2c5cc-1.jpg 1200w\" sizes=\"auto, (max-width: 308px) 100vw, 308px\" \/><\/figure>\n\n\n\n<figure class=\"wp-block-image size-large is-resized\"><img loading=\"lazy\" decoding=\"async\" src=\"http:\/\/viuresobrerodes.cat\/wp-content\/uploads\/2022\/12\/2ae65e59-ef4d-49fa-8a70-e803f0ee836a-1024x576.jpg\" alt=\"\" class=\"wp-image-638\" width=\"554\" height=\"311\" srcset=\"https:\/\/viuresobrerodes.cat\/wp-content\/uploads\/2022\/12\/2ae65e59-ef4d-49fa-8a70-e803f0ee836a-1024x576.jpg 1024w, https:\/\/viuresobrerodes.cat\/wp-content\/uploads\/2022\/12\/2ae65e59-ef4d-49fa-8a70-e803f0ee836a-300x169.jpg 300w, https:\/\/viuresobrerodes.cat\/wp-content\/uploads\/2022\/12\/2ae65e59-ef4d-49fa-8a70-e803f0ee836a-768x432.jpg 768w, https:\/\/viuresobrerodes.cat\/wp-content\/uploads\/2022\/12\/2ae65e59-ef4d-49fa-8a70-e803f0ee836a-1536x864.jpg 1536w, https:\/\/viuresobrerodes.cat\/wp-content\/uploads\/2022\/12\/2ae65e59-ef4d-49fa-8a70-e803f0ee836a-533x300.jpg 533w, https:\/\/viuresobrerodes.cat\/wp-content\/uploads\/2022\/12\/2ae65e59-ef4d-49fa-8a70-e803f0ee836a.jpg 2000w\" sizes=\"auto, (max-width: 554px) 100vw, 554px\" \/><\/figure>\n\n\n\n<p>L&#8217;han posat a sota del meu seient\ud83d\udcba , que han hagut de treure, (hem dinat \ud83c\udf7d\ufe0f al taller) i en acabar la feina una vegada col\u00b7locat el seient, ens hem adonat que no va el gra\u00f3, ni la bomba d&#8217;aigua, ni la llum&#8230;\ud83e\udd26\u200d\u2640\ufe0f\ud83e\udd26\u200d\u2642\ufe0f  i el nostre mec\u00e0nic en Ramon no sap que pot ser, ja que tot est\u00e0 ben fet \ud83e\udd37\ud83c\udffb\u200d\u2642\ufe0f&#8230; \u00c9s q\u00fcesti\u00f3 d&#8217;investigar-ho \ud83e\uddd0sense posar-nos nerviosos&#8230;\ud83d\udc81\u200d\u2640\ufe0f<br><strong>Arreglat!<\/strong> Al desconnectar la bateria per fer la feina, s&#8217;ha desconnectat el panell de control de l&#8217;habitacle!! I nom\u00e9s calia clicar \ud83d\udc47\ud83c\udffb .<\/p>\n\n\n\n<figure class=\"wp-block-image size-large is-resized\"><img loading=\"lazy\" decoding=\"async\" src=\"http:\/\/viuresobrerodes.cat\/wp-content\/uploads\/2022\/12\/298eff6b-3af9-4e56-b39e-0b8bf3ce0fe6-1024x576.jpg\" alt=\"\" class=\"wp-image-639\" width=\"561\" height=\"315\" srcset=\"https:\/\/viuresobrerodes.cat\/wp-content\/uploads\/2022\/12\/298eff6b-3af9-4e56-b39e-0b8bf3ce0fe6-1024x576.jpg 1024w, https:\/\/viuresobrerodes.cat\/wp-content\/uploads\/2022\/12\/298eff6b-3af9-4e56-b39e-0b8bf3ce0fe6-300x169.jpg 300w, https:\/\/viuresobrerodes.cat\/wp-content\/uploads\/2022\/12\/298eff6b-3af9-4e56-b39e-0b8bf3ce0fe6-768x432.jpg 768w, https:\/\/viuresobrerodes.cat\/wp-content\/uploads\/2022\/12\/298eff6b-3af9-4e56-b39e-0b8bf3ce0fe6-1536x864.jpg 1536w, https:\/\/viuresobrerodes.cat\/wp-content\/uploads\/2022\/12\/298eff6b-3af9-4e56-b39e-0b8bf3ce0fe6-533x300.jpg 533w, https:\/\/viuresobrerodes.cat\/wp-content\/uploads\/2022\/12\/298eff6b-3af9-4e56-b39e-0b8bf3ce0fe6.jpg 2000w\" sizes=\"auto, (max-width: 561px) 100vw, 561px\" \/><\/figure>\n\n\n\n<p>Per aix\u00f2 no funcionava!! \ud83d\ude4b\u200d\u2640\ufe0f Gr\u00e0cies, <strong>Juanfra<\/strong> per haver suggerit la possibilitat!!\ud83e\udd70<br>La roda i les cadenes tamb\u00e9 les tenim. Ja podrem anar pel m\u00f3n\ud83c\udfd4\ufe0f amb m\u00e9s tranquil\u00b7litat!.<\/p>\n\n\n\n<figure class=\"wp-block-image size-full\"><img loading=\"lazy\" decoding=\"async\" width=\"514\" height=\"318\" src=\"http:\/\/viuresobrerodes.cat\/wp-content\/uploads\/2022\/12\/Captura-de-pantalla-2022-12-17-132429.png\" alt=\"\" class=\"wp-image-644\" srcset=\"https:\/\/viuresobrerodes.cat\/wp-content\/uploads\/2022\/12\/Captura-de-pantalla-2022-12-17-132429.png 514w, https:\/\/viuresobrerodes.cat\/wp-content\/uploads\/2022\/12\/Captura-de-pantalla-2022-12-17-132429-300x186.png 300w, https:\/\/viuresobrerodes.cat\/wp-content\/uploads\/2022\/12\/Captura-de-pantalla-2022-12-17-132429-485x300.png 485w\" sizes=\"auto, (max-width: 514px) 100vw, 514px\" \/><\/figure>\n\n\n\n<p>En aquests moments estem aparcats\ud83d\ude90  a prop del col\u00b7legi on estudia l&#8217;A \ud83d\udc67\ud83c\udffb, ho tenim millor per portar-la al mat\u00ed, recollir-la, dinar amb ella i tornar-la al cole\ud83c\udfe9 . Despr\u00e9s a la tarda ja t\u00e9 uns altres plans i nosaltres tamb\u00e9.<br>Aquesta setmana i la que ve no ens mourem del <strong>Baix Llobregat<\/strong> \ud83d\ude90, tenim els caps de setmana ocupats celebrant aniversaris \ud83c\udf82 i Nadal \ud83c\udf85\ud83c\udffb\u2026 per\u00f2 el dia 25 despr\u00e9s de dinar\u2026 farem via cap a Fran\u00e7a!\ud83d\ude90\ud83c\udfd4\ufe0f<\/p>\n","protected":false},"excerpt":{"rendered":"<p>En el Baix Llobregat ja han baixat les temperatures \ud83e\udd76, el sol ja no escalfa tant\u26c5, i una bateria \ud83d\udd0b sola \u00e9s poca cosa pel que ens cal \ud83d\udcbb\ud83d\udda8\ufe0f\ud83d\udca1\ud83d\udcfa , tamb\u00e9 cal portar cadenes i una roda de recanvi!Avui ens estan posant la segona bateria\ud83d\udd0b \ud83d\udd0bde l&#8217;habitacle, en el nostre taller de confian\u00e7a, des de [&hellip;]<\/p>\n","protected":false},"author":1,"featured_media":638,"comment_status":"open","ping_status":"open","sticky":false,"template":"","format":"standard","meta":{"_jetpack_memberships_contains_paid_content":false,"footnotes":""},"categories":[4],"tags":[95,94],"class_list":["post-636","post","type-post","status-publish","format-standard","has-post-thumbnail","hentry","category-autocaravana","tag-auto-sefd-73","tag-autocaravana"],"jetpack_featured_media_url":"https:\/\/viuresobrerodes.cat\/wp-content\/uploads\/2022\/12\/2ae65e59-ef4d-49fa-8a70-e803f0ee836a.jpg","jetpack_sharing_enabled":true,"_links":{"self":[{"href":"https:\/\/viuresobrerodes.cat\/index.php?rest_route=\/wp\/v2\/posts\/636","targetHints":{"allow":["GET"]}}],"collection":[{"href":"https:\/\/viuresobrerodes.cat\/index.php?rest_route=\/wp\/v2\/posts"}],"about":[{"href":"https:\/\/viuresobrerodes.cat\/index.php?rest_route=\/wp\/v2\/types\/post"}],"author":[{"embeddable":true,"href":"https:\/\/viuresobrerodes.cat\/index.php?rest_route=\/wp\/v2\/users\/1"}],"replies":[{"embeddable":true,"href":"https:\/\/viuresobrerodes.cat\/index.php?rest_route=%2Fwp%2Fv2%2Fcomments&post=636"}],"version-history":[{"count":7,"href":"https:\/\/viuresobrerodes.cat\/index.php?rest_route=\/wp\/v2\/posts\/636\/revisions"}],"predecessor-version":[{"id":650,"href":"https:\/\/viuresobrerodes.cat\/index.php?rest_route=\/wp\/v2\/posts\/636\/revisions\/650"}],"wp:featuredmedia":[{"embeddable":true,"href":"https:\/\/viuresobrerodes.cat\/index.php?rest_route=\/wp\/v2\/media\/638"}],"wp:attachment":[{"href":"https:\/\/viuresobrerodes.cat\/index.php?rest_route=%2Fwp%2Fv2%2Fmedia&parent=636"}],"wp:term":[{"taxonomy":"category","embeddable":true,"href":"https:\/\/viuresobrerodes.cat\/index.php?rest_route=%2Fwp%2Fv2%2Fcategories&post=636"},{"taxonomy":"post_tag","embeddable":true,"href":"https:\/\/viuresobrerodes.cat\/index.php?rest_route=%2Fwp%2Fv2%2Ftags&post=636"}],"curies":[{"name":"wp","href":"https:\/\/api.w.org\/{rel}","templated":true}]}}