{"id":653,"date":"2023-01-03T19:42:24","date_gmt":"2023-01-03T19:42:24","guid":{"rendered":"https:\/\/viuresobrerodes.cat\/?p=653"},"modified":"2023-08-31T21:29:41","modified_gmt":"2023-08-31T21:29:41","slug":"la-millor-manera-dacabar-lany-2022-si-no-fos","status":"publish","type":"post","link":"https:\/\/viuresobrerodes.cat\/?p=653","title":{"rendered":"La millor manera d&#8217;acabar l&#8217;any 2022, si no fos&#8230; (Fran\u00e7a)"},"content":{"rendered":"\n<p>Despr\u00e9s de dues setmanes sense anar a <strong>la Noguera<\/strong>, calia fer bugada&#8230;no ens quedava gaireb\u00e9 res de roba neta \ud83d\udc56\ud83d\udc55\ud83e\ude72, i dilluns hav\u00edem d&#8217;iniciar una petita ruta \ud83d\ude90\ud83d\ude90 de cinc dies per l&#8217;<strong>Occit\u00e0nia<\/strong>! Aix\u00ed que divendres per primer cop, vam anar a rentar la roba a una bugaderia. N&#8217;hi ha moltes per escollir, per comoditat tri\u00e0rem la&nbsp;<strong><a href=\"https:\/\/www.freshlaundry.es\/bugaderia-a-viladecans-100-ca.html\">FRESH&nbsp;LAUNDRY<\/a><\/strong>, l&#8217;experi\u00e8ncia va ser molt bona.<\/p>\n\n\n<div class=\"wp-block-image\">\n<figure class=\"aligncenter size-large is-resized\"><img loading=\"lazy\" decoding=\"async\" src=\"http:\/\/viuresobrerodes.cat\/wp-content\/uploads\/2022\/12\/WhatsApp-Image-2022-12-29-at-15.41.19-1024x576.jpeg\" alt=\"\" class=\"wp-image-655\" style=\"width:578px;height:324px\" width=\"578\" height=\"324\" srcset=\"https:\/\/viuresobrerodes.cat\/wp-content\/uploads\/2022\/12\/WhatsApp-Image-2022-12-29-at-15.41.19-1024x576.jpeg 1024w, https:\/\/viuresobrerodes.cat\/wp-content\/uploads\/2022\/12\/WhatsApp-Image-2022-12-29-at-15.41.19-300x169.jpeg 300w, https:\/\/viuresobrerodes.cat\/wp-content\/uploads\/2022\/12\/WhatsApp-Image-2022-12-29-at-15.41.19-768x432.jpeg 768w, https:\/\/viuresobrerodes.cat\/wp-content\/uploads\/2022\/12\/WhatsApp-Image-2022-12-29-at-15.41.19-1536x864.jpeg 1536w, https:\/\/viuresobrerodes.cat\/wp-content\/uploads\/2022\/12\/WhatsApp-Image-2022-12-29-at-15.41.19-533x300.jpeg 533w, https:\/\/viuresobrerodes.cat\/wp-content\/uploads\/2022\/12\/WhatsApp-Image-2022-12-29-at-15.41.19.jpeg 2000w\" sizes=\"auto, (max-width: 578px) 100vw, 578px\" \/><\/figure>\n<\/div>\n\n\n<p><br>Dilluns ens llev\u00e0rem molt d&#8217;hora per, abans de sortir del <strong>Baix Llobregat<\/strong>,<\/p>\n\n\n<div class=\"wp-block-image\">\n<figure class=\"alignright size-large is-resized\"><img loading=\"lazy\" decoding=\"async\" src=\"http:\/\/viuresobrerodes.cat\/wp-content\/uploads\/2023\/01\/937d005a-8a87-49d8-87ad-7021d272a388-1024x576.jpg\" alt=\"\" class=\"wp-image-724\" style=\"width:491px;height:275px\" width=\"491\" height=\"275\" srcset=\"https:\/\/viuresobrerodes.cat\/wp-content\/uploads\/2023\/01\/937d005a-8a87-49d8-87ad-7021d272a388-1024x576.jpg 1024w, https:\/\/viuresobrerodes.cat\/wp-content\/uploads\/2023\/01\/937d005a-8a87-49d8-87ad-7021d272a388-300x169.jpg 300w, https:\/\/viuresobrerodes.cat\/wp-content\/uploads\/2023\/01\/937d005a-8a87-49d8-87ad-7021d272a388-768x432.jpg 768w, https:\/\/viuresobrerodes.cat\/wp-content\/uploads\/2023\/01\/937d005a-8a87-49d8-87ad-7021d272a388-1536x864.jpg 1536w, https:\/\/viuresobrerodes.cat\/wp-content\/uploads\/2023\/01\/937d005a-8a87-49d8-87ad-7021d272a388-533x300.jpg 533w, https:\/\/viuresobrerodes.cat\/wp-content\/uploads\/2023\/01\/937d005a-8a87-49d8-87ad-7021d272a388.jpg 2000w\" sizes=\"auto, (max-width: 491px) 100vw, 491px\" \/><\/figure>\n<\/div>\n\n<div class=\"wp-block-image\">\n<figure class=\"aligncenter size-large is-resized\"><img loading=\"lazy\" decoding=\"async\" src=\"http:\/\/viuresobrerodes.cat\/wp-content\/uploads\/2023\/01\/16877a8d-d8c8-4a66-8220-ad49de0d28bb-576x1024.jpg\" alt=\"\" class=\"wp-image-718\" style=\"width:235px;height:419px\" width=\"235\" height=\"419\" srcset=\"https:\/\/viuresobrerodes.cat\/wp-content\/uploads\/2023\/01\/16877a8d-d8c8-4a66-8220-ad49de0d28bb-576x1024.jpg 576w, https:\/\/viuresobrerodes.cat\/wp-content\/uploads\/2023\/01\/16877a8d-d8c8-4a66-8220-ad49de0d28bb-169x300.jpg 169w, https:\/\/viuresobrerodes.cat\/wp-content\/uploads\/2023\/01\/16877a8d-d8c8-4a66-8220-ad49de0d28bb-768x1365.jpg 768w, https:\/\/viuresobrerodes.cat\/wp-content\/uploads\/2023\/01\/16877a8d-d8c8-4a66-8220-ad49de0d28bb-864x1536.jpg 864w, https:\/\/viuresobrerodes.cat\/wp-content\/uploads\/2023\/01\/16877a8d-d8c8-4a66-8220-ad49de0d28bb.jpg 900w\" sizes=\"auto, (max-width: 235px) 100vw, 235px\" \/><\/figure>\n<\/div>\n\n\n<p>carregar d&#8217;aigua per iniciar la ruta \ud83d\ude90\ud83d\ude90 i cap a <strong>Besiers<\/strong> que hi falta gent!<\/p>\n\n\n<div class=\"wp-block-image\">\n<figure class=\"aligncenter size-full is-resized\"><img loading=\"lazy\" decoding=\"async\" src=\"http:\/\/viuresobrerodes.cat\/wp-content\/uploads\/2022\/12\/Captura-de-pantalla-2022-12-29-160249.png\" alt=\"\" class=\"wp-image-661\" style=\"width:580px;height:272px\" width=\"580\" height=\"272\" srcset=\"https:\/\/viuresobrerodes.cat\/wp-content\/uploads\/2022\/12\/Captura-de-pantalla-2022-12-29-160249.png 530w, https:\/\/viuresobrerodes.cat\/wp-content\/uploads\/2022\/12\/Captura-de-pantalla-2022-12-29-160249-300x140.png 300w\" sizes=\"auto, (max-width: 580px) 100vw, 580px\" \/><\/figure>\n<\/div>\n\n\n<p>Vam fer una parada per dinar \ud83c\udf7d\ufe0f al <strong>p\u00e0rquing<\/strong> de <strong>Banyuls dels Aspres<\/strong> i visit\u00e0rem l&#8217;<strong><a href=\"https:\/\/goo.gl\/maps\/kNhwoq5MabJ36PWXA\">\u00c0rea de Servei del Poble Catal\u00e0<\/a><\/strong><\/p>\n\n\n<div class=\"wp-block-image\">\n<figure class=\"aligncenter size-full is-resized\"><img loading=\"lazy\" decoding=\"async\" src=\"http:\/\/viuresobrerodes.cat\/wp-content\/uploads\/2022\/12\/Captura-de-pantalla-2022-12-29-190236.png\" alt=\"\" class=\"wp-image-662\" style=\"width:252px;height:307px\" width=\"252\" height=\"307\" srcset=\"https:\/\/viuresobrerodes.cat\/wp-content\/uploads\/2022\/12\/Captura-de-pantalla-2022-12-29-190236.png 403w, https:\/\/viuresobrerodes.cat\/wp-content\/uploads\/2022\/12\/Captura-de-pantalla-2022-12-29-190236-246x300.png 246w\" sizes=\"auto, (max-width: 252px) 100vw, 252px\" \/><\/figure>\n<\/div>\n\n\n<p><strong><a href=\"https:\/\/www.france-voyage.com\/francia-guia-turismo\/beziers-1015.htm\">Besiers<\/a><\/strong>,75.999 habitants aproximadament. Com a curiositat, dir\u00e9 que el gentilici dels habitants de <strong>Besiers<\/strong> \u00e9s en catal\u00e0: bederr\u00e8s -esa.<br>L&#8217;arribada va ser quan ja era fosc. L&#8217;<strong><a href=\"https:\/\/goo.gl\/maps\/cUU2p7arb4JNjj8T7\">\u00e0rea d&#8217;autocaravanes<\/a><\/strong> \u00e9s de pagament, de 7 \u20ac a 15 \u20ac&#8230; Hi ha tots els serveis \ud83d\udca1\ud83d\udeb0\ud83d\udebd\ud83d\udebf, es pot escollir segons les necessitats.<\/p>\n\n\n\n<p>Al mat\u00ed de dimarts sort\u00edrem \ud83d\udeb6\u200d\u2640\ufe0f\ud83d\udeb6\ud83d\udeb6\u200d\u2640\ufe0f\ud83d\udeb6 a visitar la ciutat,<\/p>\n\n\n<div class=\"wp-block-image\">\n<figure class=\"alignright size-large is-resized\"><img loading=\"lazy\" decoding=\"async\" src=\"http:\/\/viuresobrerodes.cat\/wp-content\/uploads\/2022\/12\/5-1024x577.jpeg\" alt=\"\" class=\"wp-image-669\" style=\"width:368px;height:207px\" width=\"368\" height=\"207\" srcset=\"https:\/\/viuresobrerodes.cat\/wp-content\/uploads\/2022\/12\/5-1024x577.jpeg 1024w, https:\/\/viuresobrerodes.cat\/wp-content\/uploads\/2022\/12\/5-300x169.jpeg 300w, https:\/\/viuresobrerodes.cat\/wp-content\/uploads\/2022\/12\/5-768x432.jpeg 768w, https:\/\/viuresobrerodes.cat\/wp-content\/uploads\/2022\/12\/5-1536x865.jpeg 1536w, https:\/\/viuresobrerodes.cat\/wp-content\/uploads\/2022\/12\/5-533x300.jpeg 533w, https:\/\/viuresobrerodes.cat\/wp-content\/uploads\/2022\/12\/5.jpeg 1600w\" sizes=\"auto, (max-width: 368px) 100vw, 368px\" \/><\/figure>\n<\/div>\n\n\n<figure class=\"wp-block-image size-large is-resized\"><img loading=\"lazy\" decoding=\"async\" src=\"http:\/\/viuresobrerodes.cat\/wp-content\/uploads\/2022\/12\/7-1024x577.jpeg\" alt=\"\" class=\"wp-image-668\" style=\"width:378px;height:213px\" width=\"378\" height=\"213\" srcset=\"https:\/\/viuresobrerodes.cat\/wp-content\/uploads\/2022\/12\/7-1024x577.jpeg 1024w, https:\/\/viuresobrerodes.cat\/wp-content\/uploads\/2022\/12\/7-300x169.jpeg 300w, https:\/\/viuresobrerodes.cat\/wp-content\/uploads\/2022\/12\/7-768x432.jpeg 768w, https:\/\/viuresobrerodes.cat\/wp-content\/uploads\/2022\/12\/7-1536x865.jpeg 1536w, https:\/\/viuresobrerodes.cat\/wp-content\/uploads\/2022\/12\/7-533x300.jpeg 533w, https:\/\/viuresobrerodes.cat\/wp-content\/uploads\/2022\/12\/7.jpeg 1600w\" sizes=\"auto, (max-width: 378px) 100vw, 378px\" \/><\/figure>\n\n\n\n<p>ens va semblar encantadora\ud83d\ude0d , (encara que els hi cal conscienciaci\u00f3 a l&#8217;hora de recollir les caques\ud83d\udca9\ud83d\udca9 dels seus gossets, s&#8217;ha d&#8217;anar mirant el terra constantment).<br>Hi havia el bosc encantat, <\/p>\n\n\n\n<div class=\"wp-block-group\"><div class=\"wp-block-group__inner-container is-layout-constrained wp-block-group-is-layout-constrained\"><div class=\"wp-block-image\">\n<figure class=\"aligncenter size-full is-resized\"><img loading=\"lazy\" decoding=\"async\" src=\"http:\/\/viuresobrerodes.cat\/wp-content\/uploads\/2022\/12\/1.png\" alt=\"\" class=\"wp-image-664\" style=\"width:575px;height:315px\" width=\"575\" height=\"315\" srcset=\"https:\/\/viuresobrerodes.cat\/wp-content\/uploads\/2022\/12\/1.png 638w, https:\/\/viuresobrerodes.cat\/wp-content\/uploads\/2022\/12\/1-300x164.png 300w, https:\/\/viuresobrerodes.cat\/wp-content\/uploads\/2022\/12\/1-548x300.png 548w\" sizes=\"auto, (max-width: 575px) 100vw, 575px\" \/><\/figure>\n<\/div><\/div><\/div>\n\n\n\n<p>i els estables del pare Noel\ud83c\udf85\ud83c\udffb !, amb cabretes, ovelles, gallines, conills, alpaques, porquets. Les criatures podien entrar a l&#8217;estable i acaronar els conills i les cabretes petites&#8230;<\/p>\n\n\n<div class=\"wp-block-image\">\n<figure class=\"aligncenter size-full is-resized\"><img loading=\"lazy\" decoding=\"async\" src=\"http:\/\/viuresobrerodes.cat\/wp-content\/uploads\/2022\/12\/4.png\" alt=\"\" class=\"wp-image-667\" style=\"width:584px;height:321px\" width=\"584\" height=\"321\" srcset=\"https:\/\/viuresobrerodes.cat\/wp-content\/uploads\/2022\/12\/4.png 640w, https:\/\/viuresobrerodes.cat\/wp-content\/uploads\/2022\/12\/4-300x165.png 300w, https:\/\/viuresobrerodes.cat\/wp-content\/uploads\/2022\/12\/4-547x300.png 547w\" sizes=\"auto, (max-width: 584px) 100vw, 584px\" \/><\/figure>\n<\/div>\n\n\n<p>Despr\u00e9s de dinar i recollir, cap a&nbsp;<strong><a href=\"https:\/\/www.france-voyage.com\/francia-ciudades\/cucugnan-650.htm\">Cucughan<\/a><\/strong>. \u00c9s un municipi de 139 habitants aproximadament.<br>El trajecte deu ser molt maco, per\u00f2 se&#8217;ns va fer fosc i no el gaud\u00edrem gaire&#8230;<br>Pernoct\u00e0rem \ud83d\udecc en un <strong><a href=\"https:\/\/goo.gl\/maps\/mSTKPRmLhmCGc1bc6\">p\u00e0rquing<\/a><\/strong> que hi ha davant de l&#8217;oficina de turisme. Dimecres de bon mat\u00ed f\u00e9rem una passejada \ud83d\udeb6\u200d\u2640\ufe0f\ud83d\udeb6\ud83d\udeb6\u200d\u2640\ufe0f\ud83d\udeb6 pel poble, \u00e9s petit\u00f3 i molt bonic. <\/p>\n\n\n<div class=\"wp-block-image\">\n<figure class=\"alignright size-large is-resized\"><img loading=\"lazy\" decoding=\"async\" src=\"http:\/\/viuresobrerodes.cat\/wp-content\/uploads\/2022\/12\/12-1024x577.jpeg\" alt=\"\" class=\"wp-image-673\" style=\"width:367px;height:207px\" width=\"367\" height=\"207\" srcset=\"https:\/\/viuresobrerodes.cat\/wp-content\/uploads\/2022\/12\/12-1024x577.jpeg 1024w, https:\/\/viuresobrerodes.cat\/wp-content\/uploads\/2022\/12\/12-300x169.jpeg 300w, https:\/\/viuresobrerodes.cat\/wp-content\/uploads\/2022\/12\/12-768x433.jpeg 768w, https:\/\/viuresobrerodes.cat\/wp-content\/uploads\/2022\/12\/12-1536x866.jpeg 1536w, https:\/\/viuresobrerodes.cat\/wp-content\/uploads\/2022\/12\/12-532x300.jpeg 532w, https:\/\/viuresobrerodes.cat\/wp-content\/uploads\/2022\/12\/12.jpeg 2048w\" sizes=\"auto, (max-width: 367px) 100vw, 367px\" \/><\/figure>\n<\/div>\n\n\n<figure class=\"wp-block-image size-large is-resized\"><img loading=\"lazy\" decoding=\"async\" src=\"http:\/\/viuresobrerodes.cat\/wp-content\/uploads\/2022\/12\/11-1024x577.jpeg\" alt=\"\" class=\"wp-image-672\" style=\"width:374px;height:210px\" width=\"374\" height=\"210\" srcset=\"https:\/\/viuresobrerodes.cat\/wp-content\/uploads\/2022\/12\/11-1024x577.jpeg 1024w, https:\/\/viuresobrerodes.cat\/wp-content\/uploads\/2022\/12\/11-300x169.jpeg 300w, https:\/\/viuresobrerodes.cat\/wp-content\/uploads\/2022\/12\/11-768x433.jpeg 768w, https:\/\/viuresobrerodes.cat\/wp-content\/uploads\/2022\/12\/11-1536x866.jpeg 1536w, https:\/\/viuresobrerodes.cat\/wp-content\/uploads\/2022\/12\/11-532x300.jpeg 532w, https:\/\/viuresobrerodes.cat\/wp-content\/uploads\/2022\/12\/11.jpeg 2048w\" sizes=\"auto, (max-width: 374px) 100vw, 374px\" \/><\/figure>\n\n\n\n<p>Ten\u00edem la intenci\u00f3 de comprar\ud83d\uded2 , ja que ens calia omplir el rebost! Nom\u00e9s trob\u00e0rem oberta una botigueta, i compr\u00e0rem quatre coses urgents\ud83e\udd56\ud83c\udf45\ud83c\udf76 , perqu\u00e8 a part que no tenia gaire oferta, els preus s\u00f3n molt elevats.<br>El poble, per l&#8217;hora i per l&#8217;\u00e8poca de l&#8217;any que \u00e9rem estaba buit,<\/p>\n\n\n<div class=\"wp-block-image\">\n<figure class=\"alignright size-large is-resized\"><img loading=\"lazy\" decoding=\"async\" src=\"http:\/\/viuresobrerodes.cat\/wp-content\/uploads\/2022\/12\/14-1024x576.jpeg\" alt=\"\" class=\"wp-image-675\" style=\"width:424px;height:238px\" width=\"424\" height=\"238\" srcset=\"https:\/\/viuresobrerodes.cat\/wp-content\/uploads\/2022\/12\/14-1024x576.jpeg 1024w, https:\/\/viuresobrerodes.cat\/wp-content\/uploads\/2022\/12\/14-300x169.jpeg 300w, https:\/\/viuresobrerodes.cat\/wp-content\/uploads\/2022\/12\/14-768x432.jpeg 768w, https:\/\/viuresobrerodes.cat\/wp-content\/uploads\/2022\/12\/14-1536x864.jpeg 1536w, https:\/\/viuresobrerodes.cat\/wp-content\/uploads\/2022\/12\/14-533x300.jpeg 533w, https:\/\/viuresobrerodes.cat\/wp-content\/uploads\/2022\/12\/14.jpeg 2000w\" sizes=\"auto, (max-width: 424px) 100vw, 424px\" \/><\/figure>\n<\/div>\n\n<div class=\"wp-block-image\">\n<figure class=\"aligncenter size-large is-resized\"><img loading=\"lazy\" decoding=\"async\" src=\"http:\/\/viuresobrerodes.cat\/wp-content\/uploads\/2022\/12\/13-576x1024.jpeg\" alt=\"\" class=\"wp-image-674\" style=\"width:212px;height:375px\" width=\"212\" height=\"375\"\/><\/figure>\n<\/div>\n\n\n<p>per\u00f2 per la quantitat d&#8217;<strong>albergs<\/strong> que hi ha, a la primavera i a l&#8217;estiu deu haver-hi molta animaci\u00f3, jo si hi hagu\u00e9s de tornar, ho faria al maig o al juny.<\/p>\n\n\n\n<p>Reprengu\u00e9rem la ruta cap a&nbsp;<strong>Alet-les-Bains<\/strong>, par\u00e0rem a omplir d&#8217;aigua i a buidar les grises \ud83d\udeb0\ud83d\udebf a una <strong><a href=\"https:\/\/goo.gl\/maps\/v12tjKd2fkNPgykS7\">\u00e0rea d&#8217;autocaravanes<\/a><\/strong> que hi ha a&nbsp;<strong>Duilhac<\/strong>&nbsp;a sota&nbsp;<strong>Peyrepertuse<\/strong>. (<strong><a href=\"https:\/\/www.peyrepertuse.com\/bienvenido\/\">Peyrepertuse<\/a><\/strong>: \u00c9s el m\u00e9s gran dels castells c\u00e0tars i per aix\u00f2 se&#8217;l considera el conjunt m\u00e9s important i espectacular. Est\u00e0 situat sobre un penya-segat que precisament li&nbsp;dona&nbsp;el nom de&nbsp;Perapertussa: pedra tallada. Tamb\u00e9 es conserva part de la capella de Santa Maria)<br>Conegu\u00e9rem a una parella molt jove d&#8217;italians, <strong><a href=\"https:\/\/z-p15.www.instagram.com\/transit_ando_camper\/\">transit_ando_camper<\/a><\/strong>, que viatjaven tamb\u00e9 amb autocaravana\ud83d\ude90 , acompanyats d&#8217;un gat\ud83d\udc08 . Viatjaven per feina, buscant-la all\u00e0 on paraven, ens digueren que volien anar a Tenerife, per\u00f2 que primer passarien per <strong>Figueres<\/strong> i <strong>Besal\u00fa<\/strong>. Els recomanaren que anessin a visitar el <strong><a href=\"https:\/\/www.canginebreda.cat\/\">Bosc de can Ginebreda<\/a><\/strong>, que encara que \u00e9s a <strong>Porqueres<\/strong>, no queda massa lluny&#8230;<\/p>\n\n\n\n<p><strong><a href=\"https:\/\/www.limouxin-tourisme.fr\/decouvrir\/culture-histoire-et-legende\/des-villages-des-histoires\/nos-villages\/alet-les-bains\/\">Alet-les-Bains<\/a><\/strong>, ciutat medieval, t\u00e9 439 habitants aproximadament, ha estat apreciada des de l&#8217;antiguitat per les seves aig\u00fces termals, \u00e9s molt i molt bonica.<\/p>\n\n\n<div class=\"wp-block-image\">\n<figure class=\"aligncenter size-large is-resized\"><img loading=\"lazy\" decoding=\"async\" src=\"http:\/\/viuresobrerodes.cat\/wp-content\/uploads\/2022\/12\/22-1024x577.jpeg\" alt=\"\" class=\"wp-image-679\" style=\"width:582px;height:328px\" width=\"582\" height=\"328\" srcset=\"https:\/\/viuresobrerodes.cat\/wp-content\/uploads\/2022\/12\/22-1024x577.jpeg 1024w, https:\/\/viuresobrerodes.cat\/wp-content\/uploads\/2022\/12\/22-300x169.jpeg 300w, https:\/\/viuresobrerodes.cat\/wp-content\/uploads\/2022\/12\/22-768x432.jpeg 768w, https:\/\/viuresobrerodes.cat\/wp-content\/uploads\/2022\/12\/22-1536x865.jpeg 1536w, https:\/\/viuresobrerodes.cat\/wp-content\/uploads\/2022\/12\/22-533x300.jpeg 533w, https:\/\/viuresobrerodes.cat\/wp-content\/uploads\/2022\/12\/22.jpeg 1600w\" sizes=\"auto, (max-width: 582px) 100vw, 582px\" \/><\/figure>\n<\/div>\n\n\n<p><strong><a href=\"https:\/\/ca.wikipedia.org\/wiki\/Abadia_de_Nostra_Senyora_d%27Alet\">L&#8217;Abadia de Nostra Senyora d&#8217;Alet<\/a><\/strong>&nbsp;fou fundada el 813 pel comte de Barcelona, Girona i Besal\u00fa, Bernat I, i la seva esposa&nbsp;Romil\u00b7la. \u00c9s impressionant\ud83d\ude2e tot&nbsp;i&nbsp;estar en ru\u00efnes.<\/p>\n\n\n<div class=\"wp-block-image\">\n<figure class=\"alignright size-large is-resized\"><img loading=\"lazy\" decoding=\"async\" src=\"http:\/\/viuresobrerodes.cat\/wp-content\/uploads\/2022\/12\/21-1024x577.jpeg\" alt=\"\" class=\"wp-image-678\" style=\"width:368px;height:207px\" width=\"368\" height=\"207\" srcset=\"https:\/\/viuresobrerodes.cat\/wp-content\/uploads\/2022\/12\/21-1024x577.jpeg 1024w, https:\/\/viuresobrerodes.cat\/wp-content\/uploads\/2022\/12\/21-300x169.jpeg 300w, https:\/\/viuresobrerodes.cat\/wp-content\/uploads\/2022\/12\/21-768x432.jpeg 768w, https:\/\/viuresobrerodes.cat\/wp-content\/uploads\/2022\/12\/21-1536x865.jpeg 1536w, https:\/\/viuresobrerodes.cat\/wp-content\/uploads\/2022\/12\/21-533x300.jpeg 533w, https:\/\/viuresobrerodes.cat\/wp-content\/uploads\/2022\/12\/21.jpeg 1600w\" sizes=\"auto, (max-width: 368px) 100vw, 368px\" \/><\/figure>\n<\/div>\n\n\n<figure class=\"wp-block-image size-large is-resized\"><img loading=\"lazy\" decoding=\"async\" src=\"http:\/\/viuresobrerodes.cat\/wp-content\/uploads\/2022\/12\/20-1024x577.jpeg\" alt=\"\" class=\"wp-image-677\" style=\"width:380px;height:214px\" width=\"380\" height=\"214\" srcset=\"https:\/\/viuresobrerodes.cat\/wp-content\/uploads\/2022\/12\/20-1024x577.jpeg 1024w, https:\/\/viuresobrerodes.cat\/wp-content\/uploads\/2022\/12\/20-300x169.jpeg 300w, https:\/\/viuresobrerodes.cat\/wp-content\/uploads\/2022\/12\/20-768x432.jpeg 768w, https:\/\/viuresobrerodes.cat\/wp-content\/uploads\/2022\/12\/20-1536x865.jpeg 1536w, https:\/\/viuresobrerodes.cat\/wp-content\/uploads\/2022\/12\/20-533x300.jpeg 533w, https:\/\/viuresobrerodes.cat\/wp-content\/uploads\/2022\/12\/20.jpeg 1600w\" sizes=\"auto, (max-width: 380px) 100vw, 380px\" \/><\/figure>\n\n\n\n<p>Despr\u00e9s de visitar&nbsp;Alet, ens vam dirigir cap a&nbsp;<strong><a href=\"https:\/\/www.ariegepyrenees.com\/ca\/Her%C3%A8ncia-cultural\/ciutat-medieval-de-mirepoix\/\">Mirepoix<\/a><\/strong>, aproximadament 3.102 habitants, on hi ha <strong><a href=\"https:\/\/goo.gl\/maps\/Km1NXHaeHdxaXwQ48\">\u00e0rea d&#8217;autocaravanes<\/a><\/strong>. Hi pernoct\u00e0rem\ud83d\udecc i dijous al mat\u00ed f\u00e9rem un vol per la ciutat.<\/p>\n\n\n<div class=\"wp-block-image\">\n<figure class=\"aligncenter size-large is-resized\"><img loading=\"lazy\" decoding=\"async\" src=\"http:\/\/viuresobrerodes.cat\/wp-content\/uploads\/2022\/12\/30-1024x577.jpeg\" alt=\"\" class=\"wp-image-683\" style=\"width:585px;height:330px\" width=\"585\" height=\"330\" srcset=\"https:\/\/viuresobrerodes.cat\/wp-content\/uploads\/2022\/12\/30-1024x577.jpeg 1024w, https:\/\/viuresobrerodes.cat\/wp-content\/uploads\/2022\/12\/30-300x169.jpeg 300w, https:\/\/viuresobrerodes.cat\/wp-content\/uploads\/2022\/12\/30-768x433.jpeg 768w, https:\/\/viuresobrerodes.cat\/wp-content\/uploads\/2022\/12\/30-1536x866.jpeg 1536w, https:\/\/viuresobrerodes.cat\/wp-content\/uploads\/2022\/12\/30-532x300.jpeg 532w, https:\/\/viuresobrerodes.cat\/wp-content\/uploads\/2022\/12\/30.jpeg 2048w\" sizes=\"auto, (max-width: 585px) 100vw, 585px\" \/><\/figure>\n<\/div>\n\n\n<p>T\u00e9 uns edificis medievals molt ben conservats, tamb\u00e9 la <strong><a href=\"https:\/\/www.wikiwand.com\/es\/Catedral_de_Mirepoix\">catedral de Sant Maurici<\/a><\/strong>, la pla\u00e7a porticada i el palau episcopal.<\/p>\n\n\n<div class=\"wp-block-image\">\n<figure class=\"alignright size-large is-resized\"><img loading=\"lazy\" decoding=\"async\" src=\"http:\/\/viuresobrerodes.cat\/wp-content\/uploads\/2022\/12\/33-1024x577.jpeg\" alt=\"\" class=\"wp-image-682\" style=\"width:357px;height:202px\" width=\"357\" height=\"202\" srcset=\"https:\/\/viuresobrerodes.cat\/wp-content\/uploads\/2022\/12\/33-1024x577.jpeg 1024w, https:\/\/viuresobrerodes.cat\/wp-content\/uploads\/2022\/12\/33-300x169.jpeg 300w, https:\/\/viuresobrerodes.cat\/wp-content\/uploads\/2022\/12\/33-768x432.jpeg 768w, https:\/\/viuresobrerodes.cat\/wp-content\/uploads\/2022\/12\/33-1536x865.jpeg 1536w, https:\/\/viuresobrerodes.cat\/wp-content\/uploads\/2022\/12\/33-533x300.jpeg 533w, https:\/\/viuresobrerodes.cat\/wp-content\/uploads\/2022\/12\/33.jpeg 1600w\" sizes=\"auto, (max-width: 357px) 100vw, 357px\" \/><\/figure>\n<\/div>\n\n\n<figure class=\"wp-block-image size-large is-resized\"><img loading=\"lazy\" decoding=\"async\" src=\"http:\/\/viuresobrerodes.cat\/wp-content\/uploads\/2022\/12\/31-1024x577.jpeg\" alt=\"\" class=\"wp-image-681\" style=\"width:376px;height:212px\" width=\"376\" height=\"212\" srcset=\"https:\/\/viuresobrerodes.cat\/wp-content\/uploads\/2022\/12\/31-1024x577.jpeg 1024w, https:\/\/viuresobrerodes.cat\/wp-content\/uploads\/2022\/12\/31-300x169.jpeg 300w, https:\/\/viuresobrerodes.cat\/wp-content\/uploads\/2022\/12\/31-768x433.jpeg 768w, https:\/\/viuresobrerodes.cat\/wp-content\/uploads\/2022\/12\/31-1536x866.jpeg 1536w, https:\/\/viuresobrerodes.cat\/wp-content\/uploads\/2022\/12\/31-532x300.jpeg 532w, https:\/\/viuresobrerodes.cat\/wp-content\/uploads\/2022\/12\/31.jpeg 2048w\" sizes=\"auto, (max-width: 376px) 100vw, 376px\" \/><\/figure>\n\n\n\n<p>Abans de dinar enfil\u00e0rem cap a&nbsp;<strong><a href=\"https:\/\/www.france-voyage.com\/francia-ciudades\/le-mas-d-azil-36101.htm\">Le&nbsp;Mas d&#8217;Azil<\/a><\/strong>, que t\u00e9 una poblaci\u00f3 aproximada de 1.145 habitants. En arribar la sort ens acompanyava, i vam poder aparcar\ud83d\ude90\ud83d\ude90 a la pla\u00e7a del poble, sota els pl\u00e0tans, amb una font \u26f2 que no para mai de rajar, envoltats de boniques cases i de <a href=\"https:\/\/www.france-voyage.com\/francia-ciudades\/le-mas-d-azil-36101\/iglesia-saint-etienne-33890.htm\">l&#8217;<strong>esgl\u00e9sia de Sant Esteve<\/strong><\/a> . Nom\u00e9s si pot aparcar 48 hores, m\u00e9s que suficient per visitar-la.<\/p>\n\n\n<div class=\"wp-block-image\">\n<figure class=\"alignright size-full is-resized\"><img loading=\"lazy\" decoding=\"async\" src=\"http:\/\/viuresobrerodes.cat\/wp-content\/uploads\/2023\/01\/Captura-de-pantalla-2023-01-01-105644-2.png\" alt=\"\" class=\"wp-image-691\" style=\"width:414px;height:230px\" width=\"414\" height=\"230\" srcset=\"https:\/\/viuresobrerodes.cat\/wp-content\/uploads\/2023\/01\/Captura-de-pantalla-2023-01-01-105644-2.png 633w, https:\/\/viuresobrerodes.cat\/wp-content\/uploads\/2023\/01\/Captura-de-pantalla-2023-01-01-105644-2-300x167.png 300w, https:\/\/viuresobrerodes.cat\/wp-content\/uploads\/2023\/01\/Captura-de-pantalla-2023-01-01-105644-2-539x300.png 539w\" sizes=\"auto, (max-width: 414px) 100vw, 414px\" \/><\/figure>\n<\/div>\n\n\n<figure class=\"wp-block-image size-large is-resized\"><img loading=\"lazy\" decoding=\"async\" src=\"http:\/\/viuresobrerodes.cat\/wp-content\/uploads\/2023\/01\/WhatsApp-Image-2022-12-29-at-22.04.39-1024x576.jpeg\" alt=\"\" class=\"wp-image-693\" style=\"width:406px;height:228px\" width=\"406\" height=\"228\" srcset=\"https:\/\/viuresobrerodes.cat\/wp-content\/uploads\/2023\/01\/WhatsApp-Image-2022-12-29-at-22.04.39-1024x576.jpeg 1024w, https:\/\/viuresobrerodes.cat\/wp-content\/uploads\/2023\/01\/WhatsApp-Image-2022-12-29-at-22.04.39-300x169.jpeg 300w, https:\/\/viuresobrerodes.cat\/wp-content\/uploads\/2023\/01\/WhatsApp-Image-2022-12-29-at-22.04.39-768x432.jpeg 768w, https:\/\/viuresobrerodes.cat\/wp-content\/uploads\/2023\/01\/WhatsApp-Image-2022-12-29-at-22.04.39-1536x864.jpeg 1536w, https:\/\/viuresobrerodes.cat\/wp-content\/uploads\/2023\/01\/WhatsApp-Image-2022-12-29-at-22.04.39-533x300.jpeg 533w, https:\/\/viuresobrerodes.cat\/wp-content\/uploads\/2023\/01\/WhatsApp-Image-2022-12-29-at-22.04.39.jpeg 1600w\" sizes=\"auto, (max-width: 406px) 100vw, 406px\" \/><\/figure>\n\n\n\n<p>Despr\u00e9s de dinar an\u00e0rem a fer un volt\ud83d\udeb6\ud83d\udeb6\ud83d\udeb6\u200d\u2640\ufe0f\ud83d\udeb6\u200d\u2640\ufe0f &#8230; <\/p>\n\n\n<div class=\"wp-block-image\">\n<figure class=\"aligncenter size-large is-resized\"><img loading=\"lazy\" decoding=\"async\" src=\"http:\/\/viuresobrerodes.cat\/wp-content\/uploads\/2023\/01\/WhatsApp-Image-2022-12-29-at-22.07.39-1024x576.jpeg\" alt=\"\" class=\"wp-image-694\" style=\"width:587px;height:330px\" width=\"587\" height=\"330\" srcset=\"https:\/\/viuresobrerodes.cat\/wp-content\/uploads\/2023\/01\/WhatsApp-Image-2022-12-29-at-22.07.39-1024x576.jpeg 1024w, https:\/\/viuresobrerodes.cat\/wp-content\/uploads\/2023\/01\/WhatsApp-Image-2022-12-29-at-22.07.39-300x169.jpeg 300w, https:\/\/viuresobrerodes.cat\/wp-content\/uploads\/2023\/01\/WhatsApp-Image-2022-12-29-at-22.07.39-768x432.jpeg 768w, https:\/\/viuresobrerodes.cat\/wp-content\/uploads\/2023\/01\/WhatsApp-Image-2022-12-29-at-22.07.39-1536x864.jpeg 1536w, https:\/\/viuresobrerodes.cat\/wp-content\/uploads\/2023\/01\/WhatsApp-Image-2022-12-29-at-22.07.39-533x300.jpeg 533w, https:\/\/viuresobrerodes.cat\/wp-content\/uploads\/2023\/01\/WhatsApp-Image-2022-12-29-at-22.07.39.jpeg 1600w\" sizes=\"auto, (max-width: 587px) 100vw, 587px\" \/><\/figure>\n<\/div>\n\n\n<p>i tot caminant pel <strong><a href=\"https:\/\/www.france-voyage.com\/francia-ciudades\/le+mas-d-azil-36101\/puente-louis-xiii-33892.htm\">pont de Llu\u00eds XIII<\/a><\/strong> i pels carrers arrib\u00e0rem a una carretereta que ens enfilava a un tur\u00f3 on hi ha el cementiri, d&#8217;on es veu al fons, tot <a href=\"https:\/\/www.france-voyage.com\/francia-ciudades\/le-mas-d-azil-36101.htm\"><strong>Le&nbsp;Mas d&#8217;Azi<\/strong>l<\/a>.<\/p>\n\n\n<div class=\"wp-block-image\">\n<figure class=\"aligncenter size-large is-resized\"><img loading=\"lazy\" decoding=\"async\" src=\"http:\/\/viuresobrerodes.cat\/wp-content\/uploads\/2023\/01\/WhatsApp-Image-2022-12-29-at-22.07.38-1024x577.jpeg\" alt=\"\" class=\"wp-image-696\" style=\"width:583px;height:329px\" width=\"583\" height=\"329\" srcset=\"https:\/\/viuresobrerodes.cat\/wp-content\/uploads\/2023\/01\/WhatsApp-Image-2022-12-29-at-22.07.38-1024x577.jpeg 1024w, https:\/\/viuresobrerodes.cat\/wp-content\/uploads\/2023\/01\/WhatsApp-Image-2022-12-29-at-22.07.38-300x169.jpeg 300w, https:\/\/viuresobrerodes.cat\/wp-content\/uploads\/2023\/01\/WhatsApp-Image-2022-12-29-at-22.07.38-768x432.jpeg 768w, https:\/\/viuresobrerodes.cat\/wp-content\/uploads\/2023\/01\/WhatsApp-Image-2022-12-29-at-22.07.38-1536x865.jpeg 1536w, https:\/\/viuresobrerodes.cat\/wp-content\/uploads\/2023\/01\/WhatsApp-Image-2022-12-29-at-22.07.38-533x300.jpeg 533w, https:\/\/viuresobrerodes.cat\/wp-content\/uploads\/2023\/01\/WhatsApp-Image-2022-12-29-at-22.07.38.jpeg 1600w\" sizes=\"auto, (max-width: 583px) 100vw, 583px\" \/><\/figure>\n<\/div>\n\n\n<p>Divendres de bon mat\u00ed, per la finestra de la cuina:<\/p>\n\n\n<div class=\"wp-block-image\">\n<figure class=\"aligncenter size-large is-resized\"><img loading=\"lazy\" decoding=\"async\" src=\"http:\/\/viuresobrerodes.cat\/wp-content\/uploads\/2023\/01\/d37fb8ba-600a-466f-b844-c8429a0d99d5-1024x577.jpg\" alt=\"\" class=\"wp-image-699\" style=\"width:583px;height:329px\" width=\"583\" height=\"329\" srcset=\"https:\/\/viuresobrerodes.cat\/wp-content\/uploads\/2023\/01\/d37fb8ba-600a-466f-b844-c8429a0d99d5-1024x577.jpg 1024w, https:\/\/viuresobrerodes.cat\/wp-content\/uploads\/2023\/01\/d37fb8ba-600a-466f-b844-c8429a0d99d5-300x169.jpg 300w, https:\/\/viuresobrerodes.cat\/wp-content\/uploads\/2023\/01\/d37fb8ba-600a-466f-b844-c8429a0d99d5-768x433.jpg 768w, https:\/\/viuresobrerodes.cat\/wp-content\/uploads\/2023\/01\/d37fb8ba-600a-466f-b844-c8429a0d99d5-1536x866.jpg 1536w, https:\/\/viuresobrerodes.cat\/wp-content\/uploads\/2023\/01\/d37fb8ba-600a-466f-b844-c8429a0d99d5-532x300.jpg 532w, https:\/\/viuresobrerodes.cat\/wp-content\/uploads\/2023\/01\/d37fb8ba-600a-466f-b844-c8429a0d99d5.jpg 2048w\" sizes=\"auto, (max-width: 583px) 100vw, 583px\" \/><\/figure>\n<\/div>\n\n\n<p>Tot i que no havia pogut dormir gaire a causa de la tos que em regala sempre el refredat \ud83e\udd27, despr\u00e9s d&#8217;esmorzar an\u00e0rem a visitar la <strong><a href=\"https:\/\/www.ariegepyrenees.com\/ca\/patrimoine-culturel\/grotte-du-mas-dazil\/\">cova del Mas d&#8217;Azil<\/a><\/strong>. La traspass\u00e0rem amb la&nbsp;Mussi, \u00e9s impressionant\ud83d\ude2e ! Aparc\u00e0rem \ud83d\ude90&nbsp;i vam descobrir que all\u00e0, al costat del riu, tamb\u00e9 hi hagu\u00e9ssim pogut pernoctar. Ens endins\u00e0rem \ud83d\udeb6\ud83d\udeb6\ud83d\udeb6\u200d\u2640\ufe0f\ud83d\udeb6\u200d\u2640\ufe0f dins de la cova per si la pod\u00edem visitar, per\u00f2 encara estava tancada i no va ser possible. Aix\u00f2 vol dir que un dia o altre, hi hem de tornar.<\/p>\n\n\n<div class=\"wp-block-image\">\n<figure class=\"alignright size-large is-resized\"><img loading=\"lazy\" decoding=\"async\" src=\"http:\/\/viuresobrerodes.cat\/wp-content\/uploads\/2023\/01\/69ae6169-89d1-4ccb-b956-7766056a2d9f-1024x576.jpg\" alt=\"\" class=\"wp-image-702\" style=\"width:391px;height:220px\" width=\"391\" height=\"220\" srcset=\"https:\/\/viuresobrerodes.cat\/wp-content\/uploads\/2023\/01\/69ae6169-89d1-4ccb-b956-7766056a2d9f-1024x576.jpg 1024w, https:\/\/viuresobrerodes.cat\/wp-content\/uploads\/2023\/01\/69ae6169-89d1-4ccb-b956-7766056a2d9f-300x169.jpg 300w, https:\/\/viuresobrerodes.cat\/wp-content\/uploads\/2023\/01\/69ae6169-89d1-4ccb-b956-7766056a2d9f-768x432.jpg 768w, https:\/\/viuresobrerodes.cat\/wp-content\/uploads\/2023\/01\/69ae6169-89d1-4ccb-b956-7766056a2d9f-1536x864.jpg 1536w, https:\/\/viuresobrerodes.cat\/wp-content\/uploads\/2023\/01\/69ae6169-89d1-4ccb-b956-7766056a2d9f-533x300.jpg 533w, https:\/\/viuresobrerodes.cat\/wp-content\/uploads\/2023\/01\/69ae6169-89d1-4ccb-b956-7766056a2d9f.jpg 2000w\" sizes=\"auto, (max-width: 391px) 100vw, 391px\" \/><\/figure>\n<\/div>\n\n\n<figure class=\"wp-block-image size-large is-resized\"><img loading=\"lazy\" decoding=\"async\" src=\"http:\/\/viuresobrerodes.cat\/wp-content\/uploads\/2023\/01\/cace1d90-8f43-446e-914e-4ff903dc7f33-1024x577.jpg\" alt=\"\" class=\"wp-image-701\" style=\"width:427px;height:240px\" width=\"427\" height=\"240\" srcset=\"https:\/\/viuresobrerodes.cat\/wp-content\/uploads\/2023\/01\/cace1d90-8f43-446e-914e-4ff903dc7f33-1024x577.jpg 1024w, https:\/\/viuresobrerodes.cat\/wp-content\/uploads\/2023\/01\/cace1d90-8f43-446e-914e-4ff903dc7f33-300x169.jpg 300w, https:\/\/viuresobrerodes.cat\/wp-content\/uploads\/2023\/01\/cace1d90-8f43-446e-914e-4ff903dc7f33-768x433.jpg 768w, https:\/\/viuresobrerodes.cat\/wp-content\/uploads\/2023\/01\/cace1d90-8f43-446e-914e-4ff903dc7f33-1536x866.jpg 1536w, https:\/\/viuresobrerodes.cat\/wp-content\/uploads\/2023\/01\/cace1d90-8f43-446e-914e-4ff903dc7f33-532x300.jpg 532w, https:\/\/viuresobrerodes.cat\/wp-content\/uploads\/2023\/01\/cace1d90-8f43-446e-914e-4ff903dc7f33.jpg 2048w\" sizes=\"auto, (max-width: 427px) 100vw, 427px\" \/><\/figure>\n\n\n\n<p>Acabada la visita, segu\u00edrem cam\u00ed\ud83d\ude90\ud83d\ude90 , aquest cop cap a <strong><a href=\"https:\/\/www.ariegepyrenees.com\/ca\/decouvrir\/incontournables\/les-plus-beaux-villages\/foix\/\">Foix<\/a><\/strong>, vol\u00edem fer un tomb\ud83d\udeb6\ud83d\udeb6\ud83d\udeb6\u200d\u2640\ufe0f\ud83d\udeb6\u200d\u2640\ufe0f abans de seguir cam\u00ed.  <\/p>\n\n\n<div class=\"wp-block-image\">\n<figure class=\"alignright size-large is-resized\"><img loading=\"lazy\" decoding=\"async\" src=\"http:\/\/viuresobrerodes.cat\/wp-content\/uploads\/2023\/01\/b9a06598-b6d0-496b-b100-b97a541dd7de-577x1024.jpg\" alt=\"\" class=\"wp-image-707\" style=\"width:265px;height:469px\" width=\"265\" height=\"469\" srcset=\"https:\/\/viuresobrerodes.cat\/wp-content\/uploads\/2023\/01\/b9a06598-b6d0-496b-b100-b97a541dd7de-577x1024.jpg 577w, https:\/\/viuresobrerodes.cat\/wp-content\/uploads\/2023\/01\/b9a06598-b6d0-496b-b100-b97a541dd7de-169x300.jpg 169w, https:\/\/viuresobrerodes.cat\/wp-content\/uploads\/2023\/01\/b9a06598-b6d0-496b-b100-b97a541dd7de-768x1363.jpg 768w, https:\/\/viuresobrerodes.cat\/wp-content\/uploads\/2023\/01\/b9a06598-b6d0-496b-b100-b97a541dd7de-866x1536.jpg 866w, https:\/\/viuresobrerodes.cat\/wp-content\/uploads\/2023\/01\/b9a06598-b6d0-496b-b100-b97a541dd7de.jpg 1154w\" sizes=\"auto, (max-width: 265px) 100vw, 265px\" \/><\/figure>\n<\/div>\n\n<div class=\"wp-block-image\">\n<figure class=\"alignleft size-large is-resized\"><img loading=\"lazy\" decoding=\"async\" src=\"http:\/\/viuresobrerodes.cat\/wp-content\/uploads\/2023\/01\/1fd99890-07d8-40a8-9b8e-f00333688227-576x1024.jpg\" alt=\"\" class=\"wp-image-704\" style=\"width:267px;height:473px\" width=\"267\" height=\"473\"\/><\/figure>\n<\/div>\n\n<div class=\"wp-block-image\">\n<figure class=\"aligncenter size-large is-resized\"><img loading=\"lazy\" decoding=\"async\" src=\"http:\/\/viuresobrerodes.cat\/wp-content\/uploads\/2023\/01\/759f1551-c5b6-495d-89e8-7c15449b4e1e-576x1024.jpg\" alt=\"\" class=\"wp-image-706\" style=\"width:272px;height:482px\" width=\"272\" height=\"482\" srcset=\"https:\/\/viuresobrerodes.cat\/wp-content\/uploads\/2023\/01\/759f1551-c5b6-495d-89e8-7c15449b4e1e-169x300.jpg 169w, https:\/\/viuresobrerodes.cat\/wp-content\/uploads\/2023\/01\/759f1551-c5b6-495d-89e8-7c15449b4e1e-768x1365.jpg 768w\" sizes=\"auto, (max-width: 272px) 100vw, 272px\" \/><\/figure>\n<\/div>\n\n\n<p>Que dir per no repetir-me! M&#8217;encanten \ud83d\ude0d aquestes fa\u00e7anes medievals \ud83c\udfda\ufe0f, penso en tota la hist\u00f2ria que han vist passar per davant seu. No visit\u00e0rem el castell, ja an\u00e0vem de baixada cap a casa i vol\u00edem veure molt, en poc temps. Tots aquests llocs que hem visitat no s\u00f3n gaire lluny de casa, i tenim intenci\u00f3 de, amb m\u00e9s dies, tornar-hi.<\/p>\n\n\n\n<p>I au, altre cop a la carretera cap a&nbsp;<strong><a href=\"https:\/\/www.ariegepyrenees.com\/ca\/preparer\/explorer\/villages\/ax-les-thermes\/\">Ax&nbsp;les&nbsp;Thermes<\/a><\/strong>, on pens\u00e0vem pernoctar \ud83d\udecc a l&#8217;<strong>\u00e0rea d&#8217;autocaravanes<\/strong>. Ja era fosc, jo no estava massa fina \ud83e\udd27, aix\u00ed i tot, vaig anar amb el Miquel el&nbsp;Juanfra&nbsp;i la&nbsp;Feli&nbsp;a visitar la ciutat. Que \u00e9s una ciutat termal, \u00e9s molt evident, ja que en plena ciutat hi ha fonts fumejants. <\/p>\n\n\n\n<p>Hi havia molt d&#8217;ambient, amb carrusel, jocs de fira i paradetes&#8230; Amb tantes activitats, ning\u00fa tenia fred! <\/p>\n\n\n\n<p><\/p>\n\n\n<div class=\"wp-block-image\">\n<figure class=\"alignright size-full is-resized\"><img loading=\"lazy\" decoding=\"async\" src=\"http:\/\/viuresobrerodes.cat\/wp-content\/uploads\/2023\/01\/55.png\" alt=\"\" class=\"wp-image-714\" style=\"width:399px;height:218px\" width=\"399\" height=\"218\" srcset=\"https:\/\/viuresobrerodes.cat\/wp-content\/uploads\/2023\/01\/55.png 601w, https:\/\/viuresobrerodes.cat\/wp-content\/uploads\/2023\/01\/55-300x164.png 300w, https:\/\/viuresobrerodes.cat\/wp-content\/uploads\/2023\/01\/55-548x300.png 548w\" sizes=\"auto, (max-width: 399px) 100vw, 399px\" \/><\/figure>\n<\/div>\n\n\n<figure class=\"wp-block-image size-full is-resized\"><img loading=\"lazy\" decoding=\"async\" src=\"http:\/\/viuresobrerodes.cat\/wp-content\/uploads\/2023\/01\/54.png\" alt=\"\" class=\"wp-image-713\" style=\"width:422px;height:232px\" width=\"422\" height=\"232\" srcset=\"https:\/\/viuresobrerodes.cat\/wp-content\/uploads\/2023\/01\/54.png 604w, https:\/\/viuresobrerodes.cat\/wp-content\/uploads\/2023\/01\/54-300x165.png 300w, https:\/\/viuresobrerodes.cat\/wp-content\/uploads\/2023\/01\/54-546x300.png 546w\" sizes=\"auto, (max-width: 422px) 100vw, 422px\" \/><\/figure>\n\n\n\n<p>No ens qued\u00e0rem a pernoctar a <strong>Ax les Thermes<\/strong>, ens despla\u00e7\u00e0rem fins a l&#8217;<strong>Hospitalet-pr\u00e8s-Andorre<\/strong> on hi ha un aparcament al costat de l&#8217;estaci\u00f3, i all\u00e0 ens vam quedar \ud83d\udecc!.<\/p>\n\n\n\n<p>La nit no la vaig passar gens b\u00e9, molta tos&#8230; mal de cap \ud83e\udd27\ud83d\ude37\ud83d\ude30 (he de dir que no vaig sentir cap tren!!) Al mat\u00ed, dissabte 31, em vaig fer el test de la Covid, i va sortir positiu. Preocupaci\u00f3 m\u00e0xima per si l&#8217;havia contagiat a la&nbsp;Feli&nbsp;i al&nbsp;Juanfra, avisar a la fam\u00edlia amb qui havia estat abans de sortir cap a l&#8217;Occit\u00e0nia&#8230; \ud83e\udd26\u200d\u2640\ufe0fOh, que malament!! Tamb\u00e9 avisar a la Iolanda, a la&nbsp;Isa, al Toni i al Manel que aquest any, no pod\u00edem celebrar el&nbsp;Cap d&#8217;Any&nbsp;amb ells \ud83e\udd7a&#8230; i cap a casa.<\/p>\n\n\n<div class=\"wp-block-image\">\n<figure class=\"aligncenter size-large is-resized\"><img loading=\"lazy\" decoding=\"async\" src=\"http:\/\/viuresobrerodes.cat\/wp-content\/uploads\/2023\/01\/2-1024x576.jpg\" alt=\"\" class=\"wp-image-731\" style=\"width:538px;height:301px\" width=\"538\" height=\"301\"\/><\/figure>\n<\/div>\n\n\n<p>Per primer cop (en condicions normals) celebr\u00e0rem el&nbsp;Cap d&#8217;Any&nbsp;sols a casa&#8230; El Miquel va fer un bon sopar, per\u00f2 jo estava \ud83e\udd27\ud83d\ude37\ud83d\ude30&#8230; Diguem que va ser un Cap d&#8217;Any molt tranquil.<\/p>\n\n\n\n<p>\ud83d\ude4b\u200d\u2640\ufe0f\ud83d\udc81\u200d\u2640\ufe0f Us deixem <strong><a href=\"https:\/\/goo.gl\/maps\/duWXAJ3hxuLDaiZQ6\">l&#8217;enlla\u00e7 de les&nbsp;ubicacions&nbsp;dels llocs<\/a><\/strong> que hem visitat.\ud83d\ude0a<\/p>\n\n\n\n<p><\/p>\n","protected":false},"excerpt":{"rendered":"<p>Despr\u00e9s de dues setmanes sense anar a la Noguera, calia fer bugada&#8230;no ens quedava gaireb\u00e9 res de roba neta \ud83d\udc56\ud83d\udc55\ud83e\ude72, i dilluns hav\u00edem d&#8217;iniciar una petita ruta \ud83d\ude90\ud83d\ude90 de cinc dies per l&#8217;Occit\u00e0nia! Aix\u00ed que divendres per primer cop, vam anar a rentar la roba a una bugaderia. N&#8217;hi ha moltes per escollir, per comoditat [&hellip;]<\/p>\n","protected":false},"author":1,"featured_media":661,"comment_status":"open","ping_status":"open","sticky":false,"template":"","format":"standard","meta":{"_jetpack_memberships_contains_paid_content":false,"footnotes":""},"categories":[4,1],"tags":[107,98,111,106,97,104,99,100,105,110,96,109,108,101,48,102,103],"class_list":["post-653","post","type-post","status-publish","format-standard","has-post-thumbnail","hentry","category-autocaravana","category-uncategorized","tag-alet-les-bains","tag-arees-de-autocaravanes","tag-ax-les-thermes","tag-besalu","tag-besiers","tag-bosc-de-can-ginebreda","tag-cucugnan","tag-duilhac","tag-figueres","tag-foix","tag-fresh-laundry-viladecans","tag-le-mas-dazil","tag-mirepoix","tag-peyrepertuse","tag-porqueres","tag-pueblos-con-encanto","tag-transit_ando_camper"],"jetpack_featured_media_url":"https:\/\/viuresobrerodes.cat\/wp-content\/uploads\/2022\/12\/Captura-de-pantalla-2022-12-29-160249.png","jetpack_sharing_enabled":true,"_links":{"self":[{"href":"https:\/\/viuresobrerodes.cat\/index.php?rest_route=\/wp\/v2\/posts\/653","targetHints":{"allow":["GET"]}}],"collection":[{"href":"https:\/\/viuresobrerodes.cat\/index.php?rest_route=\/wp\/v2\/posts"}],"about":[{"href":"https:\/\/viuresobrerodes.cat\/index.php?rest_route=\/wp\/v2\/types\/post"}],"author":[{"embeddable":true,"href":"https:\/\/viuresobrerodes.cat\/index.php?rest_route=\/wp\/v2\/users\/1"}],"replies":[{"embeddable":true,"href":"https:\/\/viuresobrerodes.cat\/index.php?rest_route=%2Fwp%2Fv2%2Fcomments&post=653"}],"version-history":[{"count":38,"href":"https:\/\/viuresobrerodes.cat\/index.php?rest_route=\/wp\/v2\/posts\/653\/revisions"}],"predecessor-version":[{"id":1218,"href":"https:\/\/viuresobrerodes.cat\/index.php?rest_route=\/wp\/v2\/posts\/653\/revisions\/1218"}],"wp:featuredmedia":[{"embeddable":true,"href":"https:\/\/viuresobrerodes.cat\/index.php?rest_route=\/wp\/v2\/media\/661"}],"wp:attachment":[{"href":"https:\/\/viuresobrerodes.cat\/index.php?rest_route=%2Fwp%2Fv2%2Fmedia&parent=653"}],"wp:term":[{"taxonomy":"category","embeddable":true,"href":"https:\/\/viuresobrerodes.cat\/index.php?rest_route=%2Fwp%2Fv2%2Fcategories&post=653"},{"taxonomy":"post_tag","embeddable":true,"href":"https:\/\/viuresobrerodes.cat\/index.php?rest_route=%2Fwp%2Fv2%2Ftags&post=653"}],"curies":[{"name":"wp","href":"https:\/\/api.w.org\/{rel}","templated":true}]}}