{"id":761,"date":"2023-01-16T18:31:31","date_gmt":"2023-01-16T18:31:31","guid":{"rendered":"https:\/\/viuresobrerodes.cat\/?p=761"},"modified":"2023-01-16T19:53:08","modified_gmt":"2023-01-16T19:53:08","slug":"barrejant-feina-i-plaer","status":"publish","type":"post","link":"https:\/\/viuresobrerodes.cat\/?p=761","title":{"rendered":"Barrejant feina i plaer"},"content":{"rendered":"\n<p>Barrejar feina i plaer no est\u00e0 gens malament\ud83d\udc81\u200d\u2640\ufe0f. Torn\u00e0rem a anar a <strong><a href=\"https:\/\/www.catalunya.com\/vilafranca-del-penedes-2-1-83054?language=ca\">Vilafranca del Pened\u00e8s<\/a><\/strong>!\ud83d\ude0d<br>Per\u00f2 primer, com no calgu\u00e9 portar a l&#8217;A a l&#8217;escola i al no pujar el cap de setmana a <strong>la Noguera<\/strong>, hagu\u00e9rem de fer la bugada\ud83d\udc56\ud83d\udc55\ud83e\ude72\ud83d\udc81\u200d\u2640\ufe0f, <strong><a href=\"https:\/\/www.freshlaundry.es\/bugaderia-a-viladecans-100-ca.html\">FRESH&nbsp;LAUNDRY<\/a><\/strong> .<\/p>\n\n\n<div class=\"wp-block-image\">\n<figure class=\"aligncenter size-large is-resized\"><img loading=\"lazy\" decoding=\"async\" src=\"http:\/\/viuresobrerodes.cat\/wp-content\/uploads\/2023\/01\/a7083463-19ab-446d-ba5c-829412861b97-1024x576.jpg\" alt=\"\" class=\"wp-image-763\" width=\"489\" height=\"274\" srcset=\"https:\/\/viuresobrerodes.cat\/wp-content\/uploads\/2023\/01\/a7083463-19ab-446d-ba5c-829412861b97-1024x576.jpg 1024w, https:\/\/viuresobrerodes.cat\/wp-content\/uploads\/2023\/01\/a7083463-19ab-446d-ba5c-829412861b97-300x169.jpg 300w, https:\/\/viuresobrerodes.cat\/wp-content\/uploads\/2023\/01\/a7083463-19ab-446d-ba5c-829412861b97-768x432.jpg 768w, https:\/\/viuresobrerodes.cat\/wp-content\/uploads\/2023\/01\/a7083463-19ab-446d-ba5c-829412861b97-1536x864.jpg 1536w, https:\/\/viuresobrerodes.cat\/wp-content\/uploads\/2023\/01\/a7083463-19ab-446d-ba5c-829412861b97-533x300.jpg 533w, https:\/\/viuresobrerodes.cat\/wp-content\/uploads\/2023\/01\/a7083463-19ab-446d-ba5c-829412861b97.jpg 1600w\" sizes=\"auto, (max-width: 489px) 100vw, 489px\" \/><\/figure>\n<\/div>\n\n\n<p><br>Sortint de la bugaderia, corrents\ud83c\udfcd\ufe0f cap al <strong><a href=\"http:\/\/autosefd73.com\/WordPress3\/auto-sefd-2\/\">taller de confian\u00e7a<\/a><\/strong> a fer un esmorzar de forquilla\ud83c\udf74 amb la Roser, el Marc i en Ramon&#8230; un platet de tripa\ud83c\udf72, que n&#8217;hi havia per llepar-se els dits\ud83d\ude0b <\/p>\n\n\n<div class=\"wp-block-image\">\n<figure class=\"aligncenter size-large is-resized\"><img loading=\"lazy\" decoding=\"async\" src=\"http:\/\/viuresobrerodes.cat\/wp-content\/uploads\/2023\/01\/750bb1da-4083-45a3-8df6-9b4f7435e08a-1024x576.jpg\" alt=\"\" class=\"wp-image-766\" width=\"533\" height=\"299\" srcset=\"https:\/\/viuresobrerodes.cat\/wp-content\/uploads\/2023\/01\/750bb1da-4083-45a3-8df6-9b4f7435e08a-1024x576.jpg 1024w, https:\/\/viuresobrerodes.cat\/wp-content\/uploads\/2023\/01\/750bb1da-4083-45a3-8df6-9b4f7435e08a-300x169.jpg 300w, https:\/\/viuresobrerodes.cat\/wp-content\/uploads\/2023\/01\/750bb1da-4083-45a3-8df6-9b4f7435e08a-768x432.jpg 768w, https:\/\/viuresobrerodes.cat\/wp-content\/uploads\/2023\/01\/750bb1da-4083-45a3-8df6-9b4f7435e08a-1536x864.jpg 1536w, https:\/\/viuresobrerodes.cat\/wp-content\/uploads\/2023\/01\/750bb1da-4083-45a3-8df6-9b4f7435e08a-533x300.jpg 533w, https:\/\/viuresobrerodes.cat\/wp-content\/uploads\/2023\/01\/750bb1da-4083-45a3-8df6-9b4f7435e08a.jpg 1600w\" sizes=\"auto, (max-width: 533px) 100vw, 533px\" \/><\/figure>\n<\/div>\n\n\n<p>Despr\u00e9s de dinar i de deixar a l&#8217;A al cole, som-hi \ud83d\ude90 cap a <strong><a href=\"https:\/\/www.catalunya.com\/vilafranca-del-penedes-2-1-83054?language=ca\">Vilafranca<\/a><\/strong>!<br>De cam\u00ed per les costes de <strong>Garraf<\/strong>, quin plaer!\ud83d\ude0d Feia un dia preci\u00f3s,\ud83c\udf1e i el mar es veia lluent, potent, com si la seva feblesa no fos palesa\ud83d\ude13.<\/p>\n\n\n<div class=\"wp-block-image\">\n<figure class=\"aligncenter size-large is-resized\"><img loading=\"lazy\" decoding=\"async\" src=\"http:\/\/viuresobrerodes.cat\/wp-content\/uploads\/2023\/01\/82e34e36-7f3a-41c0-8e28-1d5b02c270e7-1024x576.jpg\" alt=\"\" class=\"wp-image-768\" width=\"550\" height=\"309\" srcset=\"https:\/\/viuresobrerodes.cat\/wp-content\/uploads\/2023\/01\/82e34e36-7f3a-41c0-8e28-1d5b02c270e7-1024x576.jpg 1024w, https:\/\/viuresobrerodes.cat\/wp-content\/uploads\/2023\/01\/82e34e36-7f3a-41c0-8e28-1d5b02c270e7-300x169.jpg 300w, https:\/\/viuresobrerodes.cat\/wp-content\/uploads\/2023\/01\/82e34e36-7f3a-41c0-8e28-1d5b02c270e7-768x432.jpg 768w, https:\/\/viuresobrerodes.cat\/wp-content\/uploads\/2023\/01\/82e34e36-7f3a-41c0-8e28-1d5b02c270e7-1536x864.jpg 1536w, https:\/\/viuresobrerodes.cat\/wp-content\/uploads\/2023\/01\/82e34e36-7f3a-41c0-8e28-1d5b02c270e7-533x300.jpg 533w, https:\/\/viuresobrerodes.cat\/wp-content\/uploads\/2023\/01\/82e34e36-7f3a-41c0-8e28-1d5b02c270e7.jpg 1600w\" sizes=\"auto, (max-width: 550px) 100vw, 550px\" \/><\/figure>\n<\/div>\n\n\n<p><br>Una vegada a <strong><a href=\"https:\/\/www.catalunya.com\/vilafranca-del-penedes-2-1-83054?language=ca\">Vilafranca<\/a><\/strong>, an\u00e0rem a l&#8217;<strong><a href=\"https:\/\/www-areasac-es.translate.goog\/areas\/barcelona\/vilafranca-del-penedes_1750_1_ap.html?_x_tr_sl=es&amp;_x_tr_tl=ca&amp;_x_tr_hl=ca&amp;_x_tr_pto=sc\">\u00e0rea d&#8217;autocaravanes<\/a><\/strong>\ud83d\ude90 , i com l&#8217;altra vegada estava plena com un ou\ud83d\ude46\u200d\u2640\ufe0f . Aquesta vegada era a mitja tarda, i per aix\u00f2 v\u00e0rem poder fixar-nos en les autocaravanes que n&#8217;hi havia i algunes, ens va semblar, que hi s\u00f3n de forma permanent. Conclusi\u00f3, les \u00e0rees d&#8217;autocaravanes, millor que siguin de pagament o controlades perqu\u00e8 la flu\u00efdesa pugui ser constant.<br>B\u00e9, com que no ten\u00edem lloc, mir\u00e0rem el Park4night i l&#8217;<strong><a href=\"https:\/\/www.areasac.es\/santa-margarida-i-els-monjos\/barcelona\/santa-margarida-i-els-monjos_7775_1_ap.html\">\u00e0rea d&#8217;autocaravanes<\/a><\/strong> m\u00e9s propera \u00e9s a <strong><a href=\"https:\/\/www.femturisme.cat\/ca\/pobles\/santa-margarida-i-els-monjos\">Santa Margarida i els Monjos<\/a><\/strong>, \ud83d\ude90 a uns 3 km. <\/p>\n\n\n\n<p><\/p>\n\n\n<div class=\"wp-block-image\">\n<figure class=\"aligncenter size-large is-resized\"><img loading=\"lazy\" decoding=\"async\" src=\"http:\/\/viuresobrerodes.cat\/wp-content\/uploads\/2023\/01\/552066cd-2dc8-424a-aa3b-168618cb6517-1024x576.jpg\" alt=\"\" class=\"wp-image-770\" width=\"584\" height=\"328\" srcset=\"https:\/\/viuresobrerodes.cat\/wp-content\/uploads\/2023\/01\/552066cd-2dc8-424a-aa3b-168618cb6517-1024x576.jpg 1024w, https:\/\/viuresobrerodes.cat\/wp-content\/uploads\/2023\/01\/552066cd-2dc8-424a-aa3b-168618cb6517-300x169.jpg 300w, https:\/\/viuresobrerodes.cat\/wp-content\/uploads\/2023\/01\/552066cd-2dc8-424a-aa3b-168618cb6517-768x432.jpg 768w, https:\/\/viuresobrerodes.cat\/wp-content\/uploads\/2023\/01\/552066cd-2dc8-424a-aa3b-168618cb6517-1536x864.jpg 1536w, https:\/\/viuresobrerodes.cat\/wp-content\/uploads\/2023\/01\/552066cd-2dc8-424a-aa3b-168618cb6517-533x300.jpg 533w, https:\/\/viuresobrerodes.cat\/wp-content\/uploads\/2023\/01\/552066cd-2dc8-424a-aa3b-168618cb6517.jpg 1600w\" sizes=\"auto, (max-width: 584px) 100vw, 584px\" \/><\/figure>\n<\/div>\n\n\n<p>Va ser una gran troballa\ud83e\udd29, la zona \u00e9s ampla, anivellada i amb gaireb\u00e9 tots els serveis \ud83d\udeb0\ud83d\udebd\ud83d\udebf\u2026 sorolls els justos, en ser un lloc urbanitzat.<br>Aparc\u00e0rem, baix\u00e0rem del porta motos \ud83c\udfcd\ufe0f l&#8217;<strong>Honda CB 300 R<\/strong> i f\u00e9rem temps\u23f3 per anar a trobar-nos amb la Maria i el Josep.<\/p>\n\n\n\n<p>Estic enamorada \ud83d\ude0d de <strong><a href=\"https:\/\/www.catalunya.com\/vilafranca-del-penedes-2-1-83054?language=ca\">Vilafranca<\/a><\/strong>! La part antiga t\u00e9 una personalitat pr\u00f2pia que la fa destacar, no nom\u00e9s pels edificis modernistes, tamb\u00e9 pel car\u00e0cter potent dels seus portals.<\/p>\n\n\n<div class=\"wp-block-image\">\n<figure class=\"alignright size-large is-resized\"><img loading=\"lazy\" decoding=\"async\" src=\"http:\/\/viuresobrerodes.cat\/wp-content\/uploads\/2023\/01\/bc4631c8-6cb7-48e1-8f57-014ca92a1763-577x1024.jpg\" alt=\"\" class=\"wp-image-774\" width=\"313\" height=\"556\" srcset=\"https:\/\/viuresobrerodes.cat\/wp-content\/uploads\/2023\/01\/bc4631c8-6cb7-48e1-8f57-014ca92a1763-577x1024.jpg 577w, https:\/\/viuresobrerodes.cat\/wp-content\/uploads\/2023\/01\/bc4631c8-6cb7-48e1-8f57-014ca92a1763-169x300.jpg 169w, https:\/\/viuresobrerodes.cat\/wp-content\/uploads\/2023\/01\/bc4631c8-6cb7-48e1-8f57-014ca92a1763-768x1364.jpg 768w, https:\/\/viuresobrerodes.cat\/wp-content\/uploads\/2023\/01\/bc4631c8-6cb7-48e1-8f57-014ca92a1763-865x1536.jpg 865w, https:\/\/viuresobrerodes.cat\/wp-content\/uploads\/2023\/01\/bc4631c8-6cb7-48e1-8f57-014ca92a1763.jpg 901w\" sizes=\"auto, (max-width: 313px) 100vw, 313px\" \/><\/figure>\n<\/div>\n\n\n<figure class=\"wp-block-image size-large is-resized\"><img loading=\"lazy\" decoding=\"async\" src=\"http:\/\/viuresobrerodes.cat\/wp-content\/uploads\/2023\/01\/aaa6f441-657c-4a22-a338-03e5915fda6b-577x1024.jpg\" alt=\"\" class=\"wp-image-773\" width=\"319\" height=\"565\" srcset=\"https:\/\/viuresobrerodes.cat\/wp-content\/uploads\/2023\/01\/aaa6f441-657c-4a22-a338-03e5915fda6b-577x1024.jpg 577w, https:\/\/viuresobrerodes.cat\/wp-content\/uploads\/2023\/01\/aaa6f441-657c-4a22-a338-03e5915fda6b-169x300.jpg 169w, https:\/\/viuresobrerodes.cat\/wp-content\/uploads\/2023\/01\/aaa6f441-657c-4a22-a338-03e5915fda6b-865x1536.jpg 865w, https:\/\/viuresobrerodes.cat\/wp-content\/uploads\/2023\/01\/aaa6f441-657c-4a22-a338-03e5915fda6b.jpg 901w\" sizes=\"auto, (max-width: 319px) 100vw, 319px\" \/><\/figure>\n\n\n\n<p>T\u00e9 el comer\u00e7 de proximitat molt i molt actiu, i aix\u00f2 fa que en els seus carrers hi hagi un constant anar i venir de gent\ud83d\udeb6\u200d\u2640\ufe0f\ud83d\udeb6\ud83d\udeb6\u200d\u2642\ufe0f\ud83d\udeb6\u200d\u2640\ufe0f que fa d&#8217;ella una ciutat viva.<\/p>\n\n\n<div class=\"wp-block-image\">\n<figure class=\"aligncenter size-large is-resized\"><img loading=\"lazy\" decoding=\"async\" src=\"http:\/\/viuresobrerodes.cat\/wp-content\/uploads\/2023\/01\/d51944fd-de9f-4a35-837d-eea8e0f723b7-576x1024.jpg\" alt=\"\" class=\"wp-image-779\" width=\"310\" height=\"551\" srcset=\"https:\/\/viuresobrerodes.cat\/wp-content\/uploads\/2023\/01\/d51944fd-de9f-4a35-837d-eea8e0f723b7-576x1024.jpg 576w, https:\/\/viuresobrerodes.cat\/wp-content\/uploads\/2023\/01\/d51944fd-de9f-4a35-837d-eea8e0f723b7-169x300.jpg 169w, https:\/\/viuresobrerodes.cat\/wp-content\/uploads\/2023\/01\/d51944fd-de9f-4a35-837d-eea8e0f723b7-768x1365.jpg 768w, https:\/\/viuresobrerodes.cat\/wp-content\/uploads\/2023\/01\/d51944fd-de9f-4a35-837d-eea8e0f723b7-864x1536.jpg 864w, https:\/\/viuresobrerodes.cat\/wp-content\/uploads\/2023\/01\/d51944fd-de9f-4a35-837d-eea8e0f723b7.jpg 900w\" sizes=\"auto, (max-width: 310px) 100vw, 310px\" \/><\/figure>\n<\/div>\n\n\n<p><br>Sop\u00e0rem al<strong><a href=\"https:\/\/es.restaurantguru.com\/Frankfurt-Vilafranca-Vilafranca-del-Penedes\"> Frankfurt Vilafranca<\/a><\/strong>, d&#8217;entrada, la decoraci\u00f3 tem\u00e0tica del local, dedicada a la hist\u00f2ria de l&#8217;esport\u26f8\ufe0f\ud83c\udfd1\ud83e\udd4a ja ens va agradar, \u00e9s un petit museu. Hi ha un fotimer de televisors\ud83d\udcfa, no els vaig comptar, per poder seguir des de qualsevol lloc el que passa a la pantalla. El tracte molt familiar i el sopar molt bo\ud83c\udf54\ud83c\udf2d\ud83c\udf7b. Reserv\u00e0rem pla\u00e7a per sopar i veure el Bar\u00e7a-Madrid\u26bd.<br>Diumenge en obrir l&#8217;autocaravana, ens adon\u00e0rem que a prop de l&#8217;<strong><a href=\"https:\/\/www.areasac.es\/santa-margarida-i-els-monjos\/barcelona\/santa-margarida-i-els-monjos_7775_1_ap.html\">\u00e0rea d&#8217;autocaravanes<\/a><\/strong> havien aparcat un munt de cotxes\ud83d\ude97\ud83d\ude99! Era per qu\u00e8 era dia de mercat, un gran mercat de roba \ud83d\udc56\ud83d\udc55i de menjar\ud83e\udd66\ud83c\udf36\ufe0f!<\/p>\n\n\n\n<figure class=\"wp-block-video\"><video height=\"352\" style=\"aspect-ratio: 640 \/ 352;\" width=\"640\" controls src=\"http:\/\/viuresobrerodes.cat\/wp-content\/uploads\/2023\/01\/WhatsApp-Video-2023-01-15-at-18.37.47.mp4\"><\/video><\/figure>\n\n\n\n<p>En arribar a <strong><strong><a href=\"https:\/\/www.catalunya.com\/vilafranca-del-penedes-2-1-83054?language=ca\">Vilafranca<\/a><\/strong><\/strong> el Miquel i en Josep es quedaren treballant\ud83d\udcbb\ud83d\udcbb, la Maria, historiadora\ud83d\udc69\u200d\ud83c\udf93, i jo an\u00e0rem a fer una <a href=\"https:\/\/www.mutuapenedes.com\/secrets-cementiri-de-vilafranca-del-penedes\/\"><strong>ruta tur\u00edstica<\/strong> pel <strong>cementiri<\/strong><\/a>\ud83d\udeb6\u200d\u2640\ufe0f\ud83d\udeb6\u200d\u2640\ufe0f. <\/p>\n\n\n<div class=\"wp-block-image\">\n<figure class=\"alignright size-large is-resized\"><img loading=\"lazy\" decoding=\"async\" src=\"http:\/\/viuresobrerodes.cat\/wp-content\/uploads\/2023\/01\/9b2c59e4-a03c-49ed-bbb7-c4d6506cad37-1024x577.jpg\" alt=\"\" class=\"wp-image-783\" width=\"392\" height=\"221\" srcset=\"https:\/\/viuresobrerodes.cat\/wp-content\/uploads\/2023\/01\/9b2c59e4-a03c-49ed-bbb7-c4d6506cad37-1024x577.jpg 1024w, https:\/\/viuresobrerodes.cat\/wp-content\/uploads\/2023\/01\/9b2c59e4-a03c-49ed-bbb7-c4d6506cad37-300x169.jpg 300w, https:\/\/viuresobrerodes.cat\/wp-content\/uploads\/2023\/01\/9b2c59e4-a03c-49ed-bbb7-c4d6506cad37-768x432.jpg 768w, https:\/\/viuresobrerodes.cat\/wp-content\/uploads\/2023\/01\/9b2c59e4-a03c-49ed-bbb7-c4d6506cad37-1536x865.jpg 1536w, https:\/\/viuresobrerodes.cat\/wp-content\/uploads\/2023\/01\/9b2c59e4-a03c-49ed-bbb7-c4d6506cad37-533x300.jpg 533w, https:\/\/viuresobrerodes.cat\/wp-content\/uploads\/2023\/01\/9b2c59e4-a03c-49ed-bbb7-c4d6506cad37.jpg 1600w\" sizes=\"auto, (max-width: 392px) 100vw, 392px\" \/><\/figure>\n<\/div>\n\n\n<figure class=\"wp-block-image size-large is-resized\"><img loading=\"lazy\" decoding=\"async\" src=\"http:\/\/viuresobrerodes.cat\/wp-content\/uploads\/2023\/01\/838cf9b5-9be5-4004-8205-ecb5b42ce31e-1024x577.jpg\" alt=\"\" class=\"wp-image-784\" width=\"417\" height=\"235\" srcset=\"https:\/\/viuresobrerodes.cat\/wp-content\/uploads\/2023\/01\/838cf9b5-9be5-4004-8205-ecb5b42ce31e-1024x577.jpg 1024w, https:\/\/viuresobrerodes.cat\/wp-content\/uploads\/2023\/01\/838cf9b5-9be5-4004-8205-ecb5b42ce31e-300x169.jpg 300w, https:\/\/viuresobrerodes.cat\/wp-content\/uploads\/2023\/01\/838cf9b5-9be5-4004-8205-ecb5b42ce31e-768x432.jpg 768w, https:\/\/viuresobrerodes.cat\/wp-content\/uploads\/2023\/01\/838cf9b5-9be5-4004-8205-ecb5b42ce31e-1536x865.jpg 1536w, https:\/\/viuresobrerodes.cat\/wp-content\/uploads\/2023\/01\/838cf9b5-9be5-4004-8205-ecb5b42ce31e-533x300.jpg 533w, https:\/\/viuresobrerodes.cat\/wp-content\/uploads\/2023\/01\/838cf9b5-9be5-4004-8205-ecb5b42ce31e.jpg 1600w\" sizes=\"auto, (max-width: 417px) 100vw, 417px\" \/><\/figure>\n\n\n\n<p> No \u00e9s molt antic, segle XIX, per\u00f2 \u00e9s d&#8217;una gran bellesa, diferents arquitectes deixaren les seves aportacions creatives en les tombes, mausoleus i panteons. Gr\u00e0cies a la Maria i als punts informatius em vaig assabentar de l&#8217;evoluci\u00f3 que ha sofert el <strong><a href=\"https:\/\/www.mutuapenedes.com\/secrets-cementiri-de-vilafranca-del-penedes\/\">cementiri<\/a><\/strong> en els anys, de quina \u00e9s la simbologia funer\u00e0ria, de qui eren la <strong><a href=\"https:\/\/carlesquerol.files.wordpress.com\/2016\/11\/pdf-valkiria-2.pdf\">Margarette von Hase<\/a><\/strong> i el <a href=\"https:\/\/www.galeriametges.cat\/galeria-fitxa.php?icod=HIF\"><strong>Dr. F\u00e8lix Janer i Bertran<\/strong><\/a>, <\/p>\n\n\n<div class=\"wp-block-image\">\n<figure class=\"alignright size-large is-resized\"><img loading=\"lazy\" decoding=\"async\" src=\"http:\/\/viuresobrerodes.cat\/wp-content\/uploads\/2023\/01\/ccb4e958-3a19-4bd1-9490-6bbcad1c3fc2-1024x577.jpg\" alt=\"\" class=\"wp-image-789\" width=\"492\" height=\"277\" srcset=\"https:\/\/viuresobrerodes.cat\/wp-content\/uploads\/2023\/01\/ccb4e958-3a19-4bd1-9490-6bbcad1c3fc2-1024x577.jpg 1024w, https:\/\/viuresobrerodes.cat\/wp-content\/uploads\/2023\/01\/ccb4e958-3a19-4bd1-9490-6bbcad1c3fc2-300x169.jpg 300w, https:\/\/viuresobrerodes.cat\/wp-content\/uploads\/2023\/01\/ccb4e958-3a19-4bd1-9490-6bbcad1c3fc2-768x432.jpg 768w, https:\/\/viuresobrerodes.cat\/wp-content\/uploads\/2023\/01\/ccb4e958-3a19-4bd1-9490-6bbcad1c3fc2-1536x865.jpg 1536w, https:\/\/viuresobrerodes.cat\/wp-content\/uploads\/2023\/01\/ccb4e958-3a19-4bd1-9490-6bbcad1c3fc2-533x300.jpg 533w, https:\/\/viuresobrerodes.cat\/wp-content\/uploads\/2023\/01\/ccb4e958-3a19-4bd1-9490-6bbcad1c3fc2.jpg 1600w\" sizes=\"auto, (max-width: 492px) 100vw, 492px\" \/><figcaption class=\"wp-element-caption\"> Dr. F\u00e8lix Janer i Bertran<\/figcaption><\/figure>\n<\/div>\n\n\n<figure class=\"wp-block-image size-large is-resized\"><img loading=\"lazy\" decoding=\"async\" src=\"http:\/\/viuresobrerodes.cat\/wp-content\/uploads\/2023\/01\/a28472dd-0d40-4e6d-911a-a2fde0d842fc-576x1024.jpg\" alt=\"\" class=\"wp-image-788\" width=\"292\" height=\"521\"\/><figcaption class=\"wp-element-caption\"> Margarette von Hase<\/figcaption><\/figure>\n\n\n\n<p>o qui eren alguns soldats republicans que hi ha a la <strong><a href=\"https:\/\/www.ccma.cat\/324\/vilafranca-identifica-268-morts-de-la-guerra-civil-enterrats-en-una-fossa-comuna-del-cementiri\/noticia\/62452\/\">fossa comuna<\/a><\/strong>\u2026 <\/p>\n\n\n<div class=\"wp-block-image\">\n<figure class=\"alignright size-large is-resized\"><img loading=\"lazy\" decoding=\"async\" src=\"http:\/\/viuresobrerodes.cat\/wp-content\/uploads\/2023\/01\/718fdc6b-b774-483e-9f76-02423fc306b7-1024x576.jpg\" alt=\"\" class=\"wp-image-791\" width=\"398\" height=\"223\" srcset=\"https:\/\/viuresobrerodes.cat\/wp-content\/uploads\/2023\/01\/718fdc6b-b774-483e-9f76-02423fc306b7-1024x576.jpg 1024w, https:\/\/viuresobrerodes.cat\/wp-content\/uploads\/2023\/01\/718fdc6b-b774-483e-9f76-02423fc306b7-300x169.jpg 300w, https:\/\/viuresobrerodes.cat\/wp-content\/uploads\/2023\/01\/718fdc6b-b774-483e-9f76-02423fc306b7-768x432.jpg 768w, https:\/\/viuresobrerodes.cat\/wp-content\/uploads\/2023\/01\/718fdc6b-b774-483e-9f76-02423fc306b7-1536x864.jpg 1536w, https:\/\/viuresobrerodes.cat\/wp-content\/uploads\/2023\/01\/718fdc6b-b774-483e-9f76-02423fc306b7-533x300.jpg 533w, https:\/\/viuresobrerodes.cat\/wp-content\/uploads\/2023\/01\/718fdc6b-b774-483e-9f76-02423fc306b7.jpg 1600w\" sizes=\"auto, (max-width: 398px) 100vw, 398px\" \/><\/figure>\n<\/div>\n\n\n<figure class=\"wp-block-image size-large is-resized\"><img loading=\"lazy\" decoding=\"async\" src=\"http:\/\/viuresobrerodes.cat\/wp-content\/uploads\/2023\/01\/11740a89-1d82-4ad8-b9fa-61a4087a482f-1024x576.jpg\" alt=\"\" class=\"wp-image-792\" width=\"424\" height=\"237\"\/><\/figure>\n\n\n<div class=\"wp-block-image\">\n<figure class=\"aligncenter size-large is-resized\"><img loading=\"lazy\" decoding=\"async\" src=\"http:\/\/viuresobrerodes.cat\/wp-content\/uploads\/2023\/01\/25b1d0c2-6b74-4475-a070-6196a4233dd2-576x1024.jpg\" alt=\"\" class=\"wp-image-796\" width=\"286\" height=\"508\" srcset=\"https:\/\/viuresobrerodes.cat\/wp-content\/uploads\/2023\/01\/25b1d0c2-6b74-4475-a070-6196a4233dd2-576x1024.jpg 576w, https:\/\/viuresobrerodes.cat\/wp-content\/uploads\/2023\/01\/25b1d0c2-6b74-4475-a070-6196a4233dd2-169x300.jpg 169w, https:\/\/viuresobrerodes.cat\/wp-content\/uploads\/2023\/01\/25b1d0c2-6b74-4475-a070-6196a4233dd2-768x1365.jpg 768w, https:\/\/viuresobrerodes.cat\/wp-content\/uploads\/2023\/01\/25b1d0c2-6b74-4475-a070-6196a4233dd2-864x1536.jpg 864w, https:\/\/viuresobrerodes.cat\/wp-content\/uploads\/2023\/01\/25b1d0c2-6b74-4475-a070-6196a4233dd2.jpg 900w\" sizes=\"auto, (max-width: 286px) 100vw, 286px\" \/><\/figure>\n<\/div>\n\n\n<p>Un gran passeig per la hist\u00f2ria!<br>Despr\u00e9s an\u00e0rem a buscar el dinar que hav\u00edem encarregat a la <strong><a href=\"https:\/\/www.ferro.cat\/\">Rostisseria Desperta ferro<\/a><\/strong>. Din\u00e0rem\ud83e\udd69\ud83c\udf57\ud83e\udd57, treball\u00e0rem\ud83d\udcbb, xarr\u00e0rem&#8230;\ud83e\udd2d i a les 19 h, tornarem al <strong><strong><a href=\"https:\/\/es.restaurantguru.com\/Frankfurt-Vilafranca-Vilafranca-del-Penedes\">Frankfurt Vilafranca<\/a><\/strong><\/strong> a veure el futbol i a sopar\ud83c\udf54\ud83c\udf2d\ud83c\udf7b.<br>Ens vam acomiadar del Josep i la Maria , per\u00f2 ja ens tornarem a veure, i no nom\u00e9s per a treballar. Encara queda molt per descobrir i aix\u00ed, ser una mica m\u00e9s savis.<\/p>\n","protected":false},"excerpt":{"rendered":"<p>Barrejar feina i plaer no est\u00e0 gens malament\ud83d\udc81\u200d\u2640\ufe0f. Torn\u00e0rem a anar a Vilafranca del Pened\u00e8s!\ud83d\ude0dPer\u00f2 primer, com no calgu\u00e9 portar a l&#8217;A a l&#8217;escola i al no pujar el cap de setmana a la Noguera, hagu\u00e9rem de fer la bugada\ud83d\udc56\ud83d\udc55\ud83e\ude72\ud83d\udc81\u200d\u2640\ufe0f, FRESH&nbsp;LAUNDRY . Sortint de la bugaderia, corrents\ud83c\udfcd\ufe0f cap al taller de confian\u00e7a a fer un [&hellip;]<\/p>\n","protected":false},"author":1,"featured_media":802,"comment_status":"open","ping_status":"open","sticky":false,"template":"","format":"standard","meta":{"_jetpack_memberships_contains_paid_content":false,"footnotes":""},"categories":[4],"tags":[114,95,94,23,82,117,118,116,113,72,68,76,119,115,69],"class_list":["post-761","post","type-post","status-publish","format-standard","has-post-thumbnail","hentry","category-autocaravana","tag-area-dautocaravanes","tag-auto-sefd-73","tag-autocaravana","tag-autosuministres-motor","tag-baix-llobregat","tag-cementiri-de-vilafranca-del-penedes","tag-fossa-comuna-de-vilafranca-del-penedes","tag-frankfurt-vilafranca","tag-fresh-laundry","tag-honda-cb-300-r","tag-la-noguera","tag-micasaconruedas","tag-rostisseria-desperta-ferro","tag-santa-margarida-i-els-monjos","tag-vilafranca-del-penedes"],"jetpack_featured_media_url":"https:\/\/viuresobrerodes.cat\/wp-content\/uploads\/2023\/01\/04caf453-93c0-4368-982e-44f4d3c53e8f.jpg","jetpack_sharing_enabled":true,"_links":{"self":[{"href":"https:\/\/viuresobrerodes.cat\/index.php?rest_route=\/wp\/v2\/posts\/761","targetHints":{"allow":["GET"]}}],"collection":[{"href":"https:\/\/viuresobrerodes.cat\/index.php?rest_route=\/wp\/v2\/posts"}],"about":[{"href":"https:\/\/viuresobrerodes.cat\/index.php?rest_route=\/wp\/v2\/types\/post"}],"author":[{"embeddable":true,"href":"https:\/\/viuresobrerodes.cat\/index.php?rest_route=\/wp\/v2\/users\/1"}],"replies":[{"embeddable":true,"href":"https:\/\/viuresobrerodes.cat\/index.php?rest_route=%2Fwp%2Fv2%2Fcomments&post=761"}],"version-history":[{"count":21,"href":"https:\/\/viuresobrerodes.cat\/index.php?rest_route=\/wp\/v2\/posts\/761\/revisions"}],"predecessor-version":[{"id":807,"href":"https:\/\/viuresobrerodes.cat\/index.php?rest_route=\/wp\/v2\/posts\/761\/revisions\/807"}],"wp:featuredmedia":[{"embeddable":true,"href":"https:\/\/viuresobrerodes.cat\/index.php?rest_route=\/wp\/v2\/media\/802"}],"wp:attachment":[{"href":"https:\/\/viuresobrerodes.cat\/index.php?rest_route=%2Fwp%2Fv2%2Fmedia&parent=761"}],"wp:term":[{"taxonomy":"category","embeddable":true,"href":"https:\/\/viuresobrerodes.cat\/index.php?rest_route=%2Fwp%2Fv2%2Fcategories&post=761"},{"taxonomy":"post_tag","embeddable":true,"href":"https:\/\/viuresobrerodes.cat\/index.php?rest_route=%2Fwp%2Fv2%2Ftags&post=761"}],"curies":[{"name":"wp","href":"https:\/\/api.w.org\/{rel}","templated":true}]}}