{"id":813,"date":"2023-02-11T12:00:47","date_gmt":"2023-02-11T12:00:47","guid":{"rendered":"https:\/\/viuresobrerodes.cat\/?p=813"},"modified":"2023-03-02T17:42:15","modified_gmt":"2023-03-02T17:42:15","slug":"tatuatge-personalitzat-per-la-mussi","status":"publish","type":"post","link":"https:\/\/viuresobrerodes.cat\/?p=813","title":{"rendered":"Tatuatge personalitzat per la Mussi"},"content":{"rendered":"\n<p>Fa unes setmanes&nbsp;que&nbsp;d\u00e9u-n&#8217;hi-do \ud83d\udc81\u200d\u2640\ufe0f, primer se&#8217;ns mor el&nbsp;frigor\u00edfic de casa \ud83e\udd26\u200d\u2640\ufe0f, a<strong> la Noguera<\/strong>. A l&#8217;altra cap de setmana torn\u00e0 a ser un p\u00e8l accidentat \ud83e\udd26\u200d\u2640\ufe0f, dissabte de bon mat\u00ed, en posar l&#8217;estufa de p\u00e8l\u00b7lets en marxa, no vaig recordar que l&#8217;havia de carregar \ud83e\udd37\u200d\u2640\ufe0f. Va estar funcionant una bona estona gaireb\u00e9 sense p\u00e8l\u00b7lets \ud83d\ude46\u200d\u2640\ufe0f fins que despr\u00e9s, tot havent-la carregat, ja era massa tard i es va apagar. En posar-la en marxa, anaven caient p\u00e8l\u00b7lets al calder\u00ed, per\u00f2 no s&#8217;encenia\u2026 I au, tornar a desconnectar,\ud83e\udd37\u200d\u2640\ufe0f i amb una cullera anar traient els p\u00e8l\u00b7lets acumulats\u2026 Al final es va encendre, per\u00f2 no havien passat ni cinc minuts quan es va apagar del tot \ud83d\ude16. Primer comprov\u00e0rem el cable,\ud83d\udd0c l&#8217;endoll\u2026 <\/p>\n\n\n<div class=\"wp-block-image\">\n<figure class=\"aligncenter size-large is-resized\"><img loading=\"lazy\" decoding=\"async\" src=\"http:\/\/viuresobrerodes.cat\/wp-content\/uploads\/2023\/02\/b86f3824-d4e5-4a91-b7fd-787a3db88841-1024x472.jpg\" alt=\"\" class=\"wp-image-822\" width=\"582\" height=\"268\" srcset=\"https:\/\/viuresobrerodes.cat\/wp-content\/uploads\/2023\/02\/b86f3824-d4e5-4a91-b7fd-787a3db88841-1024x472.jpg 1024w, https:\/\/viuresobrerodes.cat\/wp-content\/uploads\/2023\/02\/b86f3824-d4e5-4a91-b7fd-787a3db88841-300x138.jpg 300w, https:\/\/viuresobrerodes.cat\/wp-content\/uploads\/2023\/02\/b86f3824-d4e5-4a91-b7fd-787a3db88841-768x354.jpg 768w, https:\/\/viuresobrerodes.cat\/wp-content\/uploads\/2023\/02\/b86f3824-d4e5-4a91-b7fd-787a3db88841-1536x708.jpg 1536w, https:\/\/viuresobrerodes.cat\/wp-content\/uploads\/2023\/02\/b86f3824-d4e5-4a91-b7fd-787a3db88841-650x300.jpg 650w, https:\/\/viuresobrerodes.cat\/wp-content\/uploads\/2023\/02\/b86f3824-d4e5-4a91-b7fd-787a3db88841.jpg 1600w\" sizes=\"auto, (max-width: 582px) 100vw, 582px\" \/><\/figure>\n<\/div>\n\n\n<p>I de mica en mica el Miquel la va mig desmuntar\u2026 Fins que va trobar el probable culpable! El fusible de l&#8217;interruptor!! Amb les temperatures que fa a la Noguera, (-5) \u2744\ufe0f\ud83e\udd76 encara sort que tenim calefactor, estufa el\u00e8ctrica i mantes pel sof\u00e0 \ud83d\udecb\ufe0f!<br>Fins al seg\u00fcent cap de setmana no sabr\u00edem si el veritable culpable era el fusible! Encreu\u00e0rem els dits \ud83e\udd1e\ud83e\udd1e!!.<\/p>\n\n\n\n<p>Des que a <strong>la Noguera<\/strong> gla\u00e7a \u2744\ufe0f&#8230;<\/p>\n\n\n<div class=\"wp-block-image\">\n<figure class=\"aligncenter size-full\"><img loading=\"lazy\" decoding=\"async\" width=\"456\" height=\"417\" src=\"http:\/\/viuresobrerodes.cat\/wp-content\/uploads\/2023\/02\/Captura-de-pantalla-2023-02-11-121458.png\" alt=\"\" class=\"wp-image-826\" srcset=\"https:\/\/viuresobrerodes.cat\/wp-content\/uploads\/2023\/02\/Captura-de-pantalla-2023-02-11-121458.png 456w, https:\/\/viuresobrerodes.cat\/wp-content\/uploads\/2023\/02\/Captura-de-pantalla-2023-02-11-121458-300x274.png 300w, https:\/\/viuresobrerodes.cat\/wp-content\/uploads\/2023\/02\/Captura-de-pantalla-2023-02-11-121458-328x300.png 328w\" sizes=\"auto, (max-width: 456px) 100vw, 456px\" \/><\/figure>\n<\/div>\n\n\n<p>no podem omplir el dip\u00f2sit d&#8217;aigua neta en marxar \ud83d\udc81\u200d\u2640\ufe0f.<br>El dip\u00f2sit t\u00e9 un sistema de seguretat que fa que quan la temperatura baixa a dos sota zero, s&#8217;obre el desgu\u00e0s \ud83d\udeb0 per tal d&#8217;evitar que l&#8217;aigua es geli \u2744\ufe0f i peti el dip\u00f2sit. Aix\u00ed \u00e9s que ens vam trobar en que al mateix temps que ompl\u00edem, l&#8217;aigua sortia pel desgu\u00e0s.<br>De manera que ens toca omplir \ud83d\udc81\u200d\u2640\ufe0f al <strong>Baix Llobregat<\/strong>\u2026 I omplint est\u00e0vem quan el Miquel es va fixar que una roda estava desinflada, i el caragol \ud83d\udd29 responsable clavat ben endins! Doncs apa, trucada \ud83d\udcde al &nbsp;taller de confian\u00e7a des de 1978&nbsp;<strong><a href=\"http:\/\/autosefd73.com\/WordPress3\/auto-sefd-2\/\">Auto Sefd 73<\/a><\/strong>, i cap all\u00e0!<\/p>\n\n\n\n<p>En un pim-pam, roda arreglada&#8230; i com ja est\u00e0vem all\u00e0 i ten\u00edem els vinils personalitzats per col\u00b7locar,<\/p>\n\n\n<div class=\"wp-block-image\">\n<figure class=\"aligncenter size-large is-resized\"><img loading=\"lazy\" decoding=\"async\" src=\"http:\/\/viuresobrerodes.cat\/wp-content\/uploads\/2023\/02\/4955c108-8137-4a0e-a3f7-d5eb748ddbd6-1024x472.jpg\" alt=\"\" class=\"wp-image-827\" width=\"514\" height=\"237\" srcset=\"https:\/\/viuresobrerodes.cat\/wp-content\/uploads\/2023\/02\/4955c108-8137-4a0e-a3f7-d5eb748ddbd6-1024x472.jpg 1024w, https:\/\/viuresobrerodes.cat\/wp-content\/uploads\/2023\/02\/4955c108-8137-4a0e-a3f7-d5eb748ddbd6-300x138.jpg 300w, https:\/\/viuresobrerodes.cat\/wp-content\/uploads\/2023\/02\/4955c108-8137-4a0e-a3f7-d5eb748ddbd6-768x354.jpg 768w, https:\/\/viuresobrerodes.cat\/wp-content\/uploads\/2023\/02\/4955c108-8137-4a0e-a3f7-d5eb748ddbd6-1536x708.jpg 1536w, https:\/\/viuresobrerodes.cat\/wp-content\/uploads\/2023\/02\/4955c108-8137-4a0e-a3f7-d5eb748ddbd6-650x300.jpg 650w, https:\/\/viuresobrerodes.cat\/wp-content\/uploads\/2023\/02\/4955c108-8137-4a0e-a3f7-d5eb748ddbd6.jpg 1600w\" sizes=\"auto, (max-width: 514px) 100vw, 514px\" \/><\/figure>\n<\/div>\n\n<div class=\"wp-block-image\">\n<figure class=\"aligncenter size-large is-resized\"><img loading=\"lazy\" decoding=\"async\" src=\"http:\/\/viuresobrerodes.cat\/wp-content\/uploads\/2023\/02\/f2b517db-5e67-4d1f-8d73-76277c1cf2ad-1024x472.jpg\" alt=\"\" class=\"wp-image-828\" width=\"523\" height=\"241\" srcset=\"https:\/\/viuresobrerodes.cat\/wp-content\/uploads\/2023\/02\/f2b517db-5e67-4d1f-8d73-76277c1cf2ad-1024x472.jpg 1024w, https:\/\/viuresobrerodes.cat\/wp-content\/uploads\/2023\/02\/f2b517db-5e67-4d1f-8d73-76277c1cf2ad-300x138.jpg 300w, https:\/\/viuresobrerodes.cat\/wp-content\/uploads\/2023\/02\/f2b517db-5e67-4d1f-8d73-76277c1cf2ad-768x354.jpg 768w, https:\/\/viuresobrerodes.cat\/wp-content\/uploads\/2023\/02\/f2b517db-5e67-4d1f-8d73-76277c1cf2ad-1536x708.jpg 1536w, https:\/\/viuresobrerodes.cat\/wp-content\/uploads\/2023\/02\/f2b517db-5e67-4d1f-8d73-76277c1cf2ad-650x300.jpg 650w, https:\/\/viuresobrerodes.cat\/wp-content\/uploads\/2023\/02\/f2b517db-5e67-4d1f-8d73-76277c1cf2ad.jpg 1600w\" sizes=\"auto, (max-width: 523px) 100vw, 523px\" \/><\/figure>\n<\/div>\n\n\n<p>en Ramon el nostre mec\u00e0nic tot terreny, ens els va posar&#8230; per cert, el disseny del tatuatge personalitzat, ens el va fer en Rafel Fortuny,\u00a0<strong><a href=\"https:\/\/77th-ink-tattoo-studio-tattoo-and-piercing-shop.business.site\/\">77th\u00a0InK\u00a0Tattoo\u00a0Studio<\/a><\/strong>, i el vinil a la <strong><a href=\"https:\/\/www.liderpapel.com\/PStores?s=7381&amp;o=verInfo_b2c&amp;p=1&amp;cContenido=8518&amp;descContenido=copisteria\">Copisteria\u00a0Pelegrin<\/a><\/strong>. <\/p>\n\n\n<div class=\"wp-block-image\">\n<figure class=\"alignright size-large is-resized\"><img loading=\"lazy\" decoding=\"async\" src=\"http:\/\/viuresobrerodes.cat\/wp-content\/uploads\/2023\/02\/cbd69f59-7ae8-4350-ba86-9a3a35627795-1024x472.jpg\" alt=\"\" class=\"wp-image-831\" width=\"474\" height=\"219\" srcset=\"https:\/\/viuresobrerodes.cat\/wp-content\/uploads\/2023\/02\/cbd69f59-7ae8-4350-ba86-9a3a35627795-1024x472.jpg 1024w, https:\/\/viuresobrerodes.cat\/wp-content\/uploads\/2023\/02\/cbd69f59-7ae8-4350-ba86-9a3a35627795-300x138.jpg 300w, https:\/\/viuresobrerodes.cat\/wp-content\/uploads\/2023\/02\/cbd69f59-7ae8-4350-ba86-9a3a35627795-768x354.jpg 768w, https:\/\/viuresobrerodes.cat\/wp-content\/uploads\/2023\/02\/cbd69f59-7ae8-4350-ba86-9a3a35627795-1536x708.jpg 1536w, https:\/\/viuresobrerodes.cat\/wp-content\/uploads\/2023\/02\/cbd69f59-7ae8-4350-ba86-9a3a35627795-650x300.jpg 650w, https:\/\/viuresobrerodes.cat\/wp-content\/uploads\/2023\/02\/cbd69f59-7ae8-4350-ba86-9a3a35627795.jpg 1600w\" sizes=\"auto, (max-width: 474px) 100vw, 474px\" \/><\/figure>\n<\/div>\n\n\n<figure class=\"wp-block-image size-large is-resized\"><img loading=\"lazy\" decoding=\"async\" src=\"http:\/\/viuresobrerodes.cat\/wp-content\/uploads\/2023\/02\/8b42bfd0-1bd4-4b42-ae26-f9950fcf78db-1024x768.jpg\" alt=\"\" class=\"wp-image-830\" width=\"320\" height=\"240\" srcset=\"https:\/\/viuresobrerodes.cat\/wp-content\/uploads\/2023\/02\/8b42bfd0-1bd4-4b42-ae26-f9950fcf78db-1024x768.jpg 1024w, https:\/\/viuresobrerodes.cat\/wp-content\/uploads\/2023\/02\/8b42bfd0-1bd4-4b42-ae26-f9950fcf78db-300x225.jpg 300w, https:\/\/viuresobrerodes.cat\/wp-content\/uploads\/2023\/02\/8b42bfd0-1bd4-4b42-ae26-f9950fcf78db-768x576.jpg 768w, https:\/\/viuresobrerodes.cat\/wp-content\/uploads\/2023\/02\/8b42bfd0-1bd4-4b42-ae26-f9950fcf78db-1536x1152.jpg 1536w, https:\/\/viuresobrerodes.cat\/wp-content\/uploads\/2023\/02\/8b42bfd0-1bd4-4b42-ae26-f9950fcf78db-400x300.jpg 400w, https:\/\/viuresobrerodes.cat\/wp-content\/uploads\/2023\/02\/8b42bfd0-1bd4-4b42-ae26-f9950fcf78db.jpg 2048w\" sizes=\"auto, (max-width: 320px) 100vw, 320px\" \/><\/figure>\n\n\n\n<p><strong><a href=\"https:\/\/z-p15.www.instagram.com\/p\/CpQjyhJP07m\/\">Ja tenim a la\u00a0Mussi\u00a0tatuada!!.<\/a><\/strong><\/p>\n\n\n\n<p>El divendres faves tendres\u2026\ud83e\udd2d no, el divendres cap a casa,<\/p>\n\n\n<div class=\"wp-block-image\">\n<figure class=\"aligncenter size-large is-resized\"><img loading=\"lazy\" decoding=\"async\" src=\"http:\/\/viuresobrerodes.cat\/wp-content\/uploads\/2023\/02\/d6eaef9e-ac01-48b8-9102-2ddbe2dbad5c-1024x473.jpg\" alt=\"\" class=\"wp-image-833\" width=\"613\" height=\"283\" srcset=\"https:\/\/viuresobrerodes.cat\/wp-content\/uploads\/2023\/02\/d6eaef9e-ac01-48b8-9102-2ddbe2dbad5c-1024x473.jpg 1024w, https:\/\/viuresobrerodes.cat\/wp-content\/uploads\/2023\/02\/d6eaef9e-ac01-48b8-9102-2ddbe2dbad5c-300x139.jpg 300w, https:\/\/viuresobrerodes.cat\/wp-content\/uploads\/2023\/02\/d6eaef9e-ac01-48b8-9102-2ddbe2dbad5c-768x355.jpg 768w, https:\/\/viuresobrerodes.cat\/wp-content\/uploads\/2023\/02\/d6eaef9e-ac01-48b8-9102-2ddbe2dbad5c-1536x709.jpg 1536w, https:\/\/viuresobrerodes.cat\/wp-content\/uploads\/2023\/02\/d6eaef9e-ac01-48b8-9102-2ddbe2dbad5c-650x300.jpg 650w, https:\/\/viuresobrerodes.cat\/wp-content\/uploads\/2023\/02\/d6eaef9e-ac01-48b8-9102-2ddbe2dbad5c.jpg 1992w\" sizes=\"auto, (max-width: 613px) 100vw, 613px\" \/><\/figure>\n<\/div>\n\n\n<p>amb l&#8217;esperan\u00e7a \ud83d\ude4f que canviant el fusible n&#8217;hi hagu\u00e9s prou\u2026<br>Encara que tant el Miquel com jo encreu\u00e0rem els dits amb molta for\u00e7a \ud83e\udd1e\ud83e\udd1e, no va funcionar, alguna cosa hi havia que feia cremar el fusible i el Miquel, tot i que \u00e9s el Macgyver de casa \ud83e\uddf0, no en sap tant\u2026<\/p>\n\n\n\n<p>Sort del calefactor i tamb\u00e9 la sort moral de qu\u00e8 ten\u00edem la Mussi a la porta de casa, per si el problema s&#8217;agreujava.<\/p>\n\n\n<div class=\"wp-block-image\">\n<figure class=\"aligncenter size-large is-resized\"><img loading=\"lazy\" decoding=\"async\" src=\"http:\/\/viuresobrerodes.cat\/wp-content\/uploads\/2023\/02\/197026dd-6f0d-47ff-8592-330cdc188e73-1024x472.jpg\" alt=\"\" class=\"wp-image-834\" width=\"615\" height=\"283\" srcset=\"https:\/\/viuresobrerodes.cat\/wp-content\/uploads\/2023\/02\/197026dd-6f0d-47ff-8592-330cdc188e73-1024x472.jpg 1024w, https:\/\/viuresobrerodes.cat\/wp-content\/uploads\/2023\/02\/197026dd-6f0d-47ff-8592-330cdc188e73-300x138.jpg 300w, https:\/\/viuresobrerodes.cat\/wp-content\/uploads\/2023\/02\/197026dd-6f0d-47ff-8592-330cdc188e73-768x354.jpg 768w, https:\/\/viuresobrerodes.cat\/wp-content\/uploads\/2023\/02\/197026dd-6f0d-47ff-8592-330cdc188e73-1536x708.jpg 1536w, https:\/\/viuresobrerodes.cat\/wp-content\/uploads\/2023\/02\/197026dd-6f0d-47ff-8592-330cdc188e73-650x300.jpg 650w, https:\/\/viuresobrerodes.cat\/wp-content\/uploads\/2023\/02\/197026dd-6f0d-47ff-8592-330cdc188e73.jpg 1600w\" sizes=\"auto, (max-width: 615px) 100vw, 615px\" \/><\/figure>\n<\/div>\n\n\n<p>\ud83d\udc81\u200d\u2640\ufe0fVa tocar buscar un t\u00e8cnic&#8230;\ud83e\udd26\u200d\u2640\ufe0f <\/p>\n\n\n\n<p>I el trob\u00e0rem! Tot i que va ser casual, buscant per Google, clic\u00e0rem a &#8220;<strong><a href=\"https:\/\/pellet-energia.business.site\/\">P\u00e8l\u00b7lets energia<\/a><\/strong>&#8220;, va \u00e9sser una bona troballa.<br>Arreglar-la, no fou f\u00e0cil, per\u00f2 ho va aconseguir. En Joan \u00e9s un excel\u00b7lent t\u00e8cnic i el tracte personal tamb\u00e9 excel\u00b7lent, un gran professional!<\/p>\n","protected":false},"excerpt":{"rendered":"<p>Fa unes setmanes&nbsp;que&nbsp;d\u00e9u-n&#8217;hi-do \ud83d\udc81\u200d\u2640\ufe0f, primer se&#8217;ns mor el&nbsp;frigor\u00edfic de casa \ud83e\udd26\u200d\u2640\ufe0f, a la Noguera. A l&#8217;altra cap de setmana torn\u00e0 a ser un p\u00e8l accidentat \ud83e\udd26\u200d\u2640\ufe0f, dissabte de bon mat\u00ed, en posar l&#8217;estufa de p\u00e8l\u00b7lets en marxa, no vaig recordar que l&#8217;havia de carregar \ud83e\udd37\u200d\u2640\ufe0f. Va estar funcionant una bona estona gaireb\u00e9 sense p\u00e8l\u00b7lets \ud83d\ude46\u200d\u2640\ufe0f [&hellip;]<\/p>\n","protected":false},"author":1,"featured_media":830,"comment_status":"open","ping_status":"open","sticky":false,"template":"","format":"standard","meta":{"_jetpack_memberships_contains_paid_content":false,"footnotes":""},"categories":[4],"tags":[121,95,82,120,68,122],"class_list":["post-813","post","type-post","status-publish","format-standard","has-post-thumbnail","hentry","category-autocaravana","tag-77th-ink-tattoo-studio","tag-auto-sefd-73","tag-baix-llobregat","tag-copisteria-pelegrin","tag-la-noguera","tag-pellet-energia"],"jetpack_featured_media_url":"https:\/\/viuresobrerodes.cat\/wp-content\/uploads\/2023\/02\/8b42bfd0-1bd4-4b42-ae26-f9950fcf78db.jpg","jetpack_sharing_enabled":true,"_links":{"self":[{"href":"https:\/\/viuresobrerodes.cat\/index.php?rest_route=\/wp\/v2\/posts\/813","targetHints":{"allow":["GET"]}}],"collection":[{"href":"https:\/\/viuresobrerodes.cat\/index.php?rest_route=\/wp\/v2\/posts"}],"about":[{"href":"https:\/\/viuresobrerodes.cat\/index.php?rest_route=\/wp\/v2\/types\/post"}],"author":[{"embeddable":true,"href":"https:\/\/viuresobrerodes.cat\/index.php?rest_route=\/wp\/v2\/users\/1"}],"replies":[{"embeddable":true,"href":"https:\/\/viuresobrerodes.cat\/index.php?rest_route=%2Fwp%2Fv2%2Fcomments&post=813"}],"version-history":[{"count":17,"href":"https:\/\/viuresobrerodes.cat\/index.php?rest_route=\/wp\/v2\/posts\/813\/revisions"}],"predecessor-version":[{"id":849,"href":"https:\/\/viuresobrerodes.cat\/index.php?rest_route=\/wp\/v2\/posts\/813\/revisions\/849"}],"wp:featuredmedia":[{"embeddable":true,"href":"https:\/\/viuresobrerodes.cat\/index.php?rest_route=\/wp\/v2\/media\/830"}],"wp:attachment":[{"href":"https:\/\/viuresobrerodes.cat\/index.php?rest_route=%2Fwp%2Fv2%2Fmedia&parent=813"}],"wp:term":[{"taxonomy":"category","embeddable":true,"href":"https:\/\/viuresobrerodes.cat\/index.php?rest_route=%2Fwp%2Fv2%2Fcategories&post=813"},{"taxonomy":"post_tag","embeddable":true,"href":"https:\/\/viuresobrerodes.cat\/index.php?rest_route=%2Fwp%2Fv2%2Ftags&post=813"}],"curies":[{"name":"wp","href":"https:\/\/api.w.org\/{rel}","templated":true}]}}