{"id":867,"date":"2023-06-24T18:17:00","date_gmt":"2023-06-24T18:17:00","guid":{"rendered":"https:\/\/viuresobrerodes.cat\/?p=867"},"modified":"2023-06-25T12:35:19","modified_gmt":"2023-06-25T12:35:19","slug":"i-tot-es-primavera","status":"publish","type":"post","link":"https:\/\/viuresobrerodes.cat\/?p=867","title":{"rendered":"I tot \u00e9s primavera&#8230;"},"content":{"rendered":"\n<p>Quan som al <strong>Baix Llobregat<\/strong>, ens estacionem \ud83d\ude90 a prop de l&#8217;escola on va l&#8217;A \ud83d\udc67. Ens agrada el lloc, pels ve\u00efns que s\u00f3n molt agradables amb nosaltres, per la proximitat amb l&#8217;escola, pel terreny que \u00e9s pla i perqu\u00e8 estem sota l&#8217;ombra d&#8217;uns arbres molt bonics, el seu nom cient\u00edfic \u00e9s: <strong><a href=\"http:\/\/menudanaturajardi.blogspot.com\/2014\/10\/tipuana-acacia-de-flor-groga.html?m=1\">Tipuana tipus (Benth.) Kuntze<\/a><\/strong>. Gr\u00e0cies a aquests arbres on, pardals i cueretes blanques van saltant de branca a branca constantment, hem descobert a les cueretes \ud83d\ude03\u2026 (els pardals ja els coneix\u00edem \ud83d\ude0f). Tenen un cant preci\u00f3s! <strong><a href=\"https:\/\/seo.org\/ave\/lavandera-blanca\/\">Aqu\u00ed<\/a><\/strong>, podeu escoltar el seu cant i quines s\u00f3n les caracter\u00edstiques. <\/p>\n\n\n\n<p>D&#8217;<strong>arbres<\/strong> <strong>Tipuana<\/strong>, n&#8217;hi ha arreu, (a tots els batlles els hi agrada molt!) s&#8217;omplen de floretes grogues molt boniques que deixen anar, cobrint les voreres de catifes grogues\u2026 i el seu pol\u00b7len, unes boletes min\u00fascules blanques que s&#8217;enganxen per tot arreu. Quan hem d&#8217;entrar a la&nbsp;Mussi \ud83d\ude90, cal tenir molta cura en fregar-nos b\u00e9 els peus al gra\u00f3 per tal de desenganxar les floretes de les soles, ja que si no ho fem, notem el terra enganxif\u00f3s i sort de l&#8217;aspirador!! Despr\u00e9s d&#8217;uns dies aparcats \ud83d\ude90, el sostre, els netejaparabrises, les claraboies&#8230; tot \u00e9s ple de flors i de pol\u00b7len, aix\u00ed que el primer que hem de fer en marxar cap a <strong>La Noguera<\/strong>, \u00e9s fer un bon rentat \ud83e\uddfd a la&nbsp;Mussi,<\/p>\n\n\n<div class=\"wp-block-image\">\n<figure class=\"aligncenter size-large is-resized\"><img loading=\"lazy\" decoding=\"async\" src=\"http:\/\/viuresobrerodes.cat\/wp-content\/uploads\/2023\/06\/1687257811670-1024x473.jpg\" alt=\"\" class=\"wp-image-870\" width=\"663\" height=\"305\" srcset=\"https:\/\/viuresobrerodes.cat\/wp-content\/uploads\/2023\/06\/1687257811670-1024x473.jpg 1024w, https:\/\/viuresobrerodes.cat\/wp-content\/uploads\/2023\/06\/1687257811670-300x139.jpg 300w, https:\/\/viuresobrerodes.cat\/wp-content\/uploads\/2023\/06\/1687257811670-768x355.jpg 768w, https:\/\/viuresobrerodes.cat\/wp-content\/uploads\/2023\/06\/1687257811670-1536x709.jpg 1536w, https:\/\/viuresobrerodes.cat\/wp-content\/uploads\/2023\/06\/1687257811670-2048x946.jpg 2048w, https:\/\/viuresobrerodes.cat\/wp-content\/uploads\/2023\/06\/1687257811670-650x300.jpg 650w\" sizes=\"auto, (max-width: 663px) 100vw, 663px\" \/><\/figure>\n<\/div>\n\n<div class=\"wp-block-image\">\n<figure class=\"aligncenter size-large is-resized\"><img loading=\"lazy\" decoding=\"async\" src=\"http:\/\/viuresobrerodes.cat\/wp-content\/uploads\/2023\/06\/1687424072541-1-1024x473.jpg\" alt=\"\" class=\"wp-image-871\" width=\"660\" height=\"305\" srcset=\"https:\/\/viuresobrerodes.cat\/wp-content\/uploads\/2023\/06\/1687424072541-1-1024x473.jpg 1024w, https:\/\/viuresobrerodes.cat\/wp-content\/uploads\/2023\/06\/1687424072541-1-300x139.jpg 300w, https:\/\/viuresobrerodes.cat\/wp-content\/uploads\/2023\/06\/1687424072541-1-768x355.jpg 768w, https:\/\/viuresobrerodes.cat\/wp-content\/uploads\/2023\/06\/1687424072541-1-1536x709.jpg 1536w, https:\/\/viuresobrerodes.cat\/wp-content\/uploads\/2023\/06\/1687424072541-1-2048x946.jpg 2048w, https:\/\/viuresobrerodes.cat\/wp-content\/uploads\/2023\/06\/1687424072541-1-650x300.jpg 650w\" sizes=\"auto, (max-width: 660px) 100vw, 660px\" \/><\/figure>\n<\/div>\n\n\n<p>per\u00f2 sort que no fan al\u00b7l\u00e8rgia\ud83e\udd27!!&#8230; o aix\u00f2 tinc ent\u00e8s \ud83e\udd14. <\/p>\n\n\n\n<p>El 9 de juny, a <strong><a href=\"https:\/\/ca.wikipedia.org\/wiki\/Sant_Climent_de_Llobregat\">Sant Climent del Llobregat<\/a><\/strong> feren el &#8220;<strong><a href=\"https:\/\/z-p15.www.instagram.com\/santgla\/\">Sant Gla visceral<\/a><\/strong>&#8220;. Actuaren nou grups i tots no els pogu\u00e9rem veure, per\u00f2 aquells que vam poder gaudir, ens van agradar molt \ud83d\ude0d\ud83d\ude0d.<\/p>\n\n\n<div class=\"wp-block-image\">\n<figure class=\"aligncenter size-large is-resized\"><img loading=\"lazy\" decoding=\"async\" src=\"http:\/\/viuresobrerodes.cat\/wp-content\/uploads\/2023\/06\/WhatsApp-Image-2023-06-06-at-19.05.51-728x1024.jpeg\" alt=\"\" class=\"wp-image-873\" width=\"400\" height=\"563\" srcset=\"https:\/\/viuresobrerodes.cat\/wp-content\/uploads\/2023\/06\/WhatsApp-Image-2023-06-06-at-19.05.51-728x1024.jpeg 728w, https:\/\/viuresobrerodes.cat\/wp-content\/uploads\/2023\/06\/WhatsApp-Image-2023-06-06-at-19.05.51-213x300.jpeg 213w, https:\/\/viuresobrerodes.cat\/wp-content\/uploads\/2023\/06\/WhatsApp-Image-2023-06-06-at-19.05.51-768x1080.jpeg 768w, https:\/\/viuresobrerodes.cat\/wp-content\/uploads\/2023\/06\/WhatsApp-Image-2023-06-06-at-19.05.51-1092x1536.jpeg 1092w, https:\/\/viuresobrerodes.cat\/wp-content\/uploads\/2023\/06\/WhatsApp-Image-2023-06-06-at-19.05.51.jpeg 1138w\" sizes=\"auto, (max-width: 400px) 100vw, 400px\" \/><\/figure>\n<\/div>\n\n<div class=\"wp-block-image\">\n<figure class=\"aligncenter size-full is-resized\"><img loading=\"lazy\" decoding=\"async\" src=\"http:\/\/viuresobrerodes.cat\/wp-content\/uploads\/2023\/06\/Captura-de-pantalla-2023-06-24-180219.png\" alt=\"\" class=\"wp-image-877\" width=\"400\" height=\"648\"\/><\/figure>\n<\/div>\n\n\n<p>L&#8217;endem\u00e0, el <strong><a href=\"https:\/\/www.facebook.com\/clubsanglascatalunya\/?locale=es_ES\">Club Sanglas<\/a><\/strong>, va organitzar un concurs de dibuix \ud83d\udd8d\ud83d\udd8dper la mainada \ud83d\udc67\ud83d\udc66 de 3 a 12 anys i a l&#8217;ensendem\u00e0 tamb\u00e9 el <strong>Club Sanglas<\/strong>, va organitzar un esmorzar\ud83e\udd53\ud83e\udd69  per a motards \ud83c\udfcd i un recorregut fins a <strong><a href=\"https:\/\/www.femturisme.cat\/ca\/pobles\/cubelles\">Cubelles<\/a><\/strong>. Nosaltres hi vam participar \ud83c\udfcd\ud83c\udfcd\ud83c\udfcd!<\/p>\n\n\n<div class=\"wp-block-image\">\n<figure class=\"aligncenter size-large is-resized\"><img loading=\"lazy\" decoding=\"async\" src=\"http:\/\/viuresobrerodes.cat\/wp-content\/uploads\/2023\/06\/WhatsApp-Image-2023-06-16-at-09.30.54-1024x576.jpeg\" alt=\"\" class=\"wp-image-880\" width=\"637\" height=\"358\" srcset=\"https:\/\/viuresobrerodes.cat\/wp-content\/uploads\/2023\/06\/WhatsApp-Image-2023-06-16-at-09.30.54-1024x576.jpeg 1024w, https:\/\/viuresobrerodes.cat\/wp-content\/uploads\/2023\/06\/WhatsApp-Image-2023-06-16-at-09.30.54-300x169.jpeg 300w, https:\/\/viuresobrerodes.cat\/wp-content\/uploads\/2023\/06\/WhatsApp-Image-2023-06-16-at-09.30.54-768x432.jpeg 768w, https:\/\/viuresobrerodes.cat\/wp-content\/uploads\/2023\/06\/WhatsApp-Image-2023-06-16-at-09.30.54-1536x864.jpeg 1536w, https:\/\/viuresobrerodes.cat\/wp-content\/uploads\/2023\/06\/WhatsApp-Image-2023-06-16-at-09.30.54-533x300.jpeg 533w, https:\/\/viuresobrerodes.cat\/wp-content\/uploads\/2023\/06\/WhatsApp-Image-2023-06-16-at-09.30.54.jpeg 1635w\" sizes=\"auto, (max-width: 637px) 100vw, 637px\" \/><\/figure>\n<\/div>\n\n\n<p>A <strong><a href=\"https:\/\/www.femturisme.cat\/ca\/pobles\/cubelles\">Cubelles<\/a><\/strong> ens vam prendre una cervesa \ud83c\udf7b i cadasc\u00fa va marxar per lliure cap a casa \ud83c\udfcd\ud83c\udfcd.Tot plegat va fer que fos un bon cap de setmana.<\/p>\n\n\n<div class=\"wp-block-image\">\n<figure class=\"aligncenter size-large is-resized\"><img loading=\"lazy\" decoding=\"async\" src=\"http:\/\/viuresobrerodes.cat\/wp-content\/uploads\/2023\/06\/WhatsApp-Image-2023-06-16-at-09.29.26-3-1024x768.jpeg\" alt=\"\" class=\"wp-image-883\" width=\"438\" height=\"328\" srcset=\"https:\/\/viuresobrerodes.cat\/wp-content\/uploads\/2023\/06\/WhatsApp-Image-2023-06-16-at-09.29.26-3-1024x768.jpeg 1024w, https:\/\/viuresobrerodes.cat\/wp-content\/uploads\/2023\/06\/WhatsApp-Image-2023-06-16-at-09.29.26-3-300x225.jpeg 300w, https:\/\/viuresobrerodes.cat\/wp-content\/uploads\/2023\/06\/WhatsApp-Image-2023-06-16-at-09.29.26-3-768x576.jpeg 768w, https:\/\/viuresobrerodes.cat\/wp-content\/uploads\/2023\/06\/WhatsApp-Image-2023-06-16-at-09.29.26-3-1536x1152.jpeg 1536w, https:\/\/viuresobrerodes.cat\/wp-content\/uploads\/2023\/06\/WhatsApp-Image-2023-06-16-at-09.29.26-3-400x300.jpeg 400w, https:\/\/viuresobrerodes.cat\/wp-content\/uploads\/2023\/06\/WhatsApp-Image-2023-06-16-at-09.29.26-3.jpeg 2048w\" sizes=\"auto, (max-width: 438px) 100vw, 438px\" \/><\/figure>\n<\/div>\n\n<div class=\"wp-block-image\">\n<figure class=\"aligncenter size-large is-resized\"><img loading=\"lazy\" decoding=\"async\" src=\"http:\/\/viuresobrerodes.cat\/wp-content\/uploads\/2023\/06\/WhatsApp-Image-2023-06-16-at-09.29.26-2-1024x768.jpeg\" alt=\"\" class=\"wp-image-882\" width=\"451\" height=\"339\" srcset=\"https:\/\/viuresobrerodes.cat\/wp-content\/uploads\/2023\/06\/WhatsApp-Image-2023-06-16-at-09.29.26-2-1024x768.jpeg 1024w, https:\/\/viuresobrerodes.cat\/wp-content\/uploads\/2023\/06\/WhatsApp-Image-2023-06-16-at-09.29.26-2-300x225.jpeg 300w, https:\/\/viuresobrerodes.cat\/wp-content\/uploads\/2023\/06\/WhatsApp-Image-2023-06-16-at-09.29.26-2-768x576.jpeg 768w, https:\/\/viuresobrerodes.cat\/wp-content\/uploads\/2023\/06\/WhatsApp-Image-2023-06-16-at-09.29.26-2-1536x1152.jpeg 1536w, https:\/\/viuresobrerodes.cat\/wp-content\/uploads\/2023\/06\/WhatsApp-Image-2023-06-16-at-09.29.26-2-400x300.jpeg 400w, https:\/\/viuresobrerodes.cat\/wp-content\/uploads\/2023\/06\/WhatsApp-Image-2023-06-16-at-09.29.26-2.jpeg 2048w\" sizes=\"auto, (max-width: 451px) 100vw, 451px\" \/><\/figure>\n<\/div>","protected":false},"excerpt":{"rendered":"<p>Quan som al Baix Llobregat, ens estacionem \ud83d\ude90 a prop de l&#8217;escola on va l&#8217;A \ud83d\udc67. Ens agrada el lloc, pels ve\u00efns que s\u00f3n molt agradables amb nosaltres, per la proximitat amb l&#8217;escola, pel terreny que \u00e9s pla i perqu\u00e8 estem sota l&#8217;ombra d&#8217;uns arbres molt bonics, el seu nom cient\u00edfic \u00e9s: Tipuana tipus (Benth.) [&hellip;]<\/p>\n","protected":false},"author":1,"featured_media":868,"comment_status":"open","ping_status":"open","sticky":false,"template":"","format":"standard","meta":{"_jetpack_memberships_contains_paid_content":false,"footnotes":""},"categories":[4,5],"tags":[130,82,132,133,68,126,128,127,131,134,129],"class_list":["post-867","post","type-post","status-publish","format-standard","has-post-thumbnail","hentry","category-autocaravana","category-motocicleta","tag-a-tabalades","tag-baix-llobregat","tag-club-sanglas","tag-cubelles","tag-la-noguera","tag-sant-climent-del-llobregat","tag-sant-gla-dones","tag-sant-gla-visceral","tag-sons-de-vidre","tag-tocats-del-so","tag-vibraccions"],"jetpack_featured_media_url":"https:\/\/viuresobrerodes.cat\/wp-content\/uploads\/2023\/06\/WhatsApp-Image-2023-06-20-at-09.50.48.jpeg","jetpack_sharing_enabled":true,"_links":{"self":[{"href":"https:\/\/viuresobrerodes.cat\/index.php?rest_route=\/wp\/v2\/posts\/867","targetHints":{"allow":["GET"]}}],"collection":[{"href":"https:\/\/viuresobrerodes.cat\/index.php?rest_route=\/wp\/v2\/posts"}],"about":[{"href":"https:\/\/viuresobrerodes.cat\/index.php?rest_route=\/wp\/v2\/types\/post"}],"author":[{"embeddable":true,"href":"https:\/\/viuresobrerodes.cat\/index.php?rest_route=\/wp\/v2\/users\/1"}],"replies":[{"embeddable":true,"href":"https:\/\/viuresobrerodes.cat\/index.php?rest_route=%2Fwp%2Fv2%2Fcomments&post=867"}],"version-history":[{"count":12,"href":"https:\/\/viuresobrerodes.cat\/index.php?rest_route=\/wp\/v2\/posts\/867\/revisions"}],"predecessor-version":[{"id":890,"href":"https:\/\/viuresobrerodes.cat\/index.php?rest_route=\/wp\/v2\/posts\/867\/revisions\/890"}],"wp:featuredmedia":[{"embeddable":true,"href":"https:\/\/viuresobrerodes.cat\/index.php?rest_route=\/wp\/v2\/media\/868"}],"wp:attachment":[{"href":"https:\/\/viuresobrerodes.cat\/index.php?rest_route=%2Fwp%2Fv2%2Fmedia&parent=867"}],"wp:term":[{"taxonomy":"category","embeddable":true,"href":"https:\/\/viuresobrerodes.cat\/index.php?rest_route=%2Fwp%2Fv2%2Fcategories&post=867"},{"taxonomy":"post_tag","embeddable":true,"href":"https:\/\/viuresobrerodes.cat\/index.php?rest_route=%2Fwp%2Fv2%2Ftags&post=867"}],"curies":[{"name":"wp","href":"https:\/\/api.w.org\/{rel}","templated":true}]}}