{"id":892,"date":"2023-07-08T18:54:21","date_gmt":"2023-07-08T18:54:21","guid":{"rendered":"https:\/\/viuresobrerodes.cat\/?p=892"},"modified":"2023-07-08T19:03:18","modified_gmt":"2023-07-08T19:03:18","slug":"feina-i-amics-del-nord-amics-del-sud","status":"publish","type":"post","link":"https:\/\/viuresobrerodes.cat\/?p=892","title":{"rendered":"Feina i&#8230; amics del nord, amics del sud&#8230;"},"content":{"rendered":"\n<p>Torn\u00e0rem a fer una ruta de cinc dies barrejant feina i plaer\ud83d\ude90\ud83c\udfcd .<br>Sort\u00edrem \ud83d\ude90 del <strong>Baix Llobregat<\/strong> un dia abans, del que ten\u00edem previst, ja que vam haver de tornar a <strong>la<\/strong> <strong>Noguera<\/strong>, ens hav\u00edem deixat el carregador del port\u00e0til del Miquel \ud83e\udd26\u200d\u2640\ufe0f\u2026 i au cap a casa!\u2026 I de bon mat\u00ed inici\u00e0rem cam\u00ed \ud83d\ude90 cap a <strong><a href=\"https:\/\/www.turismeriberaebre.org\/municipi\/mora-debre\/\">Mora d&#8217;Ebre<\/a><\/strong>. <\/p>\n\n\n<div class=\"wp-block-image\">\n<figure class=\"aligncenter size-large is-resized\"><img loading=\"lazy\" decoding=\"async\" src=\"http:\/\/viuresobrerodes.cat\/wp-content\/uploads\/2023\/07\/IMG_20230628_105050-1024x473.jpg\" alt=\"\" class=\"wp-image-896\" width=\"693\" height=\"320\" srcset=\"https:\/\/viuresobrerodes.cat\/wp-content\/uploads\/2023\/07\/IMG_20230628_105050-1024x473.jpg 1024w, https:\/\/viuresobrerodes.cat\/wp-content\/uploads\/2023\/07\/IMG_20230628_105050-300x139.jpg 300w, https:\/\/viuresobrerodes.cat\/wp-content\/uploads\/2023\/07\/IMG_20230628_105050-768x355.jpg 768w, https:\/\/viuresobrerodes.cat\/wp-content\/uploads\/2023\/07\/IMG_20230628_105050-1536x709.jpg 1536w, https:\/\/viuresobrerodes.cat\/wp-content\/uploads\/2023\/07\/IMG_20230628_105050-2048x946.jpg 2048w, https:\/\/viuresobrerodes.cat\/wp-content\/uploads\/2023\/07\/IMG_20230628_105050-650x300.jpg 650w\" sizes=\"auto, (max-width: 693px) 100vw, 693px\" \/><\/figure>\n<\/div>\n\n\n<p>Amb la feina feta \ud83d\udcbc i esmorzats \ud83e\udd6a, cap a <strong><a href=\"https:\/\/www.reusturisme.cat\/\">Reus<\/a><\/strong>!, a prop d&#8217;on an\u00e0vem, sent\u00edrem m\u00fasica \ud83c\udfb7 i ens top\u00e0rem en el moment de la recollida de l&#8217;\u00c0liga i els Nanos a l&#8217;Ajuntament\u2026<\/p>\n\n\n<div class=\"wp-block-image\">\n<figure class=\"aligncenter size-large is-resized\"><img loading=\"lazy\" decoding=\"async\" src=\"http:\/\/viuresobrerodes.cat\/wp-content\/uploads\/2023\/07\/IMG_20230628_130007-1024x473.jpg\" alt=\"\" class=\"wp-image-898\" width=\"695\" height=\"321\" srcset=\"https:\/\/viuresobrerodes.cat\/wp-content\/uploads\/2023\/07\/IMG_20230628_130007-1024x473.jpg 1024w, https:\/\/viuresobrerodes.cat\/wp-content\/uploads\/2023\/07\/IMG_20230628_130007-300x139.jpg 300w, https:\/\/viuresobrerodes.cat\/wp-content\/uploads\/2023\/07\/IMG_20230628_130007-768x355.jpg 768w, https:\/\/viuresobrerodes.cat\/wp-content\/uploads\/2023\/07\/IMG_20230628_130007-1536x709.jpg 1536w, https:\/\/viuresobrerodes.cat\/wp-content\/uploads\/2023\/07\/IMG_20230628_130007-2048x946.jpg 2048w, https:\/\/viuresobrerodes.cat\/wp-content\/uploads\/2023\/07\/IMG_20230628_130007-650x300.jpg 650w\" sizes=\"auto, (max-width: 695px) 100vw, 695px\" \/><\/figure>\n<\/div>\n\n\n<p>els Gegants ja eren dins i \u00e9s que era l&#8217;inici de la <strong><a href=\"https:\/\/www.reus.cat\/agenda\/sant-pere-2023-toc-de-festa-i-cercavila-dels-gegants-els-nanos-i-laliga\">festa de Sant Pere<\/a><\/strong>, amb el Toc de Festa i Cercavila dels Gegants, els Nanos i l&#8217;\u00c0liga. Vam arribar tard per veure-ho tot, per\u00f2 vaig entrar a l&#8217;Ajuntament&#8230;<\/p>\n\n\n\n<div class=\"wp-block-columns is-layout-flex wp-container-core-columns-is-layout-9d6595d7 wp-block-columns-is-layout-flex\">\n<div class=\"wp-block-column is-layout-flow wp-block-column-is-layout-flow\" style=\"flex-basis:100%\"><div class=\"wp-block-image\">\n<figure class=\"alignright size-large is-resized\"><img loading=\"lazy\" decoding=\"async\" src=\"http:\/\/viuresobrerodes.cat\/wp-content\/uploads\/2023\/07\/IMG_20230628_130438-473x1024.jpg\" alt=\"\" class=\"wp-image-901\" width=\"341\" height=\"740\" srcset=\"https:\/\/viuresobrerodes.cat\/wp-content\/uploads\/2023\/07\/IMG_20230628_130438-709x1536.jpg 709w, https:\/\/viuresobrerodes.cat\/wp-content\/uploads\/2023\/07\/IMG_20230628_130438-scaled.jpg 1182w\" sizes=\"auto, (max-width: 341px) 100vw, 341px\" \/><\/figure>\n<\/div>\n\n<div class=\"wp-block-image\">\n<figure class=\"alignleft size-large is-resized\"><img loading=\"lazy\" decoding=\"async\" src=\"http:\/\/viuresobrerodes.cat\/wp-content\/uploads\/2023\/07\/IMG_20230628_130415-473x1024.jpg\" alt=\"\" class=\"wp-image-899\" width=\"340\" height=\"737\" srcset=\"https:\/\/viuresobrerodes.cat\/wp-content\/uploads\/2023\/07\/IMG_20230628_130415-473x1024.jpg 473w, https:\/\/viuresobrerodes.cat\/wp-content\/uploads\/2023\/07\/IMG_20230628_130415-139x300.jpg 139w, https:\/\/viuresobrerodes.cat\/wp-content\/uploads\/2023\/07\/IMG_20230628_130415-768x1663.jpg 768w, https:\/\/viuresobrerodes.cat\/wp-content\/uploads\/2023\/07\/IMG_20230628_130415-709x1536.jpg 709w, https:\/\/viuresobrerodes.cat\/wp-content\/uploads\/2023\/07\/IMG_20230628_130415-946x2048.jpg 946w, https:\/\/viuresobrerodes.cat\/wp-content\/uploads\/2023\/07\/IMG_20230628_130415-scaled.jpg 1182w\" sizes=\"auto, (max-width: 340px) 100vw, 340px\" \/><\/figure>\n<\/div><\/div>\n<\/div>\n\n\n\n<p>A <strong><a href=\"https:\/\/www.reusturisme.cat\/\">Reus<\/a><\/strong>, com an\u00e0vem per feina, no pogu\u00e9rem fer una gran visita, per\u00f2 per all\u00e0 on an\u00e0rem, jo anava fotografiant tot all\u00f2 que em cridava l&#8217;atenci\u00f3.<\/p>\n\n\n\n<div class=\"wp-block-columns is-layout-flex wp-container-core-columns-is-layout-9d6595d7 wp-block-columns-is-layout-flex\">\n<div class=\"wp-block-column is-layout-flow wp-block-column-is-layout-flow\" style=\"flex-basis:100%\"><div class=\"wp-block-image\">\n<figure class=\"alignleft size-large is-resized\"><img loading=\"lazy\" decoding=\"async\" src=\"http:\/\/viuresobrerodes.cat\/wp-content\/uploads\/2023\/07\/IMG_20230628_130856-473x1024.jpg\" alt=\"\" class=\"wp-image-903\" width=\"378\" height=\"818\" srcset=\"https:\/\/viuresobrerodes.cat\/wp-content\/uploads\/2023\/07\/IMG_20230628_130856-473x1024.jpg 473w, https:\/\/viuresobrerodes.cat\/wp-content\/uploads\/2023\/07\/IMG_20230628_130856-139x300.jpg 139w, https:\/\/viuresobrerodes.cat\/wp-content\/uploads\/2023\/07\/IMG_20230628_130856-768x1663.jpg 768w, https:\/\/viuresobrerodes.cat\/wp-content\/uploads\/2023\/07\/IMG_20230628_130856-709x1536.jpg 709w, https:\/\/viuresobrerodes.cat\/wp-content\/uploads\/2023\/07\/IMG_20230628_130856-946x2048.jpg 946w, https:\/\/viuresobrerodes.cat\/wp-content\/uploads\/2023\/07\/IMG_20230628_130856-scaled.jpg 1182w\" sizes=\"auto, (max-width: 378px) 100vw, 378px\" \/><\/figure>\n<\/div>\n\n<div class=\"wp-block-image\">\n<figure class=\"alignright size-large is-resized\"><img loading=\"lazy\" decoding=\"async\" src=\"http:\/\/viuresobrerodes.cat\/wp-content\/uploads\/2023\/07\/IMG_20230628_130929-473x1024.jpg\" alt=\"\" class=\"wp-image-904\" width=\"375\" height=\"815\"\/><\/figure>\n<\/div><\/div>\n<\/div>\n\n\n\n<p>La seg\u00fcent visita, era <strong><a href=\"https:\/\/www.festacatalunya.cat\/poblacions-fitxa_poblacio-4317850006-cat-vinyols_i_els_arcs.htm\">Vinyols i els Arcs<\/a><\/strong>, va ser r\u00e0pida\u2026 i com que la pr\u00f2xima era a <strong><a href=\"https:\/\/ca.wikipedia.org\/wiki\/Cambrils\">Cambrils<\/a><\/strong>, f\u00e9rem cam\u00ed \ud83d\ude90 per trobar un aparcament per dinar \ud83c\udf7d. <\/p>\n\n\n<div class=\"wp-block-image\">\n<figure class=\"aligncenter size-large is-resized\"><img loading=\"lazy\" decoding=\"async\" src=\"http:\/\/viuresobrerodes.cat\/wp-content\/uploads\/2023\/07\/IMG_20230628_165239-1024x473.jpg\" alt=\"\" class=\"wp-image-906\" width=\"687\" height=\"317\" srcset=\"https:\/\/viuresobrerodes.cat\/wp-content\/uploads\/2023\/07\/IMG_20230628_165239-1024x473.jpg 1024w, https:\/\/viuresobrerodes.cat\/wp-content\/uploads\/2023\/07\/IMG_20230628_165239-300x139.jpg 300w, https:\/\/viuresobrerodes.cat\/wp-content\/uploads\/2023\/07\/IMG_20230628_165239-768x355.jpg 768w, https:\/\/viuresobrerodes.cat\/wp-content\/uploads\/2023\/07\/IMG_20230628_165239-1536x709.jpg 1536w, https:\/\/viuresobrerodes.cat\/wp-content\/uploads\/2023\/07\/IMG_20230628_165239-2048x946.jpg 2048w, https:\/\/viuresobrerodes.cat\/wp-content\/uploads\/2023\/07\/IMG_20230628_165239-650x300.jpg 650w\" sizes=\"auto, (max-width: 687px) 100vw, 687px\" \/><\/figure>\n<\/div>\n\n\n<p>El trob\u00e0rem f\u00e0cilment, en un descampat pla molt gran, amb una mica d&#8217;ombra.<br>He d&#8217;afegir qu\u00e8, de set clients que el Miquel va visitar \ud83d\udcbc, nom\u00e9s vam haver d&#8217;aparcar en zona blava en dos. Els altres aparcaments van ser gratu\u00efts.<br>Una vegada el client visitat, va tocar anar a<strong><a href=\"https:\/\/www.catalunya.com\/amposta-2-1-430141?language=es\"> Amposta<\/a><\/strong> a fer l&#8217;\u00faltim \ud83d\udcbc, i&#8230;<\/p>\n\n\n<div class=\"wp-block-image\">\n<figure class=\"aligncenter size-large is-resized\"><img loading=\"lazy\" decoding=\"async\" src=\"http:\/\/viuresobrerodes.cat\/wp-content\/uploads\/2023\/07\/IMG_20230628_182740-1024x473.jpg\" alt=\"\" class=\"wp-image-907\" width=\"686\" height=\"317\" srcset=\"https:\/\/viuresobrerodes.cat\/wp-content\/uploads\/2023\/07\/IMG_20230628_182740-1024x473.jpg 1024w, https:\/\/viuresobrerodes.cat\/wp-content\/uploads\/2023\/07\/IMG_20230628_182740-300x139.jpg 300w, https:\/\/viuresobrerodes.cat\/wp-content\/uploads\/2023\/07\/IMG_20230628_182740-768x355.jpg 768w, https:\/\/viuresobrerodes.cat\/wp-content\/uploads\/2023\/07\/IMG_20230628_182740-1536x709.jpg 1536w, https:\/\/viuresobrerodes.cat\/wp-content\/uploads\/2023\/07\/IMG_20230628_182740-2048x946.jpg 2048w, https:\/\/viuresobrerodes.cat\/wp-content\/uploads\/2023\/07\/IMG_20230628_182740-650x300.jpg 650w\" sizes=\"auto, (max-width: 686px) 100vw, 686px\" \/><\/figure>\n<\/div>\n\n\n<p>Inici\u00e0rem la part de plaer de la ruta\ud83d\udc96. <\/p>\n\n\n\n<p>Sopar \ud83e\udd6e\ud83d\ude0b a casa de la Jusi i el Batis a <strong><a href=\"https:\/\/www.catalunya.com\/alcanar-2-1-430043?language=es\">Alcanar<\/a><\/strong>. Vam pernoctar davant de la torre on viuen \ud83d\ude90\ud83c\udfe1 . <\/p>\n\n\n\n<p>Al mat\u00ed, despr\u00e9s d&#8217;esmorzar \u2615, ens acomiad\u00e0rem de la Jusi i el Batis, per seguidament anar a l&#8217;<strong><a href=\"https:\/\/www.carlostercero.com\/ca\">Hotel Carles III<\/a><\/strong>, on ens hav\u00edem de trobar amb els altres amics per celebrar \ud83e\udd73 el 70 aniversari \ud83c\udf82 d&#8217;en Rafa \ud83d\udc51! Deix\u00e0rem la <strong><a href=\"https:\/\/z-p15.www.instagram.com\/tv\/CeXHZVdrndi\/?utm_source=ig_web_copy_link\">Mussi<\/a><\/strong> \ud83d\ude90 al p\u00e0rquing de l&#8217;hotel, i an\u00e0rem amb el Jaume a <strong><a href=\"https:\/\/ca.wikipedia.org\/wiki\/Sa_R%C3%A0pita\">la R\u00e0pita<\/a><\/strong>, primer a buscar el past\u00eds \ud83c\udf82 a la <strong><a href=\"https:\/\/larapitavip.com\/index.php\/item\/pastisseria-masdeu\/\">Pastisseria Masdeu<\/a><\/strong> i despr\u00e9s al restaurant <strong><a href=\"https:\/\/www.google.com\/maps\/place\/Casa+Ramon+Marin%C3%A9s\/@40.618864,0.5918445,17z\/data=!3m1!4b1!4m14!1m7!3m6!1s0x12a0554f2733b6e5:0x3d53356b4471a9a0!2sCasa+Ramon+Marin%C3%A9s!8m2!3d40.61886!4d0.5944194!16s%2Fg%2F11b6grzszt!3m5!1s0x12a0554f2733b6e5:0x3d53356b4471a9a0!8m2!3d40.61886!4d0.5944194!16s%2Fg%2F11b6grzszt?entry=ttu\">Casa Ramon Marin\u00e9s<\/a><\/strong> \ud83c\udf64, on hav\u00edem de fer el dinar celebraci\u00f3. <\/p>\n\n\n\n<p>El Jaume, la Pilar, el Jordi i la Mari Carme ja ho tenien tot enllestit\ud83c\udf88\ud83c\udf88 , s\u00f3n unes m\u00e0quines! <\/p>\n\n\n<div class=\"wp-block-image\">\n<figure class=\"aligncenter size-large is-resized\"><img loading=\"lazy\" decoding=\"async\" src=\"http:\/\/viuresobrerodes.cat\/wp-content\/uploads\/2023\/07\/IMG_20230629_133400-1024x473.jpg\" alt=\"\" class=\"wp-image-908\" width=\"704\" height=\"325\" srcset=\"https:\/\/viuresobrerodes.cat\/wp-content\/uploads\/2023\/07\/IMG_20230629_133400-1024x473.jpg 1024w, https:\/\/viuresobrerodes.cat\/wp-content\/uploads\/2023\/07\/IMG_20230629_133400-300x139.jpg 300w, https:\/\/viuresobrerodes.cat\/wp-content\/uploads\/2023\/07\/IMG_20230629_133400-768x355.jpg 768w, https:\/\/viuresobrerodes.cat\/wp-content\/uploads\/2023\/07\/IMG_20230629_133400-1536x709.jpg 1536w, https:\/\/viuresobrerodes.cat\/wp-content\/uploads\/2023\/07\/IMG_20230629_133400-2048x946.jpg 2048w, https:\/\/viuresobrerodes.cat\/wp-content\/uploads\/2023\/07\/IMG_20230629_133400-650x300.jpg 650w\" sizes=\"auto, (max-width: 704px) 100vw, 704px\" \/><\/figure>\n<\/div>\n\n\n<p>Va anar arribant tothom, nosaltres, el Juanfra, la Feli, el Josep Maria, la Carme, les dues germanes del Rafa, la Provi i la Rosa, uns altres amics de la Maria Ant\u00f2nia, la Maru i el seu marit\u2026 i nom\u00e9s faltaven la Flor, el seu marit, la Maria Ant\u00f2nia i el Rafa\ud83d\udc51  que havien d&#8217;arribar a les 14 h.<br>Ens ho hav\u00edem passat molt b\u00e9 des de feia molts dies preparant-ho tot\ud83c\udf88\ud83c\udf81\ud83c\udf64\ud83e\udd58, vigilant que ell no s&#8217;adon\u00e9s de res \ud83d\ude07 i el resultat va ser magn\u00edfic!\ud83e\udd29, tot plegat, el dinar \ud83e\uddaa i despr\u00e9s el bany a la piscina\ud83c\udfca\u200d\u2640\ufe0f , el sopar\ud83c\udf72 , l&#8217;esmorzar\u2615\u2026 i encara que a nosaltres la feina\ud83d\udcbc ens reclamava i no pogu\u00e9rem fer un altre bany a la piscina o al mar, penso que va sortir tot rod\u00f3\ud83e\udd29.<br>Deix\u00e0rem els amics a l&#8217;hotel Carles III per anar a Tortosa, on un client esperava al Miquel.<\/p>\n\n\n\n<p>Abans d&#8217;abandonar la zona, ten\u00edem previst visitar el <strong><a href=\"https:\/\/www.poblevell.cat\/ca\/indexca.php\">Poble Vell de Corbera d&#8217;Ebre<\/a><\/strong>, el Miquel ja hi havia estat i considera que \u00e9s una visita imprescindible.<br>Despr\u00e9s de dinar\ud83e\udd57\ud83e\udd69  al p\u00e0rquing de <strong><a href=\"https:\/\/ca.wikipedia.org\/wiki\/Corbera_d%27Ebre\">Corbera d&#8217;Ebre<\/a><\/strong><\/p>\n\n\n<div class=\"wp-block-image\">\n<figure class=\"aligncenter size-large is-resized\"><img loading=\"lazy\" decoding=\"async\" src=\"http:\/\/viuresobrerodes.cat\/wp-content\/uploads\/2023\/07\/IMG_20230630_164751-1024x473.jpg\" alt=\"\" class=\"wp-image-910\" width=\"696\" height=\"321\" srcset=\"https:\/\/viuresobrerodes.cat\/wp-content\/uploads\/2023\/07\/IMG_20230630_164751-1024x473.jpg 1024w, https:\/\/viuresobrerodes.cat\/wp-content\/uploads\/2023\/07\/IMG_20230630_164751-300x139.jpg 300w, https:\/\/viuresobrerodes.cat\/wp-content\/uploads\/2023\/07\/IMG_20230630_164751-768x355.jpg 768w, https:\/\/viuresobrerodes.cat\/wp-content\/uploads\/2023\/07\/IMG_20230630_164751-1536x709.jpg 1536w, https:\/\/viuresobrerodes.cat\/wp-content\/uploads\/2023\/07\/IMG_20230630_164751-2048x946.jpg 2048w, https:\/\/viuresobrerodes.cat\/wp-content\/uploads\/2023\/07\/IMG_20230630_164751-650x300.jpg 650w\" sizes=\"auto, (max-width: 696px) 100vw, 696px\" \/><\/figure>\n<\/div>\n\n<div class=\"wp-block-image\">\n<figure class=\"aligncenter size-large is-resized\"><img loading=\"lazy\" decoding=\"async\" src=\"http:\/\/viuresobrerodes.cat\/wp-content\/uploads\/2023\/07\/IMG_20230630_164928-1024x473.jpg\" alt=\"\" class=\"wp-image-909\" width=\"693\" height=\"320\" srcset=\"https:\/\/viuresobrerodes.cat\/wp-content\/uploads\/2023\/07\/IMG_20230630_164928-1024x473.jpg 1024w, https:\/\/viuresobrerodes.cat\/wp-content\/uploads\/2023\/07\/IMG_20230630_164928-300x139.jpg 300w, https:\/\/viuresobrerodes.cat\/wp-content\/uploads\/2023\/07\/IMG_20230630_164928-768x355.jpg 768w, https:\/\/viuresobrerodes.cat\/wp-content\/uploads\/2023\/07\/IMG_20230630_164928-1536x709.jpg 1536w, https:\/\/viuresobrerodes.cat\/wp-content\/uploads\/2023\/07\/IMG_20230630_164928-2048x946.jpg 2048w, https:\/\/viuresobrerodes.cat\/wp-content\/uploads\/2023\/07\/IMG_20230630_164928-650x300.jpg 650w\" sizes=\"auto, (max-width: 693px) 100vw, 693px\" \/><\/figure>\n<\/div>\n\n\n<p> i de visitar el poble vell, que no tingu\u00e9rem massa sort \ud83d\ude14, a les tardes no obren l&#8217;esgl\u00e9sia i nom\u00e9s pogu\u00e9rem fer un tomb \ud83d\udeb6\u200d\u2640\ufe0f\ud83d\udeb6\u200d\u2642\ufe0f sense guia que ens expliqu\u00e9s la hist\u00f2ria d&#8217;aquells carrers i cases. Caldr\u00e0 completar la visita, oi?\ud83e\udd29<\/p>\n\n\n<div class=\"wp-block-image\">\n<figure class=\"aligncenter size-large is-resized\"><img loading=\"lazy\" decoding=\"async\" src=\"http:\/\/viuresobrerodes.cat\/wp-content\/uploads\/2023\/07\/IMG_20230630_181842-1024x472.jpg\" alt=\"\" class=\"wp-image-911\" width=\"731\" height=\"337\" srcset=\"https:\/\/viuresobrerodes.cat\/wp-content\/uploads\/2023\/07\/IMG_20230630_181842-1024x472.jpg 1024w, https:\/\/viuresobrerodes.cat\/wp-content\/uploads\/2023\/07\/IMG_20230630_181842-300x138.jpg 300w, https:\/\/viuresobrerodes.cat\/wp-content\/uploads\/2023\/07\/IMG_20230630_181842-768x354.jpg 768w, https:\/\/viuresobrerodes.cat\/wp-content\/uploads\/2023\/07\/IMG_20230630_181842-1536x708.jpg 1536w, https:\/\/viuresobrerodes.cat\/wp-content\/uploads\/2023\/07\/IMG_20230630_181842-2048x944.jpg 2048w, https:\/\/viuresobrerodes.cat\/wp-content\/uploads\/2023\/07\/IMG_20230630_181842-651x300.jpg 651w\" sizes=\"auto, (max-width: 731px) 100vw, 731px\" \/><\/figure>\n<\/div>\n\n<div class=\"wp-block-image\">\n<figure class=\"alignright size-large is-resized\"><img loading=\"lazy\" decoding=\"async\" src=\"http:\/\/viuresobrerodes.cat\/wp-content\/uploads\/2023\/07\/IMG_20230630_184159-1-473x1024.jpg\" alt=\"\" class=\"wp-image-913\" width=\"372\" height=\"806\" srcset=\"https:\/\/viuresobrerodes.cat\/wp-content\/uploads\/2023\/07\/IMG_20230630_184159-1-473x1024.jpg 473w, https:\/\/viuresobrerodes.cat\/wp-content\/uploads\/2023\/07\/IMG_20230630_184159-1-139x300.jpg 139w, https:\/\/viuresobrerodes.cat\/wp-content\/uploads\/2023\/07\/IMG_20230630_184159-1-768x1663.jpg 768w, https:\/\/viuresobrerodes.cat\/wp-content\/uploads\/2023\/07\/IMG_20230630_184159-1-709x1536.jpg 709w, https:\/\/viuresobrerodes.cat\/wp-content\/uploads\/2023\/07\/IMG_20230630_184159-1-946x2048.jpg 946w, https:\/\/viuresobrerodes.cat\/wp-content\/uploads\/2023\/07\/IMG_20230630_184159-1-scaled.jpg 1182w\" sizes=\"auto, (max-width: 372px) 100vw, 372px\" \/><\/figure>\n<\/div>\n\n\n<figure class=\"wp-block-image size-large is-resized\"><img loading=\"lazy\" decoding=\"async\" src=\"http:\/\/viuresobrerodes.cat\/wp-content\/uploads\/2023\/07\/IMG_20230630_181612-473x1024.jpg\" alt=\"\" class=\"wp-image-912\" width=\"377\" height=\"818\" srcset=\"https:\/\/viuresobrerodes.cat\/wp-content\/uploads\/2023\/07\/IMG_20230630_181612-709x1536.jpg 709w, https:\/\/viuresobrerodes.cat\/wp-content\/uploads\/2023\/07\/IMG_20230630_181612-scaled.jpg 1182w\" sizes=\"auto, (max-width: 377px) 100vw, 377px\" \/><\/figure>\n\n\n\n<p>Vam tornar a la carretera\ud83d\ude90.  Dest\u00ed a l&#8217;<strong><a href=\"https:\/\/www.areasac.es\/santa-margarida-i-els-monjos\/barcelona\/santa-margarida-i-els-monjos_7775_1_ap.html\">\u00e0rea d&#8217;autocaravanes<\/a><\/strong> de <strong><a href=\"https:\/\/turismesmmonjos.cat\/\">Santa Margalida i els Monjos<\/a><\/strong>, on sop\u00e0rem a <strong><a href=\"https:\/\/elracodelacigonya.com\/\">El rac\u00f3 de la cigonya<\/a><\/strong>, hi tornarem, ens van agradar molt tant les pizzes \ud83c\udf55 com el tracte del personal.<br>Pernoct\u00e0rem \ud83d\udecc a l&#8217;\u00e0rea d&#8217;autocaravanes i despr\u00e9s d&#8217;esmorzar an\u00e0rem amb <strong><a href=\"https:\/\/viuresobrerodes.cat\/?p=523\">moto<\/a><\/strong> a <strong><a href=\"https:\/\/www.catalunya.com\/vilafranca-del-penedes-2-1-83054?language=ca\">Vilafranca del Pened\u00e8s<\/a><\/strong>, a casa de la Maria i del Josep. Hi havia tamb\u00e9 la mare de la Maria \ud83e\uddd3 amb la qual ja hem coincidit altres vegades i \u00e9s tot un plaer barrejat amb l&#8217;enveja (nosaltres ja no tenim a la mare) i del desig d&#8217;arribar a ser com ella\ud83d\udc96.<\/p>\n\n\n\n<p>Va  ser un cap de setmana de feina i familiar. Com dissabte \u00e9s dia de mercat, an\u00e0rem a firar-nos\ud83c\udf45\ud83e\udd66 , i ho f\u00e9rem. Amb nosaltres tres venia tamb\u00e9 l&#8217;Elena, amiga de la Maria (per extensi\u00f3, tamb\u00e9 nostra). Despr\u00e9s de deixar tot el que compr\u00e0rem al pis de l&#8217;Elena\ud83d\udecd , an\u00e0rem a dinar a <strong><a href=\"https:\/\/nicelocal.es\/cataluna\/restaurants\/bar_de_la_neus\/\">El bar de la Neus<\/a><\/strong> on es van afegir el Josep i el Miquel.<br>La tarda el Miquel la va passar treballant\ud83d\udc68\u200d\ud83d\udcbb, nosaltres tres xerrant \ud83d\udc81\u200d\u2640\ufe0f\u2026 Sop\u00e0rem a casa seva i amb la <strong>moto<\/strong>, torn\u00e0rem a la <strong>Mussi<\/strong>. Al mat\u00ed abans d&#8217;anar a casa del Josep i la Maria, f\u00e9rem una volta\ud83d\udeb6\u200d\u2642\ufe0f\ud83d\udeb6\u200d\u2640\ufe0f  pel mercat, i cap a <strong>Vilafranca<\/strong>!\u2026 Tot treballant \ud83d\udc68\u200d\ud83d\udcbb i xerrant\ud83d\udc81\u200d\u2640\ufe0f , ja era diumenge a la tarda, calia acomiadar-nos, anar a buscar la <strong>Mussi<\/strong> a <strong>Santa Margarida i els Monjos<\/strong>, preparar-la&nbsp;\ud83d\udeb0\ud83d\udebd , penjar la moto i preparar-nos per marxar cap al <strong>Baix Llobregat<\/strong>\u2026<br>Aix\u00ed ens van passar aquests cinc dies\u2026 I aix\u00ed comen\u00e7\u00e0rem l&#8217;estiu del 23.<\/p>\n","protected":false},"excerpt":{"rendered":"<p>Torn\u00e0rem a fer una ruta de cinc dies barrejant feina i plaer\ud83d\ude90\ud83c\udfcd .Sort\u00edrem \ud83d\ude90 del Baix Llobregat un dia abans, del que ten\u00edem previst, ja que vam haver de tornar a la Noguera, ens hav\u00edem deixat el carregador del port\u00e0til del Miquel \ud83e\udd26\u200d\u2640\ufe0f\u2026 i au cap a casa!\u2026 I de bon mat\u00ed inici\u00e0rem cam\u00ed \ud83d\ude90 [&hellip;]<\/p>\n","protected":false},"author":1,"featured_media":913,"comment_status":"open","ping_status":"open","sticky":false,"template":"","format":"standard","meta":{"_jetpack_memberships_contains_paid_content":false,"footnotes":""},"categories":[4],"tags":[140,139,146,94,82,137,63,143,145,147,72,141,135,142,144,136,115,69,138],"class_list":["post-892","post","type-post","status-publish","format-standard","has-post-thumbnail","hentry","category-autocaravana","tag-alcanar","tag-amposta","tag-area-dautocaravanes-2","tag-autocaravana","tag-baix-llobregat","tag-cambrils","tag-carado-v132","tag-casa-ramon-marines","tag-corbera-debre","tag-el-bar-de-la-neus","tag-honda-cb-300-r","tag-hotel-carles-iii","tag-mora-debre","tag-pastisseria-masdeu","tag-poble-vell-de-corbera-debre","tag-reus","tag-santa-margarida-i-els-monjos","tag-vilafranca-del-penedes","tag-vinyols-i-els-arcs"],"jetpack_featured_media_url":"https:\/\/viuresobrerodes.cat\/wp-content\/uploads\/2023\/07\/IMG_20230630_184159-1-scaled.jpg","jetpack_sharing_enabled":true,"_links":{"self":[{"href":"https:\/\/viuresobrerodes.cat\/index.php?rest_route=\/wp\/v2\/posts\/892","targetHints":{"allow":["GET"]}}],"collection":[{"href":"https:\/\/viuresobrerodes.cat\/index.php?rest_route=\/wp\/v2\/posts"}],"about":[{"href":"https:\/\/viuresobrerodes.cat\/index.php?rest_route=\/wp\/v2\/types\/post"}],"author":[{"embeddable":true,"href":"https:\/\/viuresobrerodes.cat\/index.php?rest_route=\/wp\/v2\/users\/1"}],"replies":[{"embeddable":true,"href":"https:\/\/viuresobrerodes.cat\/index.php?rest_route=%2Fwp%2Fv2%2Fcomments&post=892"}],"version-history":[{"count":8,"href":"https:\/\/viuresobrerodes.cat\/index.php?rest_route=\/wp\/v2\/posts\/892\/revisions"}],"predecessor-version":[{"id":918,"href":"https:\/\/viuresobrerodes.cat\/index.php?rest_route=\/wp\/v2\/posts\/892\/revisions\/918"}],"wp:featuredmedia":[{"embeddable":true,"href":"https:\/\/viuresobrerodes.cat\/index.php?rest_route=\/wp\/v2\/media\/913"}],"wp:attachment":[{"href":"https:\/\/viuresobrerodes.cat\/index.php?rest_route=%2Fwp%2Fv2%2Fmedia&parent=892"}],"wp:term":[{"taxonomy":"category","embeddable":true,"href":"https:\/\/viuresobrerodes.cat\/index.php?rest_route=%2Fwp%2Fv2%2Fcategories&post=892"},{"taxonomy":"post_tag","embeddable":true,"href":"https:\/\/viuresobrerodes.cat\/index.php?rest_route=%2Fwp%2Fv2%2Ftags&post=892"}],"curies":[{"name":"wp","href":"https:\/\/api.w.org\/{rel}","templated":true}]}}