{"id":920,"date":"2023-07-31T21:49:40","date_gmt":"2023-07-31T21:49:40","guid":{"rendered":"https:\/\/viuresobrerodes.cat\/?p=920"},"modified":"2023-07-31T23:14:40","modified_gmt":"2023-07-31T23:14:40","slug":"gaudint-de-la-%f0%9f%91%a7-i-treballant","status":"publish","type":"post","link":"https:\/\/viuresobrerodes.cat\/?p=920","title":{"rendered":"Gaudint de l&#8217;A \ud83d\udc67 i treballant"},"content":{"rendered":"\n<p>Tenia escrit \ud83d\udcbb dues maneres diferents de com fem d&#8217;avis quan l&#8217;A \ud83d\udc67 est\u00e0 de vacances\u2026 I ho vaig perdre \ud83e\udd26\u200d\u2640\ufe0f, no s\u00e9 com va ser, per\u00f2 ja no hi \u00e9s  \ud83e\udd37\u200d\u2640\ufe0f.<br>Era el resum de, primer, els quatre dies que vingu\u00e9 a <strong>la Noguera<\/strong> \ud83d\ude90 amb nosaltres, i segon, els altres tres en qu\u00e8 acompany\u00e0rem al Miquel a treballar fent una ruta \ud83d\ude90  per <strong>Matar\u00f3<\/strong>, <strong>Roses<\/strong>, <strong>Figueres<\/strong>, <strong>Banyoles<\/strong>, <strong>Olot<\/strong>,  <strong>Vic<\/strong> i <strong>Berga<\/strong>.<br>A Casa, a la Noguera, s&#8217;ho va passar for\u00e7a b\u00e9 jugant a l&#8217;eixida amb un cossi gran de zinc i aigua, fent cabanes a l&#8217;escala, passant el mat\u00ed a la piscina municipal \ud83e\udd3d\u200d\u2640\ufe0f,<\/p>\n\n\n<div class=\"wp-block-image\">\n<figure class=\"aligncenter size-large is-resized\"><img loading=\"lazy\" decoding=\"async\" src=\"http:\/\/viuresobrerodes.cat\/wp-content\/uploads\/2023\/07\/WhatsApp-Image-2023-07-31-at-19.22.08-1024x768.jpeg\" alt=\"\" class=\"wp-image-925\" width=\"531\" height=\"398\" srcset=\"https:\/\/viuresobrerodes.cat\/wp-content\/uploads\/2023\/07\/WhatsApp-Image-2023-07-31-at-19.22.08-1024x768.jpeg 1024w, https:\/\/viuresobrerodes.cat\/wp-content\/uploads\/2023\/07\/WhatsApp-Image-2023-07-31-at-19.22.08-300x225.jpeg 300w, https:\/\/viuresobrerodes.cat\/wp-content\/uploads\/2023\/07\/WhatsApp-Image-2023-07-31-at-19.22.08-768x576.jpeg 768w, https:\/\/viuresobrerodes.cat\/wp-content\/uploads\/2023\/07\/WhatsApp-Image-2023-07-31-at-19.22.08-400x300.jpeg 400w, https:\/\/viuresobrerodes.cat\/wp-content\/uploads\/2023\/07\/WhatsApp-Image-2023-07-31-at-19.22.08.jpeg 1040w\" sizes=\"auto, (max-width: 531px) 100vw, 531px\" \/><\/figure>\n<\/div>\n\n\n<p>jugant i fent volar l&#8217;estel \ud83e\ude81 amb l&#8217;Emilio i el David, engronxant-se a la pla\u00e7a \u2026 A la nit gaudia seient al balc\u00f3, tapada&nbsp;amb una manta, ja que feia fresqueta, fins que&nbsp;s&#8217;adormia.<\/p>\n\n\n\n<p>Ll\u00e0stima que la tornada\ud83d\ude90 al <strong>Baix Llobregat<\/strong> no fos gens agradable, ja que es va marejar \ud83e\udd2e\u2026<br>Per culpa del mareig , semblava que ja no voldria venir amb nosaltres per fer la ruta \ud83d\ude90 de feina\ud83d\ude23  , sort que es va repensar\ud83d\ude01.<br>A <strong><a href=\"https:\/\/visitmataro.cat\/\">Matar\u00f3<\/a><\/strong> va acompanyar al Miquel a fer la visita al client i va sortir firada \ud83d\udc5d\ud83d\udc96. Aix\u00f2 ja passava quan sa mare era petita\ud83d\udc67 .<br>A <strong><a href=\"https:\/\/www.catalunya.com\/roses-2-1-171523?language=ca\">Roses<\/a><\/strong> an\u00e0rem a la platja \ud83e\ude71\ud83e\udd3f.<\/p>\n\n\n<div class=\"wp-block-image\">\n<figure class=\"aligncenter size-large is-resized\"><img loading=\"lazy\" decoding=\"async\" src=\"http:\/\/viuresobrerodes.cat\/wp-content\/uploads\/2023\/07\/WhatsApp-Image-2023-07-31-at-19.10.08-1024x576.jpeg\" alt=\"\" class=\"wp-image-922\" width=\"524\" height=\"294\" srcset=\"https:\/\/viuresobrerodes.cat\/wp-content\/uploads\/2023\/07\/WhatsApp-Image-2023-07-31-at-19.10.08-1024x576.jpeg 1024w, https:\/\/viuresobrerodes.cat\/wp-content\/uploads\/2023\/07\/WhatsApp-Image-2023-07-31-at-19.10.08-300x169.jpeg 300w, https:\/\/viuresobrerodes.cat\/wp-content\/uploads\/2023\/07\/WhatsApp-Image-2023-07-31-at-19.10.08-768x432.jpeg 768w, https:\/\/viuresobrerodes.cat\/wp-content\/uploads\/2023\/07\/WhatsApp-Image-2023-07-31-at-19.10.08-1536x864.jpeg 1536w, https:\/\/viuresobrerodes.cat\/wp-content\/uploads\/2023\/07\/WhatsApp-Image-2023-07-31-at-19.10.08-534x300.jpeg 534w, https:\/\/viuresobrerodes.cat\/wp-content\/uploads\/2023\/07\/WhatsApp-Image-2023-07-31-at-19.10.08.jpeg 1599w\" sizes=\"auto, (max-width: 524px) 100vw, 524px\" \/><\/figure>\n<\/div>\n\n\n<p><br>A <strong><a href=\"https:\/\/www.catalunya.com\/figueres-2-1-170669?language=ca\">Figueres<\/a><\/strong>, din\u00e0rem i visit\u00e0rem \ud83d\udeb6\u200d\u2640\ufe0f\ud83d\udeb6\u200d\u2640\ufe0f\ud83d\udeb6\u200d\u2642\ufe0f la ciutat, la fa\u00e7ana del<a href=\"https:\/\/www.salvador-dali.org\/ca\/museus\/teatre-museu-dali-de-figueres\/\"> <strong>Museu Dal\u00ed<\/strong> <\/a>\ud83e\udd5a\ud83e\udd5a , els balcons \ud83c\udfa0\ud83d\udc04 i el pallasso que hi ha a l&#8217;entrada de l&#8217;Hotel Plaza cridaren la seva atenci\u00f3.<\/p>\n\n\n<div class=\"wp-block-image\">\n<figure class=\"aligncenter size-large is-resized\"><img loading=\"lazy\" decoding=\"async\" src=\"http:\/\/viuresobrerodes.cat\/wp-content\/uploads\/2023\/07\/WhatsApp-Image-2023-07-31-at-19.20.13-1024x768.jpeg\" alt=\"\" class=\"wp-image-927\" width=\"471\" height=\"353\" srcset=\"https:\/\/viuresobrerodes.cat\/wp-content\/uploads\/2023\/07\/WhatsApp-Image-2023-07-31-at-19.20.13-1024x768.jpeg 1024w, https:\/\/viuresobrerodes.cat\/wp-content\/uploads\/2023\/07\/WhatsApp-Image-2023-07-31-at-19.20.13-300x225.jpeg 300w, https:\/\/viuresobrerodes.cat\/wp-content\/uploads\/2023\/07\/WhatsApp-Image-2023-07-31-at-19.20.13-768x576.jpeg 768w, https:\/\/viuresobrerodes.cat\/wp-content\/uploads\/2023\/07\/WhatsApp-Image-2023-07-31-at-19.20.13-1536x1152.jpeg 1536w, https:\/\/viuresobrerodes.cat\/wp-content\/uploads\/2023\/07\/WhatsApp-Image-2023-07-31-at-19.20.13-400x300.jpeg 400w, https:\/\/viuresobrerodes.cat\/wp-content\/uploads\/2023\/07\/WhatsApp-Image-2023-07-31-at-19.20.13.jpeg 1600w\" sizes=\"auto, (max-width: 471px) 100vw, 471px\" \/><\/figure>\n<\/div>\n\n\n<p>Al capvespre marx\u00e0rem \ud83d\ude90 a Banyoles on pernoct\u00e0rem \ud83d\udecc al <strong><a href=\"https:\/\/www.campingllac.com\/serveis\/\">C\u00e0mping el Llac<\/a><\/strong>, 11 \u20ac. L&#8217;A \ud83d\udc67 descobr\u00ed com era un c\u00e0mping quan vam anar a dutxar-nos\ud83d\udebf  a les seves instal\u00b7lacions.<\/p>\n\n\n\n<p>De cam\u00ed a Olot, vei\u00e9rem un camp de&nbsp;gira-sols, i par\u00e0rem a fer unes fotos.<\/p>\n\n\n\n<p>A <strong><a href=\"https:\/\/ca.turismegarrotxa.com\/municipi\/olot\/\">Olot <\/a><\/strong>nom\u00e9s an\u00e0rem per feina, unes visites i un dinar important, l&#8217;A \ud83d\udc67 va sortir-ne ben firada \ud83c\udf81!. I f\u00e9rem via \ud83d\ude90 cap a <strong>Vic<\/strong>.<\/p>\n\n\n\n<p><br>A <strong><a href=\"https:\/\/www.catalunya.com\/vic-2-1-82981?language=ca\">Vic<\/a><\/strong> l&#8217;A \ud83d\udc67 s&#8217;ho va passar d&#8217;all\u00f2 m\u00e9s b\u00e9. Nom\u00e9s arribar a l&#8217;<strong><a href=\"https:\/\/areascamper.com\/ficha\/area-de-autocaravanas-en-vic-barcelona\/\">\u00e0rea<\/a><\/strong>, va fer una amigueta, la Na\u00efs \ud83d\udc67\ud83c\udffb , amb qui va jugar a pilota, fins i tot l&#8217;invit\u00e0ren a esmorzar\ud83e\udd50 !, ll\u00e0stima que vam haver de marxar a treballar\ud83d\ude90. Per\u00f2 abans que marx\u00e0rem es van intercanviar records \ud83c\udf81. <\/p>\n\n\n\n<p><br>A <strong>Vic<\/strong>, baix\u00e0rem una aplicaci\u00f3 &#8220;<strong><a href=\"https:\/\/play.google.com\/store\/apps\/details?id=com.etecnic.parkings&amp;hl=es&amp;pli=1\">Osona territori camper<\/a><\/strong>&#8220;, i des d&#8217;ella pag\u00e0rem l&#8217;import de l&#8217;\u00e0rea, 5 \u20ac, ens van donar un codi per poder entrar a les dutxes i wc\ud83d\udebf\ud83d\udebd . Que estaven impecables.<\/p>\n\n\n\n<p><br>I ja an\u00e0rem a <strong><a href=\"https:\/\/www.catalunya.com\/berga-2-1-80229?language=ca\">Berga<\/a><\/strong>, on el Miquel havia de fer les \u00faltimes visites. A la tarda el Javi va passar a buscar-la per anar a passar el cap de setmana amb uns amics. Nosaltres continu\u00e0rem viatge cap a <strong>la Noguera<\/strong>, calia fer bogada i gaudir de casa nostra.<\/p>\n","protected":false},"excerpt":{"rendered":"<p>Tenia escrit \ud83d\udcbb dues maneres diferents de com fem d&#8217;avis quan l&#8217;A \ud83d\udc67 est\u00e0 de vacances\u2026 I ho vaig perdre \ud83e\udd26\u200d\u2640\ufe0f, no s\u00e9 com va ser, per\u00f2 ja no hi \u00e9s \ud83e\udd37\u200d\u2640\ufe0f.Era el resum de, primer, els quatre dies que vingu\u00e9 a la Noguera \ud83d\ude90 amb nosaltres, i segon, els altres tres en qu\u00e8 acompany\u00e0rem [&hellip;]<\/p>\n","protected":false},"author":1,"featured_media":923,"comment_status":"open","ping_status":"open","sticky":false,"template":"","format":"standard","meta":{"_jetpack_memberships_contains_paid_content":false,"footnotes":""},"categories":[4],"tags":[82,49,152,50,105,68,150,154,151,148,149,123],"class_list":["post-920","post","type-post","status-publish","format-standard","has-post-thumbnail","hentry","category-autocaravana","tag-baix-llobregat","tag-banyoles","tag-berga","tag-camping-el-llac","tag-figueres","tag-la-noguera","tag-mataro","tag-museu-dali-2","tag-olot","tag-osona-territori-camper","tag-roses","tag-vic"],"jetpack_featured_media_url":"https:\/\/viuresobrerodes.cat\/wp-content\/uploads\/2023\/07\/WhatsApp-Image-2023-07-31-at-19.19.18.jpeg","jetpack_sharing_enabled":true,"_links":{"self":[{"href":"https:\/\/viuresobrerodes.cat\/index.php?rest_route=\/wp\/v2\/posts\/920","targetHints":{"allow":["GET"]}}],"collection":[{"href":"https:\/\/viuresobrerodes.cat\/index.php?rest_route=\/wp\/v2\/posts"}],"about":[{"href":"https:\/\/viuresobrerodes.cat\/index.php?rest_route=\/wp\/v2\/types\/post"}],"author":[{"embeddable":true,"href":"https:\/\/viuresobrerodes.cat\/index.php?rest_route=\/wp\/v2\/users\/1"}],"replies":[{"embeddable":true,"href":"https:\/\/viuresobrerodes.cat\/index.php?rest_route=%2Fwp%2Fv2%2Fcomments&post=920"}],"version-history":[{"count":5,"href":"https:\/\/viuresobrerodes.cat\/index.php?rest_route=\/wp\/v2\/posts\/920\/revisions"}],"predecessor-version":[{"id":939,"href":"https:\/\/viuresobrerodes.cat\/index.php?rest_route=\/wp\/v2\/posts\/920\/revisions\/939"}],"wp:featuredmedia":[{"embeddable":true,"href":"https:\/\/viuresobrerodes.cat\/index.php?rest_route=\/wp\/v2\/media\/923"}],"wp:attachment":[{"href":"https:\/\/viuresobrerodes.cat\/index.php?rest_route=%2Fwp%2Fv2%2Fmedia&parent=920"}],"wp:term":[{"taxonomy":"category","embeddable":true,"href":"https:\/\/viuresobrerodes.cat\/index.php?rest_route=%2Fwp%2Fv2%2Fcategories&post=920"},{"taxonomy":"post_tag","embeddable":true,"href":"https:\/\/viuresobrerodes.cat\/index.php?rest_route=%2Fwp%2Fv2%2Ftags&post=920"}],"curies":[{"name":"wp","href":"https:\/\/api.w.org\/{rel}","templated":true}]}}