{"id":937,"date":"2023-08-03T18:54:04","date_gmt":"2023-08-03T18:54:04","guid":{"rendered":"https:\/\/viuresobrerodes.cat\/?p=937"},"modified":"2023-08-31T21:33:09","modified_gmt":"2023-08-31T21:33:09","slug":"vacances-2023-1","status":"publish","type":"post","link":"https:\/\/viuresobrerodes.cat\/?p=937","title":{"rendered":"Vacances 2023 \/ 1 (Arag\u00f3, Navarra, Fran\u00e7a)"},"content":{"rendered":"\n<p>Dia 25, a un quart de cinc \u231a de la tarda, ens trobarem amb el Juanfra i a la Feli, amb tot preparat per anar cap a <strong>Navarra<\/strong> \ud83d\ude90\ud83d\ude90 !! <\/p>\n\n\n<div class=\"wp-block-image\">\n<figure class=\"aligncenter size-large is-resized\"><img loading=\"lazy\" decoding=\"async\" src=\"http:\/\/viuresobrerodes.cat\/wp-content\/uploads\/2023\/08\/WhatsApp-Image-2023-08-03-at-19.41.09-1024x768.jpeg\" alt=\"\" class=\"wp-image-1005\" style=\"width:578px;height:432px\" width=\"578\" height=\"432\" srcset=\"https:\/\/viuresobrerodes.cat\/wp-content\/uploads\/2023\/08\/WhatsApp-Image-2023-08-03-at-19.41.09-300x225.jpeg 300w, https:\/\/viuresobrerodes.cat\/wp-content\/uploads\/2023\/08\/WhatsApp-Image-2023-08-03-at-19.41.09-400x300.jpeg 400w\" sizes=\"auto, (max-width: 578px) 100vw, 578px\" \/><\/figure>\n<\/div>\n\n\n<p>La primera parada, <strong><a href=\"https:\/\/www.turismodearagon.com\/ficha\/monzon\/\">Monts\u00f3 <\/a><\/strong>on sop\u00e0rem i segu\u00edrem cam\u00ed,\ud83d\ude90\ud83d\ude90  direcci\u00f3 <strong>Osca<\/strong>. <\/p>\n\n\n<div class=\"wp-block-image\">\n<figure class=\"aligncenter size-large is-resized\"><img loading=\"lazy\" decoding=\"async\" src=\"http:\/\/viuresobrerodes.cat\/wp-content\/uploads\/2023\/08\/WhatsApp-Image-2023-08-03-at-12.45.27-1024x576.jpeg\" alt=\"\" class=\"wp-image-944\" style=\"width:578px;height:324px\" width=\"578\" height=\"324\" srcset=\"https:\/\/viuresobrerodes.cat\/wp-content\/uploads\/2023\/08\/WhatsApp-Image-2023-08-03-at-12.45.27-1024x576.jpeg 1024w, https:\/\/viuresobrerodes.cat\/wp-content\/uploads\/2023\/08\/WhatsApp-Image-2023-08-03-at-12.45.27-300x169.jpeg 300w, https:\/\/viuresobrerodes.cat\/wp-content\/uploads\/2023\/08\/WhatsApp-Image-2023-08-03-at-12.45.27-768x432.jpeg 768w, https:\/\/viuresobrerodes.cat\/wp-content\/uploads\/2023\/08\/WhatsApp-Image-2023-08-03-at-12.45.27-1536x864.jpeg 1536w, https:\/\/viuresobrerodes.cat\/wp-content\/uploads\/2023\/08\/WhatsApp-Image-2023-08-03-at-12.45.27-533x300.jpeg 533w, https:\/\/viuresobrerodes.cat\/wp-content\/uploads\/2023\/08\/WhatsApp-Image-2023-08-03-at-12.45.27.jpeg 1920w\" sizes=\"auto, (max-width: 578px) 100vw, 578px\" \/><\/figure>\n<\/div>\n\n\n<p>Pernoct\u00e0rem\ud83d\udecc a l&#8217;<strong><a href=\"https:\/\/areascamper.com\/ficha\/area-de-autocaravanas-en-sabinanigo-huesca\/\">\u00e0rea de Sabi\u00f1\u00e1nigo<\/a><\/strong>, buid\u00e0rem \ud83d\udebd\ud83d\udebf i ompl\u00edrem \ud83d\udeb0, com que no agaf\u00e0rem llum va ser gratu\u00efta. <\/p>\n\n\n<div class=\"wp-block-image\">\n<figure class=\"aligncenter size-large is-resized\"><img loading=\"lazy\" decoding=\"async\" src=\"http:\/\/viuresobrerodes.cat\/wp-content\/uploads\/2023\/08\/WhatsApp-Image-2023-08-01-at-12.16.13-1024x473.jpeg\" alt=\"\" class=\"wp-image-945\" style=\"width:593px;height:274px\" width=\"593\" height=\"274\" srcset=\"https:\/\/viuresobrerodes.cat\/wp-content\/uploads\/2023\/08\/WhatsApp-Image-2023-08-01-at-12.16.13-1024x473.jpeg 1024w, https:\/\/viuresobrerodes.cat\/wp-content\/uploads\/2023\/08\/WhatsApp-Image-2023-08-01-at-12.16.13-300x139.jpeg 300w, https:\/\/viuresobrerodes.cat\/wp-content\/uploads\/2023\/08\/WhatsApp-Image-2023-08-01-at-12.16.13-768x355.jpeg 768w, https:\/\/viuresobrerodes.cat\/wp-content\/uploads\/2023\/08\/WhatsApp-Image-2023-08-01-at-12.16.13-1536x709.jpeg 1536w, https:\/\/viuresobrerodes.cat\/wp-content\/uploads\/2023\/08\/WhatsApp-Image-2023-08-01-at-12.16.13-650x300.jpeg 650w, https:\/\/viuresobrerodes.cat\/wp-content\/uploads\/2023\/08\/WhatsApp-Image-2023-08-01-at-12.16.13.jpeg 1992w\" sizes=\"auto, (max-width: 593px) 100vw, 593px\" \/><\/figure>\n<\/div>\n\n\n<p>Al mat\u00ed, 26, enfilarem \ud83d\ude90\ud83d\ude90 cap al <strong><a href=\"https:\/\/www.lospueblosmasbonitosdeespana.org\/comunidad-foral-de-navarra\/roncal\/\">Roncal<\/a><\/strong>. A l&#8217;<strong><a href=\"https:\/\/areascamper.com\/ficha\/parking-pernocta-roncal-navarra\/\">\u00e0rea del Roncal<\/a><\/strong> din\u00e0rem \ud83c\udf7d , hi ha una zona de gespa amb taules de fusta i barbacoes. <\/p>\n\n\n<div class=\"wp-block-image\">\n<figure class=\"aligncenter size-large is-resized\"><img loading=\"lazy\" decoding=\"async\" src=\"http:\/\/viuresobrerodes.cat\/wp-content\/uploads\/2023\/08\/WhatsApp-Image-2023-08-01-at-12.20.59-1024x473.jpeg\" alt=\"\" class=\"wp-image-946\" style=\"width:599px;height:277px\" width=\"599\" height=\"277\" srcset=\"https:\/\/viuresobrerodes.cat\/wp-content\/uploads\/2023\/08\/WhatsApp-Image-2023-08-01-at-12.20.59-1024x473.jpeg 1024w, https:\/\/viuresobrerodes.cat\/wp-content\/uploads\/2023\/08\/WhatsApp-Image-2023-08-01-at-12.20.59-300x139.jpeg 300w, https:\/\/viuresobrerodes.cat\/wp-content\/uploads\/2023\/08\/WhatsApp-Image-2023-08-01-at-12.20.59-768x355.jpeg 768w, https:\/\/viuresobrerodes.cat\/wp-content\/uploads\/2023\/08\/WhatsApp-Image-2023-08-01-at-12.20.59-1536x709.jpeg 1536w, https:\/\/viuresobrerodes.cat\/wp-content\/uploads\/2023\/08\/WhatsApp-Image-2023-08-01-at-12.20.59-650x300.jpeg 650w, https:\/\/viuresobrerodes.cat\/wp-content\/uploads\/2023\/08\/WhatsApp-Image-2023-08-01-at-12.20.59.jpeg 1992w\" sizes=\"auto, (max-width: 599px) 100vw, 599px\" \/><\/figure>\n<\/div>\n\n<div class=\"wp-block-image\">\n<figure class=\"aligncenter size-large is-resized\"><img loading=\"lazy\" decoding=\"async\" src=\"http:\/\/viuresobrerodes.cat\/wp-content\/uploads\/2023\/08\/WhatsApp-Image-2023-08-01-at-12.20.59-2-1024x473.jpeg\" alt=\"\" class=\"wp-image-947\" style=\"width:603px;height:279px\" width=\"603\" height=\"279\" srcset=\"https:\/\/viuresobrerodes.cat\/wp-content\/uploads\/2023\/08\/WhatsApp-Image-2023-08-01-at-12.20.59-2-1024x473.jpeg 1024w, https:\/\/viuresobrerodes.cat\/wp-content\/uploads\/2023\/08\/WhatsApp-Image-2023-08-01-at-12.20.59-2-300x139.jpeg 300w, https:\/\/viuresobrerodes.cat\/wp-content\/uploads\/2023\/08\/WhatsApp-Image-2023-08-01-at-12.20.59-2-768x355.jpeg 768w, https:\/\/viuresobrerodes.cat\/wp-content\/uploads\/2023\/08\/WhatsApp-Image-2023-08-01-at-12.20.59-2-1536x709.jpeg 1536w, https:\/\/viuresobrerodes.cat\/wp-content\/uploads\/2023\/08\/WhatsApp-Image-2023-08-01-at-12.20.59-2-650x300.jpeg 650w, https:\/\/viuresobrerodes.cat\/wp-content\/uploads\/2023\/08\/WhatsApp-Image-2023-08-01-at-12.20.59-2.jpeg 1992w\" sizes=\"auto, (max-width: 603px) 100vw, 603px\" \/><\/figure>\n<\/div>\n\n\n<p>An\u00e0rem a fer un volt pel <strong><strong><a href=\"https:\/\/www.lospueblosmasbonitosdeespana.org\/comunidad-foral-de-navarra\/roncal\/\">Roncal<\/a><\/strong><\/strong>.<\/p>\n\n\n<div class=\"wp-block-image\">\n<figure class=\"alignright size-large is-resized\"><img loading=\"lazy\" decoding=\"async\" src=\"http:\/\/viuresobrerodes.cat\/wp-content\/uploads\/2023\/08\/WhatsApp-Image-2023-08-01-at-12.31.11-473x1024.jpeg\" alt=\"\" class=\"wp-image-948\" style=\"width:299px;height:649px\" width=\"299\" height=\"649\"\/><\/figure>\n<\/div>\n\n\n<figure class=\"wp-block-image size-large is-resized\"><img loading=\"lazy\" decoding=\"async\" src=\"http:\/\/viuresobrerodes.cat\/wp-content\/uploads\/2023\/08\/WhatsApp-Image-2023-08-03-at-13.21.46-472x1024.jpeg\" alt=\"\" class=\"wp-image-950\" style=\"width:307px;height:665px\" width=\"307\" height=\"665\" srcset=\"https:\/\/viuresobrerodes.cat\/wp-content\/uploads\/2023\/08\/WhatsApp-Image-2023-08-03-at-13.21.46-472x1024.jpeg 472w, https:\/\/viuresobrerodes.cat\/wp-content\/uploads\/2023\/08\/WhatsApp-Image-2023-08-03-at-13.21.46-138x300.jpeg 138w, https:\/\/viuresobrerodes.cat\/wp-content\/uploads\/2023\/08\/WhatsApp-Image-2023-08-03-at-13.21.46-708x1536.jpeg 708w, https:\/\/viuresobrerodes.cat\/wp-content\/uploads\/2023\/08\/WhatsApp-Image-2023-08-03-at-13.21.46.jpeg 738w\" sizes=\"auto, (max-width: 307px) 100vw, 307px\" \/><\/figure>\n\n\n\n<p><\/p>\n\n\n\n<p>Tant a <strong>Roncal<\/strong> com a <strong>Isaba<\/strong> tots hi hav\u00edem estat. Nosaltres fa uns anys, amb moto \ud83c\udfcd.<\/p>\n\n\n\n<p>A <strong><a href=\"https:\/\/www.senditur.com\/es\/poblacion\/isaba-izaba\/\">Isaba<\/a><\/strong> ens trob\u00e0rem que era l&#8217;\u00faltim dia de la festa major\ud83c\udf86. Aparc\u00e0rem a l&#8217;<strong><a href=\"https:\/\/areascamper.com\/ficha\/area-de-autocaravanas-de-isaba\/\">\u00e0rea<\/a><\/strong>, i vam fer la primera excursi\u00f3 \ud83d\udeb6\u200d\u2642\ufe0f\ud83d\udeb6\u200d\u2640\ufe0f\ud83d\udeb6\u200d\u2642\ufe0f\ud83d\udeb6\u200d\u2640\ufe0f, an\u00e0rem a l&#8217;<strong><a href=\"https:\/\/senderosvallederoncal.com\/sl-na-senderos-locales\/sl-na-70-ermita-de-idoia\/\">ermita d&#8217;Idoia.<\/a><\/strong> Una bona excursi\u00f3!<\/p>\n\n\n\n<p><\/p>\n\n\n<div class=\"wp-block-image\">\n<figure class=\"aligncenter size-large is-resized\"><img loading=\"lazy\" decoding=\"async\" src=\"http:\/\/viuresobrerodes.cat\/wp-content\/uploads\/2023\/08\/WhatsApp-Image-2023-08-01-at-12.33.52-1024x473.jpeg\" alt=\"\" class=\"wp-image-951\" style=\"width:626px;height:289px\" width=\"626\" height=\"289\" srcset=\"https:\/\/viuresobrerodes.cat\/wp-content\/uploads\/2023\/08\/WhatsApp-Image-2023-08-01-at-12.33.52-1024x473.jpeg 1024w, https:\/\/viuresobrerodes.cat\/wp-content\/uploads\/2023\/08\/WhatsApp-Image-2023-08-01-at-12.33.52-300x139.jpeg 300w, https:\/\/viuresobrerodes.cat\/wp-content\/uploads\/2023\/08\/WhatsApp-Image-2023-08-01-at-12.33.52-768x355.jpeg 768w, https:\/\/viuresobrerodes.cat\/wp-content\/uploads\/2023\/08\/WhatsApp-Image-2023-08-01-at-12.33.52-1536x709.jpeg 1536w, https:\/\/viuresobrerodes.cat\/wp-content\/uploads\/2023\/08\/WhatsApp-Image-2023-08-01-at-12.33.52-650x300.jpeg 650w, https:\/\/viuresobrerodes.cat\/wp-content\/uploads\/2023\/08\/WhatsApp-Image-2023-08-01-at-12.33.52.jpeg 1992w\" sizes=\"auto, (max-width: 626px) 100vw, 626px\" \/><\/figure>\n<\/div>\n\n<div class=\"wp-block-image\">\n<figure class=\"alignright size-large is-resized\"><img loading=\"lazy\" decoding=\"async\" src=\"http:\/\/viuresobrerodes.cat\/wp-content\/uploads\/2023\/08\/WhatsApp-Image-2023-08-03-at-13.50.11-1-472x1024.jpeg\" alt=\"\" class=\"wp-image-952\" style=\"width:308px;height:666px\" width=\"308\" height=\"666\"\/><\/figure>\n<\/div>\n\n\n<figure class=\"wp-block-image size-large is-resized\"><img loading=\"lazy\" decoding=\"async\" src=\"http:\/\/viuresobrerodes.cat\/wp-content\/uploads\/2023\/08\/WhatsApp-Image-2023-08-03-at-13.50.09-1-472x1024.jpeg\" alt=\"\" class=\"wp-image-954\" style=\"width:308px;height:671px\" width=\"308\" height=\"671\"\/><\/figure>\n\n\n\n<p>Despr\u00e9s de sopar an\u00e0rem a passejar \ud83d\udeb6\u200d\u2640\ufe0f\ud83d\udeb6\u200d\u2642\ufe0f\ud83d\udeb6\u200d\u2640\ufe0f\ud83d\udeb6\u200d\u2642\ufe0f pel poble .<\/p>\n\n\n<div class=\"wp-block-image\">\n<figure class=\"aligncenter size-large is-resized\"><img loading=\"lazy\" decoding=\"async\" src=\"http:\/\/viuresobrerodes.cat\/wp-content\/uploads\/2023\/08\/WhatsApp-Image-2023-08-03-at-14.16.23-1024x768.jpeg\" alt=\"\" class=\"wp-image-958\" style=\"width:488px;height:365px\" width=\"488\" height=\"365\" srcset=\"https:\/\/viuresobrerodes.cat\/wp-content\/uploads\/2023\/08\/WhatsApp-Image-2023-08-03-at-14.16.23-1024x768.jpeg 1024w, https:\/\/viuresobrerodes.cat\/wp-content\/uploads\/2023\/08\/WhatsApp-Image-2023-08-03-at-14.16.23-300x225.jpeg 300w, https:\/\/viuresobrerodes.cat\/wp-content\/uploads\/2023\/08\/WhatsApp-Image-2023-08-03-at-14.16.23-768x576.jpeg 768w, https:\/\/viuresobrerodes.cat\/wp-content\/uploads\/2023\/08\/WhatsApp-Image-2023-08-03-at-14.16.23-1536x1152.jpeg 1536w, https:\/\/viuresobrerodes.cat\/wp-content\/uploads\/2023\/08\/WhatsApp-Image-2023-08-03-at-14.16.23-400x300.jpeg 400w, https:\/\/viuresobrerodes.cat\/wp-content\/uploads\/2023\/08\/WhatsApp-Image-2023-08-03-at-14.16.23.jpeg 1600w\" sizes=\"auto, (max-width: 488px) 100vw, 488px\" \/><\/figure>\n<\/div>\n\n\n<p> Molt i molt maco\u2026 per\u00f2 tots els carrers s\u00f3n amb llambordes desiguals, i caminar result\u00e0 per nosaltres bastant dificult\u00f3s \ud83e\udd37\ud83c\udffb\u200d\u2640\ufe0f. La geganta i el gegant, ja estaven desats, per\u00f2 vaig entrar a fer-los fotos \ud83d\ude0d.<\/p>\n\n\n\n<div class=\"wp-block-columns is-layout-flex wp-container-core-columns-is-layout-9d6595d7 wp-block-columns-is-layout-flex\">\n<div class=\"wp-block-column is-layout-flow wp-block-column-is-layout-flow\">\n<figure class=\"wp-block-image size-full is-resized\"><img loading=\"lazy\" decoding=\"async\" src=\"http:\/\/viuresobrerodes.cat\/wp-content\/uploads\/2023\/08\/1.png\" alt=\"\" class=\"wp-image-955\" style=\"width:259px;height:474px\" width=\"259\" height=\"474\" srcset=\"https:\/\/viuresobrerodes.cat\/wp-content\/uploads\/2023\/08\/1.png 235w, https:\/\/viuresobrerodes.cat\/wp-content\/uploads\/2023\/08\/1-164x300.png 164w\" sizes=\"auto, (max-width: 259px) 100vw, 259px\" \/><\/figure>\n<\/div>\n\n\n\n<div class=\"wp-block-column is-layout-flow wp-block-column-is-layout-flow\">\n<figure class=\"wp-block-image size-large is-resized\"><img loading=\"lazy\" decoding=\"async\" src=\"http:\/\/viuresobrerodes.cat\/wp-content\/uploads\/2023\/08\/WhatsApp-Image-2023-08-01-at-13.01.09-472x1024.jpeg\" alt=\"\" class=\"wp-image-956\" style=\"width:228px;height:496px\" width=\"228\" height=\"496\" srcset=\"https:\/\/viuresobrerodes.cat\/wp-content\/uploads\/2023\/08\/WhatsApp-Image-2023-08-01-at-13.01.09-472x1024.jpeg 472w, https:\/\/viuresobrerodes.cat\/wp-content\/uploads\/2023\/08\/WhatsApp-Image-2023-08-01-at-13.01.09-138x300.jpeg 138w, https:\/\/viuresobrerodes.cat\/wp-content\/uploads\/2023\/08\/WhatsApp-Image-2023-08-01-at-13.01.09-708x1536.jpeg 708w\" sizes=\"auto, (max-width: 228px) 100vw, 228px\" \/><\/figure>\n<\/div>\n\n\n\n<div class=\"wp-block-column is-layout-flow wp-block-column-is-layout-flow\">\n<figure class=\"wp-block-image size-large is-resized\"><img loading=\"lazy\" decoding=\"async\" src=\"http:\/\/viuresobrerodes.cat\/wp-content\/uploads\/2023\/08\/WhatsApp-Image-2023-08-01-at-13.01.09-1-472x1024.jpeg\" alt=\"\" class=\"wp-image-957\" style=\"width:229px;height:497px\" width=\"229\" height=\"497\" srcset=\"https:\/\/viuresobrerodes.cat\/wp-content\/uploads\/2023\/08\/WhatsApp-Image-2023-08-01-at-13.01.09-1-472x1024.jpeg 472w, https:\/\/viuresobrerodes.cat\/wp-content\/uploads\/2023\/08\/WhatsApp-Image-2023-08-01-at-13.01.09-1-138x300.jpeg 138w, https:\/\/viuresobrerodes.cat\/wp-content\/uploads\/2023\/08\/WhatsApp-Image-2023-08-01-at-13.01.09-1-708x1536.jpeg 708w, https:\/\/viuresobrerodes.cat\/wp-content\/uploads\/2023\/08\/WhatsApp-Image-2023-08-01-at-13.01.09-1.jpeg 738w\" sizes=\"auto, (max-width: 229px) 100vw, 229px\" \/><\/figure>\n<\/div>\n<\/div>\n\n\n\n<p>Tamb\u00e9 hi havia un carro de toro per a la mainada i, al front\u00f3 que tenien habilitat pel ball, n&#8217;hi havia un parell m\u00e9s. <\/p>\n\n\n\n<div class=\"wp-block-columns is-layout-flex wp-container-core-columns-is-layout-9d6595d7 wp-block-columns-is-layout-flex\">\n<div class=\"wp-block-column is-layout-flow wp-block-column-is-layout-flow\">\n<figure class=\"wp-block-image size-large is-resized\"><img loading=\"lazy\" decoding=\"async\" src=\"http:\/\/viuresobrerodes.cat\/wp-content\/uploads\/2023\/08\/WhatsApp-Image-2023-08-01-at-13.01.08-472x1024.jpeg\" alt=\"\" class=\"wp-image-959\" style=\"width:286px;height:622px\" width=\"286\" height=\"622\"\/><\/figure>\n<\/div>\n\n\n\n<div class=\"wp-block-column is-layout-flow wp-block-column-is-layout-flow\">\n<figure class=\"wp-block-image size-large is-resized\"><img loading=\"lazy\" decoding=\"async\" src=\"http:\/\/viuresobrerodes.cat\/wp-content\/uploads\/2023\/08\/WhatsApp-Image-2023-08-03-at-14.22.49-473x1024.jpeg\" alt=\"\" class=\"wp-image-960\" style=\"width:290px;height:628px\" width=\"290\" height=\"628\" srcset=\"https:\/\/viuresobrerodes.cat\/wp-content\/uploads\/2023\/08\/WhatsApp-Image-2023-08-03-at-14.22.49-473x1024.jpeg 473w, https:\/\/viuresobrerodes.cat\/wp-content\/uploads\/2023\/08\/WhatsApp-Image-2023-08-03-at-14.22.49-139x300.jpeg 139w, https:\/\/viuresobrerodes.cat\/wp-content\/uploads\/2023\/08\/WhatsApp-Image-2023-08-03-at-14.22.49-768x1663.jpeg 768w, https:\/\/viuresobrerodes.cat\/wp-content\/uploads\/2023\/08\/WhatsApp-Image-2023-08-03-at-14.22.49-709x1536.jpeg 709w, https:\/\/viuresobrerodes.cat\/wp-content\/uploads\/2023\/08\/WhatsApp-Image-2023-08-03-at-14.22.49.jpeg 920w\" sizes=\"auto, (max-width: 290px) 100vw, 290px\" \/><\/figure>\n<\/div>\n<\/div>\n\n\n\n<p>Despr\u00e9s del ball, un noi disfressat i amb un artefacte sobre les espatlles i cap del que sortia foc \ud83c\udf87, corria darrere de la gent pels carrers. Nosaltres l&#8217;evit\u00e0rem i marx\u00e0rem cap a l&#8217;\u00e0rea. Pel cam\u00ed, la Feli em va fer adonar que hi havia<strong><a href=\"http:\/\/www.garbuix.com\/2021\/07\/les-cuques-de-llum-o-lluernes\/\"> cuques de llum<\/a><\/strong>, jo no n&#8217;havia vist mai!\ud83d\ude0d.<\/p>\n\n\n<div class=\"wp-block-image\">\n<figure class=\"aligncenter size-large is-resized\"><img loading=\"lazy\" decoding=\"async\" src=\"http:\/\/viuresobrerodes.cat\/wp-content\/uploads\/2023\/08\/WhatsApp-Image-2023-08-03-at-15.25.37-473x1024.jpeg\" alt=\"\" class=\"wp-image-964\" style=\"width:229px;height:495px\" width=\"229\" height=\"495\" srcset=\"https:\/\/viuresobrerodes.cat\/wp-content\/uploads\/2023\/08\/WhatsApp-Image-2023-08-03-at-15.25.37-473x1024.jpeg 473w, https:\/\/viuresobrerodes.cat\/wp-content\/uploads\/2023\/08\/WhatsApp-Image-2023-08-03-at-15.25.37-139x300.jpeg 139w, https:\/\/viuresobrerodes.cat\/wp-content\/uploads\/2023\/08\/WhatsApp-Image-2023-08-03-at-15.25.37-768x1663.jpeg 768w, https:\/\/viuresobrerodes.cat\/wp-content\/uploads\/2023\/08\/WhatsApp-Image-2023-08-03-at-15.25.37-709x1536.jpeg 709w, https:\/\/viuresobrerodes.cat\/wp-content\/uploads\/2023\/08\/WhatsApp-Image-2023-08-03-at-15.25.37.jpeg 920w\" sizes=\"auto, (max-width: 229px) 100vw, 229px\" \/><\/figure>\n<\/div>\n\n\n<p>Al mat\u00ed, 27, despr\u00e9s d&#8217;esmorzar \u2615, an\u00e0rem a fer una excursi\u00f3 \ud83d\udeb6\u200d\u2640\ufe0f\ud83d\udeb6\u200d\u2642\ufe0f\ud83d\udeb6\u200d\u2640\ufe0f\ud83d\udeb6\u200d\u2642\ufe0fa la <strong><a href=\"https:\/\/www.turismoruralnavarra.com\/listado\/valle-de-belabarce\/\">Cascada de Belabartze<\/a><\/strong>, <\/p>\n\n\n<div class=\"wp-block-image\">\n<figure class=\"aligncenter size-large is-resized\"><img loading=\"lazy\" decoding=\"async\" src=\"http:\/\/viuresobrerodes.cat\/wp-content\/uploads\/2023\/08\/WhatsApp-Image-2023-08-03-at-15.32.02-768x1024.jpeg\" alt=\"\" class=\"wp-image-965\" style=\"width:372px;height:495px\" width=\"372\" height=\"495\" srcset=\"https:\/\/viuresobrerodes.cat\/wp-content\/uploads\/2023\/08\/WhatsApp-Image-2023-08-03-at-15.32.02-768x1024.jpeg 768w, https:\/\/viuresobrerodes.cat\/wp-content\/uploads\/2023\/08\/WhatsApp-Image-2023-08-03-at-15.32.02-225x300.jpeg 225w, https:\/\/viuresobrerodes.cat\/wp-content\/uploads\/2023\/08\/WhatsApp-Image-2023-08-03-at-15.32.02-1152x1536.jpeg 1152w, https:\/\/viuresobrerodes.cat\/wp-content\/uploads\/2023\/08\/WhatsApp-Image-2023-08-03-at-15.32.02.jpeg 1536w\" sizes=\"auto, (max-width: 372px) 100vw, 372px\" \/><\/figure>\n<\/div>\n\n\n<p>a la tornada, despr\u00e9s de buidar \ud83d\udebd\ud83d\udebf i omplir\ud83d\udeb0 , f\u00e9rem via cap al mirador de <strong><a href=\"https:\/\/www.turismoruralnavarra.com\/listado\/larra-belagua\/\">Larra-Belagua<\/a><\/strong> on din\u00e0rem \ud83c\udf7d\ufe0f.<\/p>\n\n\n<div class=\"wp-block-image\">\n<figure class=\"aligncenter size-large is-resized\"><img loading=\"lazy\" decoding=\"async\" src=\"http:\/\/viuresobrerodes.cat\/wp-content\/uploads\/2023\/08\/WhatsApp-Image-2023-08-01-at-14.58.27-1-768x1024.jpeg\" alt=\"\" class=\"wp-image-966\" style=\"width:382px;height:510px\" width=\"382\" height=\"510\" srcset=\"https:\/\/viuresobrerodes.cat\/wp-content\/uploads\/2023\/08\/WhatsApp-Image-2023-08-01-at-14.58.27-1-768x1024.jpeg 768w, https:\/\/viuresobrerodes.cat\/wp-content\/uploads\/2023\/08\/WhatsApp-Image-2023-08-01-at-14.58.27-1-225x300.jpeg 225w, https:\/\/viuresobrerodes.cat\/wp-content\/uploads\/2023\/08\/WhatsApp-Image-2023-08-01-at-14.58.27-1-1152x1536.jpeg 1152w, https:\/\/viuresobrerodes.cat\/wp-content\/uploads\/2023\/08\/WhatsApp-Image-2023-08-01-at-14.58.27-1.jpeg 1536w\" sizes=\"auto, (max-width: 382px) 100vw, 382px\" \/><\/figure>\n<\/div>\n\n\n<p>Tir\u00e0rem <strong>Pirineu<\/strong> amunt \ud83d\ude90\ud83d\ude90, per anar a fer cap a <strong>Fran\u00e7a<\/strong>. El cam\u00ed fora molt distret, cada dos per tres ens top\u00e0rem amb ramats d&#8217;ovelles \ud83d\udc11, o amb vaques penjades dels marges\ud83d\udc04  o amb cavalls\ud83d\udc0e aturats al mig de la carretera\u2026<\/p>\n\n\n<div class=\"wp-block-image\">\n<figure class=\"aligncenter size-large is-resized\"><img loading=\"lazy\" decoding=\"async\" src=\"http:\/\/viuresobrerodes.cat\/wp-content\/uploads\/2023\/08\/abc663bb-a877-48d2-9899-4896106fc670-1024x473.jpg\" alt=\"\" class=\"wp-image-969\" style=\"width:573px;height:264px\" width=\"573\" height=\"264\" srcset=\"https:\/\/viuresobrerodes.cat\/wp-content\/uploads\/2023\/08\/abc663bb-a877-48d2-9899-4896106fc670-1024x473.jpg 1024w, https:\/\/viuresobrerodes.cat\/wp-content\/uploads\/2023\/08\/abc663bb-a877-48d2-9899-4896106fc670-300x139.jpg 300w, https:\/\/viuresobrerodes.cat\/wp-content\/uploads\/2023\/08\/abc663bb-a877-48d2-9899-4896106fc670-768x355.jpg 768w, https:\/\/viuresobrerodes.cat\/wp-content\/uploads\/2023\/08\/abc663bb-a877-48d2-9899-4896106fc670-1536x709.jpg 1536w, https:\/\/viuresobrerodes.cat\/wp-content\/uploads\/2023\/08\/abc663bb-a877-48d2-9899-4896106fc670-650x300.jpg 650w, https:\/\/viuresobrerodes.cat\/wp-content\/uploads\/2023\/08\/abc663bb-a877-48d2-9899-4896106fc670.jpg 1992w\" sizes=\"auto, (max-width: 573px) 100vw, 573px\" \/><\/figure>\n<\/div>\n\n<div class=\"wp-block-image\">\n<figure class=\"aligncenter size-full is-resized\"><img loading=\"lazy\" decoding=\"async\" src=\"http:\/\/viuresobrerodes.cat\/wp-content\/uploads\/2023\/08\/2.png\" alt=\"\" class=\"wp-image-968\" style=\"width:566px;height:319px\" width=\"566\" height=\"319\" srcset=\"https:\/\/viuresobrerodes.cat\/wp-content\/uploads\/2023\/08\/2.png 650w, https:\/\/viuresobrerodes.cat\/wp-content\/uploads\/2023\/08\/2-300x169.png 300w, https:\/\/viuresobrerodes.cat\/wp-content\/uploads\/2023\/08\/2-531x300.png 531w\" sizes=\"auto, (max-width: 566px) 100vw, 566px\" \/><\/figure>\n<\/div>\n\n\n<p>A <strong><a href=\"https:\/\/www.pirineo-frances.es\/offertas\/aire-de-camping-cars-doloron-sainte-marie-oloron-sainte-marie-es-2194691\/\">Oloron-sainte Marie<\/a><\/strong>, v\u00e0rem sopar\ud83c\udf7d\ufe0f , i pernoctar \ud83d\udecc, haur\u00edem pogut estar 48 hores, per\u00f2 al mat\u00ed an\u00e0rem cap a comprar \ud83d\uded2 i a <strong><a href=\"https:\/\/es.lourdes-infotourisme.com\/\">Lourdes<\/a><\/strong> \u26ea on aparc\u00e0rem en un <strong><a href=\"https:\/\/park4night.com\/es\/place\/5237\">p\u00e0rquing<\/a><\/strong> gratu\u00eft. La visita al <strong><a href=\"https:\/\/es.lourdes-infotourisme.com\/explorar\/vivir-una-experiencia-espiritual\/explorar-el-santuario\/\">santuari<\/a><\/strong> \u26ea, no f\u00f3ra per l&#8217;inter\u00e8s religi\u00f3s, sin\u00f3 per inter\u00e8s cultural i, veure com la fe havia portat a aquelles persones all\u00e0, des de l&#8217;altra punta de m\u00f3n, posa la pell de gallina. No hav\u00edem vist res semblant mai. <\/p>\n\n\n\n<div class=\"wp-block-columns is-layout-flex wp-container-core-columns-is-layout-9d6595d7 wp-block-columns-is-layout-flex\">\n<div class=\"wp-block-column is-layout-flow wp-block-column-is-layout-flow\">\n<figure class=\"wp-block-image size-large is-resized\"><img loading=\"lazy\" decoding=\"async\" src=\"http:\/\/viuresobrerodes.cat\/wp-content\/uploads\/2023\/08\/WhatsApp-Image-2023-08-03-at-16.26.57-473x1024.jpeg\" alt=\"\" class=\"wp-image-970\" style=\"width:242px;height:524px\" width=\"242\" height=\"524\" srcset=\"https:\/\/viuresobrerodes.cat\/wp-content\/uploads\/2023\/08\/WhatsApp-Image-2023-08-03-at-16.26.57-473x1024.jpeg 473w, https:\/\/viuresobrerodes.cat\/wp-content\/uploads\/2023\/08\/WhatsApp-Image-2023-08-03-at-16.26.57-139x300.jpeg 139w, https:\/\/viuresobrerodes.cat\/wp-content\/uploads\/2023\/08\/WhatsApp-Image-2023-08-03-at-16.26.57-768x1663.jpeg 768w, https:\/\/viuresobrerodes.cat\/wp-content\/uploads\/2023\/08\/WhatsApp-Image-2023-08-03-at-16.26.57-709x1536.jpeg 709w, https:\/\/viuresobrerodes.cat\/wp-content\/uploads\/2023\/08\/WhatsApp-Image-2023-08-03-at-16.26.57.jpeg 920w\" sizes=\"auto, (max-width: 242px) 100vw, 242px\" \/><\/figure>\n<\/div>\n\n\n\n<div class=\"wp-block-column is-layout-flow wp-block-column-is-layout-flow\">\n<figure class=\"wp-block-image size-large is-resized\"><img loading=\"lazy\" decoding=\"async\" src=\"http:\/\/viuresobrerodes.cat\/wp-content\/uploads\/2023\/08\/WhatsApp-Image-2023-08-03-at-16.29.45-471x1024.jpeg\" alt=\"\" class=\"wp-image-971\" style=\"width:239px;height:520px\" width=\"239\" height=\"520\" srcset=\"https:\/\/viuresobrerodes.cat\/wp-content\/uploads\/2023\/08\/WhatsApp-Image-2023-08-03-at-16.29.45-471x1024.jpeg 471w, https:\/\/viuresobrerodes.cat\/wp-content\/uploads\/2023\/08\/WhatsApp-Image-2023-08-03-at-16.29.45-138x300.jpeg 138w, https:\/\/viuresobrerodes.cat\/wp-content\/uploads\/2023\/08\/WhatsApp-Image-2023-08-03-at-16.29.45-707x1536.jpeg 707w, https:\/\/viuresobrerodes.cat\/wp-content\/uploads\/2023\/08\/WhatsApp-Image-2023-08-03-at-16.29.45.jpeg 736w\" sizes=\"auto, (max-width: 239px) 100vw, 239px\" \/><\/figure>\n<\/div>\n\n\n\n<div class=\"wp-block-column is-layout-flow wp-block-column-is-layout-flow\">\n<figure class=\"wp-block-image size-large is-resized\"><img loading=\"lazy\" decoding=\"async\" src=\"http:\/\/viuresobrerodes.cat\/wp-content\/uploads\/2023\/08\/WhatsApp-Image-2023-08-03-at-16.32.29-473x1024.jpeg\" alt=\"\" class=\"wp-image-972\" style=\"width:239px;height:517px\" width=\"239\" height=\"517\" srcset=\"https:\/\/viuresobrerodes.cat\/wp-content\/uploads\/2023\/08\/WhatsApp-Image-2023-08-03-at-16.32.29-473x1024.jpeg 473w, https:\/\/viuresobrerodes.cat\/wp-content\/uploads\/2023\/08\/WhatsApp-Image-2023-08-03-at-16.32.29-139x300.jpeg 139w, https:\/\/viuresobrerodes.cat\/wp-content\/uploads\/2023\/08\/WhatsApp-Image-2023-08-03-at-16.32.29-768x1663.jpeg 768w, https:\/\/viuresobrerodes.cat\/wp-content\/uploads\/2023\/08\/WhatsApp-Image-2023-08-03-at-16.32.29-709x1536.jpeg 709w, https:\/\/viuresobrerodes.cat\/wp-content\/uploads\/2023\/08\/WhatsApp-Image-2023-08-03-at-16.32.29.jpeg 920w\" sizes=\"auto, (max-width: 239px) 100vw, 239px\" \/><\/figure>\n<\/div>\n<\/div>\n\n\n\n<p>Tamb\u00e9 v\u00e0rem visitar la <strong><a href=\"https:\/\/www.france-voyage.com\/francia-ciudades\/lourdes-25950\/basilica-saint-pie-14420.htm\">bas\u00edlica subterr\u00e0nia de sant Pio X<\/a><\/strong>, \u00e9s realment impressionant\ud83d\ude2e , per la seva grand\u00e0ria i la seva arquitectura, tot \u00e9s ciment&#8230; <\/p>\n\n\n<div class=\"wp-block-image\">\n<figure class=\"aligncenter size-large is-resized\"><img loading=\"lazy\" decoding=\"async\" src=\"http:\/\/viuresobrerodes.cat\/wp-content\/uploads\/2023\/08\/WhatsApp-Image-2023-08-03-at-16.38.35-1024x473.jpeg\" alt=\"\" class=\"wp-image-973\" style=\"width:576px;height:266px\" width=\"576\" height=\"266\" srcset=\"https:\/\/viuresobrerodes.cat\/wp-content\/uploads\/2023\/08\/WhatsApp-Image-2023-08-03-at-16.38.35-1024x473.jpeg 1024w, https:\/\/viuresobrerodes.cat\/wp-content\/uploads\/2023\/08\/WhatsApp-Image-2023-08-03-at-16.38.35-300x139.jpeg 300w, https:\/\/viuresobrerodes.cat\/wp-content\/uploads\/2023\/08\/WhatsApp-Image-2023-08-03-at-16.38.35-768x355.jpeg 768w, https:\/\/viuresobrerodes.cat\/wp-content\/uploads\/2023\/08\/WhatsApp-Image-2023-08-03-at-16.38.35-1536x709.jpeg 1536w, https:\/\/viuresobrerodes.cat\/wp-content\/uploads\/2023\/08\/WhatsApp-Image-2023-08-03-at-16.38.35-650x300.jpeg 650w, https:\/\/viuresobrerodes.cat\/wp-content\/uploads\/2023\/08\/WhatsApp-Image-2023-08-03-at-16.38.35.jpeg 1992w\" sizes=\"auto, (max-width: 576px) 100vw, 576px\" \/><\/figure>\n<\/div>\n\n\n<p>Pernoct\u00e0rem  \ud83d\udecc a l&#8217;<strong><a href=\"https:\/\/www.campercontact.com\/es\/francia\/occitania\/argeles-gazost\/49535\/aire-de-camping-car-carrefour\">\u00e0rea d&#8217;Argel\u00e8s-Gaz\u00f2st<\/a><\/strong>, que tamb\u00e9 \u00e9s gratu\u00efta. Amb zona de gespa amb taules de fusta i que a m\u00e9s a m\u00e9s est\u00e0 al costat del supermercat <strong>Carrefour<\/strong>, amb gasolinera, autorentat, i serveis per aig\u00fces grises. Ens fix\u00e0rem que hi havia una autocaravana que portava una <strong><a href=\"http:\/\/viuresobrerodes.cat\/wp-content\/uploads\/2022\/10\/Dingo-125-blanco-der-B.jpg\">Dingo-EFI-125-Cl\u00e0ssic-CL<\/a><\/strong>, com la que hav\u00edem tingut nosaltres&#8230; res, ens va fer gr\u00e0cia \ud83d\ude01.<\/p>\n\n\n\n<p><\/p>\n\n\n<div class=\"wp-block-image\">\n<figure class=\"aligncenter size-large is-resized\"><img loading=\"lazy\" decoding=\"async\" src=\"http:\/\/viuresobrerodes.cat\/wp-content\/uploads\/2023\/08\/WhatsApp-Image-2023-08-03-at-16.42.31-1024x473.jpeg\" alt=\"\" class=\"wp-image-974\" style=\"width:574px;height:265px\" width=\"574\" height=\"265\" srcset=\"https:\/\/viuresobrerodes.cat\/wp-content\/uploads\/2023\/08\/WhatsApp-Image-2023-08-03-at-16.42.31-1024x473.jpeg 1024w, https:\/\/viuresobrerodes.cat\/wp-content\/uploads\/2023\/08\/WhatsApp-Image-2023-08-03-at-16.42.31-300x139.jpeg 300w, https:\/\/viuresobrerodes.cat\/wp-content\/uploads\/2023\/08\/WhatsApp-Image-2023-08-03-at-16.42.31-768x355.jpeg 768w, https:\/\/viuresobrerodes.cat\/wp-content\/uploads\/2023\/08\/WhatsApp-Image-2023-08-03-at-16.42.31-1536x709.jpeg 1536w, https:\/\/viuresobrerodes.cat\/wp-content\/uploads\/2023\/08\/WhatsApp-Image-2023-08-03-at-16.42.31-650x300.jpeg 650w, https:\/\/viuresobrerodes.cat\/wp-content\/uploads\/2023\/08\/WhatsApp-Image-2023-08-03-at-16.42.31.jpeg 1992w\" sizes=\"auto, (max-width: 574px) 100vw, 574px\" \/><\/figure>\n<\/div>\n\n\n<p>Despr\u00e9s d&#8217;esmorzar ens an\u00e0rem a l&#8217;<strong><a href=\"https:\/\/www.campercontact.com\/es\/francia\/occitania\/gavarnie-gedre\/1947\/aire-municipale\">\u00e0rea de Gavarnie<\/a><\/strong>, aquest cop pag\u00e0rem 10 \u20ac. <\/p>\n\n\n<div class=\"wp-block-image\">\n<figure class=\"aligncenter size-large is-resized\"><img loading=\"lazy\" decoding=\"async\" src=\"http:\/\/viuresobrerodes.cat\/wp-content\/uploads\/2023\/08\/WhatsApp-Image-2023-08-03-at-16.57.54-1024x473.jpeg\" alt=\"\" class=\"wp-image-976\" style=\"width:582px;height:269px\" width=\"582\" height=\"269\" srcset=\"https:\/\/viuresobrerodes.cat\/wp-content\/uploads\/2023\/08\/WhatsApp-Image-2023-08-03-at-16.57.54-1024x473.jpeg 1024w, https:\/\/viuresobrerodes.cat\/wp-content\/uploads\/2023\/08\/WhatsApp-Image-2023-08-03-at-16.57.54-300x139.jpeg 300w, https:\/\/viuresobrerodes.cat\/wp-content\/uploads\/2023\/08\/WhatsApp-Image-2023-08-03-at-16.57.54-768x355.jpeg 768w, https:\/\/viuresobrerodes.cat\/wp-content\/uploads\/2023\/08\/WhatsApp-Image-2023-08-03-at-16.57.54-1536x709.jpeg 1536w, https:\/\/viuresobrerodes.cat\/wp-content\/uploads\/2023\/08\/WhatsApp-Image-2023-08-03-at-16.57.54-650x300.jpeg 650w, https:\/\/viuresobrerodes.cat\/wp-content\/uploads\/2023\/08\/WhatsApp-Image-2023-08-03-at-16.57.54.jpeg 1992w\" sizes=\"auto, (max-width: 582px) 100vw, 582px\" \/><\/figure>\n<\/div>\n\n\n<p>Nom\u00e9s arribar ens prepar\u00e0rem per fer una excursi\u00f3 \ud83d\udeb6\u200d\u2640\ufe0f\ud83d\udeb6\u200d\u2642\ufe0f\ud83d\udeb6\u200d\u2640\ufe0f\ud83d\udeb6\u200d\u2642\ufe0f, voliem veure el <strong><a href=\"https:\/\/www.luz.org\/es\/lugares-imprescindibles\/los-grands-sites\/circo-de-gavarnie\/\">Cirque de Gavarnie<\/a><\/strong>. No f\u00e9rem la ruta sencera, nom\u00e9s el vam veure de lluny, per\u00f2&#8230; quina caminada que v\u00e0rem fer \ud83e\udd26\ud83c\udffb\u200d\u2640\ufe0f, gaireb\u00e9 4 hores de pujades i baixades! Valga&#8217;m D\u00e9u \ud83d\ude13 quin cansament! I sort \ud83d\ude05 que en els llocs  d&#8217;ombra feia fresqueta\u2026 El Juanfra i la Feli tan frescs \ud83e\udd73 \ud83e\udd73, i nosaltres vam arribar a l&#8217;\u00e0rea arrossegant-nos \ud83e\udd7a\ud83e\udd7a. <\/p>\n\n\n\n<div class=\"wp-block-columns is-layout-flex wp-container-core-columns-is-layout-9d6595d7 wp-block-columns-is-layout-flex\">\n<div class=\"wp-block-column is-layout-flow wp-block-column-is-layout-flow\">\n<figure class=\"wp-block-image size-large is-resized\"><img loading=\"lazy\" decoding=\"async\" src=\"http:\/\/viuresobrerodes.cat\/wp-content\/uploads\/2023\/08\/WhatsApp-Image-2023-08-03-at-16.59.17-473x1024.jpeg\" alt=\"\" class=\"wp-image-977\" style=\"width:246px;height:533px\" width=\"246\" height=\"533\" srcset=\"https:\/\/viuresobrerodes.cat\/wp-content\/uploads\/2023\/08\/WhatsApp-Image-2023-08-03-at-16.59.17-473x1024.jpeg 473w, https:\/\/viuresobrerodes.cat\/wp-content\/uploads\/2023\/08\/WhatsApp-Image-2023-08-03-at-16.59.17-139x300.jpeg 139w, https:\/\/viuresobrerodes.cat\/wp-content\/uploads\/2023\/08\/WhatsApp-Image-2023-08-03-at-16.59.17-768x1663.jpeg 768w, https:\/\/viuresobrerodes.cat\/wp-content\/uploads\/2023\/08\/WhatsApp-Image-2023-08-03-at-16.59.17-709x1536.jpeg 709w, https:\/\/viuresobrerodes.cat\/wp-content\/uploads\/2023\/08\/WhatsApp-Image-2023-08-03-at-16.59.17.jpeg 920w\" sizes=\"auto, (max-width: 246px) 100vw, 246px\" \/><\/figure>\n<\/div>\n\n\n\n<div class=\"wp-block-column is-layout-flow wp-block-column-is-layout-flow\">\n<figure class=\"wp-block-image size-large is-resized\"><img loading=\"lazy\" decoding=\"async\" src=\"http:\/\/viuresobrerodes.cat\/wp-content\/uploads\/2023\/08\/WhatsApp-Image-2023-08-03-at-17.10.20-473x1024.jpeg\" alt=\"\" class=\"wp-image-979\" style=\"width:245px;height:531px\" width=\"245\" height=\"531\" srcset=\"https:\/\/viuresobrerodes.cat\/wp-content\/uploads\/2023\/08\/WhatsApp-Image-2023-08-03-at-17.10.20-473x1024.jpeg 473w, https:\/\/viuresobrerodes.cat\/wp-content\/uploads\/2023\/08\/WhatsApp-Image-2023-08-03-at-17.10.20-139x300.jpeg 139w, https:\/\/viuresobrerodes.cat\/wp-content\/uploads\/2023\/08\/WhatsApp-Image-2023-08-03-at-17.10.20-768x1663.jpeg 768w, https:\/\/viuresobrerodes.cat\/wp-content\/uploads\/2023\/08\/WhatsApp-Image-2023-08-03-at-17.10.20-709x1536.jpeg 709w, https:\/\/viuresobrerodes.cat\/wp-content\/uploads\/2023\/08\/WhatsApp-Image-2023-08-03-at-17.10.20.jpeg 920w\" sizes=\"auto, (max-width: 245px) 100vw, 245px\" \/><\/figure>\n<\/div>\n\n\n\n<div class=\"wp-block-column is-layout-flow wp-block-column-is-layout-flow\">\n<figure class=\"wp-block-image size-large is-resized\"><img loading=\"lazy\" decoding=\"async\" src=\"http:\/\/viuresobrerodes.cat\/wp-content\/uploads\/2023\/08\/WhatsApp-Image-2023-08-03-at-17.01.14-473x1024.jpeg\" alt=\"\" class=\"wp-image-978\" style=\"width:244px;height:528px\" width=\"244\" height=\"528\" srcset=\"https:\/\/viuresobrerodes.cat\/wp-content\/uploads\/2023\/08\/WhatsApp-Image-2023-08-03-at-17.01.14-473x1024.jpeg 473w, https:\/\/viuresobrerodes.cat\/wp-content\/uploads\/2023\/08\/WhatsApp-Image-2023-08-03-at-17.01.14-139x300.jpeg 139w, https:\/\/viuresobrerodes.cat\/wp-content\/uploads\/2023\/08\/WhatsApp-Image-2023-08-03-at-17.01.14-768x1663.jpeg 768w, https:\/\/viuresobrerodes.cat\/wp-content\/uploads\/2023\/08\/WhatsApp-Image-2023-08-03-at-17.01.14-709x1536.jpeg 709w, https:\/\/viuresobrerodes.cat\/wp-content\/uploads\/2023\/08\/WhatsApp-Image-2023-08-03-at-17.01.14.jpeg 920w\" sizes=\"auto, (max-width: 244px) 100vw, 244px\" \/><\/figure>\n<\/div>\n<\/div>\n\n\n\n<p>Per\u00f2 despr\u00e9s de dinar \ud83c\udf7d\ufe0f, fer un cafet\u00f3 \u2615 i reposar, an\u00e0rem fins on \u00e9s la <strong><a href=\"http:\/\/art.loucrup65.fr\/nddesneiges.htm\">Mare de D\u00e9u de les neus<\/a><\/strong>. Una altra bona caminada, i en pujada, per\u00f2 molt bonica\ud83d\ude0d. <\/p>\n\n\n\n<div class=\"wp-block-columns is-layout-flex wp-container-core-columns-is-layout-9d6595d7 wp-block-columns-is-layout-flex\">\n<div class=\"wp-block-column is-layout-flow wp-block-column-is-layout-flow\">\n<figure class=\"wp-block-image size-large is-resized\"><img loading=\"lazy\" decoding=\"async\" src=\"http:\/\/viuresobrerodes.cat\/wp-content\/uploads\/2023\/08\/WhatsApp-Image-2023-08-03-at-17.16.40-473x1024.jpeg\" alt=\"\" class=\"wp-image-980\" style=\"width:347px;height:750px\" width=\"347\" height=\"750\" srcset=\"https:\/\/viuresobrerodes.cat\/wp-content\/uploads\/2023\/08\/WhatsApp-Image-2023-08-03-at-17.16.40-473x1024.jpeg 473w, https:\/\/viuresobrerodes.cat\/wp-content\/uploads\/2023\/08\/WhatsApp-Image-2023-08-03-at-17.16.40-139x300.jpeg 139w, https:\/\/viuresobrerodes.cat\/wp-content\/uploads\/2023\/08\/WhatsApp-Image-2023-08-03-at-17.16.40-768x1663.jpeg 768w, https:\/\/viuresobrerodes.cat\/wp-content\/uploads\/2023\/08\/WhatsApp-Image-2023-08-03-at-17.16.40.jpeg 920w\" sizes=\"auto, (max-width: 347px) 100vw, 347px\" \/><\/figure>\n<\/div>\n\n\n\n<div class=\"wp-block-column is-layout-flow wp-block-column-is-layout-flow\">\n<figure class=\"wp-block-image size-large is-resized\"><img loading=\"lazy\" decoding=\"async\" src=\"http:\/\/viuresobrerodes.cat\/wp-content\/uploads\/2023\/08\/WhatsApp-Image-2023-08-03-at-17.17.23-473x1024.jpeg\" alt=\"\" class=\"wp-image-981\" style=\"width:346px;height:748px\" width=\"346\" height=\"748\" srcset=\"https:\/\/viuresobrerodes.cat\/wp-content\/uploads\/2023\/08\/WhatsApp-Image-2023-08-03-at-17.17.23-473x1024.jpeg 473w, https:\/\/viuresobrerodes.cat\/wp-content\/uploads\/2023\/08\/WhatsApp-Image-2023-08-03-at-17.17.23-139x300.jpeg 139w, https:\/\/viuresobrerodes.cat\/wp-content\/uploads\/2023\/08\/WhatsApp-Image-2023-08-03-at-17.17.23-768x1663.jpeg 768w, https:\/\/viuresobrerodes.cat\/wp-content\/uploads\/2023\/08\/WhatsApp-Image-2023-08-03-at-17.17.23.jpeg 920w\" sizes=\"auto, (max-width: 346px) 100vw, 346px\" \/><\/figure>\n<\/div>\n<\/div>\n\n\n\n<p>Quan vam baixar ja era q\u00fcesti\u00f3 de sopar\ud83c\udf7d\ufe0f, i fins a l&#8217;endem\u00e0, que anirien a un altre lloc.<\/p>\n\n\n\n<p>Despr\u00e9s d&#8217;esmorzar \u2615, vam emprendre cam\u00ed cap al coll del <strong><a href=\"https:\/\/historia.nationalgeographic.com.es\/a\/tourmalet-historia-leyenda-tour-francia_16934\">Tourmalet<\/a><\/strong>, puj\u00e0rem fins a dalt \ud83d\ude90\ud83d\ude90, pel cam\u00ed ens trobarem un munt de ciclistes \ud83d\udeb4\u200d\u2640\ufe0f\ud83d\udeb4, que s&#8217;arraconaven i ens deien que pass\u00e9ssim\u2026 no estem acostumats a aquesta amabilitat nosaltres! Un cop a dalt, no ens hi qued\u00e0rem, no es veia res amb la boira.<\/p>\n\n\n<div class=\"wp-block-image\">\n<figure class=\"aligncenter size-large is-resized\"><img loading=\"lazy\" decoding=\"async\" src=\"http:\/\/viuresobrerodes.cat\/wp-content\/uploads\/2023\/08\/WhatsApp-Image-2023-08-03-at-17.22.23-1024x473.jpeg\" alt=\"\" class=\"wp-image-982\" style=\"width:584px;height:270px\" width=\"584\" height=\"270\" srcset=\"https:\/\/viuresobrerodes.cat\/wp-content\/uploads\/2023\/08\/WhatsApp-Image-2023-08-03-at-17.22.23-1024x473.jpeg 1024w, https:\/\/viuresobrerodes.cat\/wp-content\/uploads\/2023\/08\/WhatsApp-Image-2023-08-03-at-17.22.23-300x139.jpeg 300w, https:\/\/viuresobrerodes.cat\/wp-content\/uploads\/2023\/08\/WhatsApp-Image-2023-08-03-at-17.22.23-768x355.jpeg 768w, https:\/\/viuresobrerodes.cat\/wp-content\/uploads\/2023\/08\/WhatsApp-Image-2023-08-03-at-17.22.23-1536x709.jpeg 1536w, https:\/\/viuresobrerodes.cat\/wp-content\/uploads\/2023\/08\/WhatsApp-Image-2023-08-03-at-17.22.23-650x300.jpeg 650w, https:\/\/viuresobrerodes.cat\/wp-content\/uploads\/2023\/08\/WhatsApp-Image-2023-08-03-at-17.22.23.jpeg 1992w\" sizes=\"auto, (max-width: 584px) 100vw, 584px\" \/><\/figure>\n<\/div>\n\n\n<p>Vam enfilar cap <strong><a href=\"https:\/\/www.komoot.com\/es-es\/highlight\/128884\">Col d&#8217;Aspin<\/a><\/strong>, a l&#8217;<strong><a href=\"https:\/\/park4night.com\/es\/place\/18061\">\u00e0rea<\/a><\/strong> que hi ha al costat del <strong><a href=\"https:\/\/www.guide-toulouse-pyrenees.com\/fr\/tourisme\/decouvrir\/sites-touristiques\/sites-naturels\/campan-1041\/lac-de-payolle-7699.html\">Lac de Payolle<\/a><\/strong>, &#8220;el petit Canad\u00e0 dels Pirineus&#8221;, a la <strong>vall de Campan<\/strong> \ud83d\ude0d. <\/p>\n\n\n\n<div class=\"wp-block-columns is-layout-flex wp-container-core-columns-is-layout-9d6595d7 wp-block-columns-is-layout-flex\">\n<div class=\"wp-block-column is-layout-flow wp-block-column-is-layout-flow\">\n<figure class=\"wp-block-image size-large is-resized\"><img loading=\"lazy\" decoding=\"async\" src=\"http:\/\/viuresobrerodes.cat\/wp-content\/uploads\/2023\/08\/WhatsApp-Image-2023-08-03-at-17.27.05-473x1024.jpeg\" alt=\"\" class=\"wp-image-983\" style=\"width:213px;height:461px\" width=\"213\" height=\"461\" srcset=\"https:\/\/viuresobrerodes.cat\/wp-content\/uploads\/2023\/08\/WhatsApp-Image-2023-08-03-at-17.27.05-473x1024.jpeg 473w, https:\/\/viuresobrerodes.cat\/wp-content\/uploads\/2023\/08\/WhatsApp-Image-2023-08-03-at-17.27.05-139x300.jpeg 139w, https:\/\/viuresobrerodes.cat\/wp-content\/uploads\/2023\/08\/WhatsApp-Image-2023-08-03-at-17.27.05-768x1663.jpeg 768w, https:\/\/viuresobrerodes.cat\/wp-content\/uploads\/2023\/08\/WhatsApp-Image-2023-08-03-at-17.27.05-709x1536.jpeg 709w, https:\/\/viuresobrerodes.cat\/wp-content\/uploads\/2023\/08\/WhatsApp-Image-2023-08-03-at-17.27.05.jpeg 920w\" sizes=\"auto, (max-width: 213px) 100vw, 213px\" \/><\/figure>\n<\/div>\n\n\n\n<div class=\"wp-block-column is-layout-flow wp-block-column-is-layout-flow\">\n<figure class=\"wp-block-image size-large is-resized\"><img loading=\"lazy\" decoding=\"async\" src=\"http:\/\/viuresobrerodes.cat\/wp-content\/uploads\/2023\/08\/WhatsApp-Image-2023-08-03-at-17.27.55-473x1024.jpeg\" alt=\"\" class=\"wp-image-984\" style=\"width:214px;height:462px\" width=\"214\" height=\"462\" srcset=\"https:\/\/viuresobrerodes.cat\/wp-content\/uploads\/2023\/08\/WhatsApp-Image-2023-08-03-at-17.27.55-473x1024.jpeg 473w, https:\/\/viuresobrerodes.cat\/wp-content\/uploads\/2023\/08\/WhatsApp-Image-2023-08-03-at-17.27.55-139x300.jpeg 139w, https:\/\/viuresobrerodes.cat\/wp-content\/uploads\/2023\/08\/WhatsApp-Image-2023-08-03-at-17.27.55-768x1663.jpeg 768w, https:\/\/viuresobrerodes.cat\/wp-content\/uploads\/2023\/08\/WhatsApp-Image-2023-08-03-at-17.27.55.jpeg 920w\" sizes=\"auto, (max-width: 214px) 100vw, 214px\" \/><\/figure>\n<\/div>\n\n\n\n<div class=\"wp-block-column is-layout-flow wp-block-column-is-layout-flow\">\n<figure class=\"wp-block-image size-large is-resized\"><img loading=\"lazy\" decoding=\"async\" src=\"http:\/\/viuresobrerodes.cat\/wp-content\/uploads\/2023\/08\/WhatsApp-Image-2023-08-03-at-17.50.18-660x1024.jpeg\" alt=\"\" class=\"wp-image-986\" style=\"width:297px;height:460px\" width=\"297\" height=\"460\" srcset=\"https:\/\/viuresobrerodes.cat\/wp-content\/uploads\/2023\/08\/WhatsApp-Image-2023-08-03-at-17.50.18-660x1024.jpeg 660w, https:\/\/viuresobrerodes.cat\/wp-content\/uploads\/2023\/08\/WhatsApp-Image-2023-08-03-at-17.50.18-193x300.jpeg 193w, https:\/\/viuresobrerodes.cat\/wp-content\/uploads\/2023\/08\/WhatsApp-Image-2023-08-03-at-17.50.18-768x1191.jpeg 768w, https:\/\/viuresobrerodes.cat\/wp-content\/uploads\/2023\/08\/WhatsApp-Image-2023-08-03-at-17.50.18-990x1536.jpeg 990w, https:\/\/viuresobrerodes.cat\/wp-content\/uploads\/2023\/08\/WhatsApp-Image-2023-08-03-at-17.50.18.jpeg 1080w\" sizes=\"auto, (max-width: 297px) 100vw, 297px\" \/><\/figure>\n<\/div>\n<\/div>\n\n\n\n<p>F\u00e9rem la <strong><a href=\"https:\/\/ca.wikiloc.com\/rutes-a-peu\/paseo-lac-payolle-10299335\">volta al llac<\/a><\/strong> \ud83d\udeb6\u200d\u2640\ufe0f\ud83d\udeb6\u200d\u2642\ufe0f\ud83d\udeb6\u200d\u2640\ufe0f\ud83d\udeb6\u200d\u2642\ufe0f. Hi havia paradetes d&#8217;articles diferents i <strong><a href=\"https:\/\/www.tourmaletpicdumidi.fr\/es\/descubrir\/lo-mejor-del-destino\/payolle-grandes-espacios-al-aire-libre\/\">activitats<\/a><\/strong> per mainada i adults amb esports d&#8217;aventura&#8230; i unes cabretes que tenien molt clar on volien dormir<\/p>\n\n\n\n<div class=\"wp-block-columns is-layout-flex wp-container-core-columns-is-layout-9d6595d7 wp-block-columns-is-layout-flex\">\n<div class=\"wp-block-column is-layout-flow wp-block-column-is-layout-flow\"><div class=\"wp-block-image\">\n<figure class=\"aligncenter size-large is-resized\"><img loading=\"lazy\" decoding=\"async\" src=\"http:\/\/viuresobrerodes.cat\/wp-content\/uploads\/2023\/08\/WhatsApp-Image-2023-08-03-at-23.36.56-1024x472.jpeg\" alt=\"\" class=\"wp-image-1011\" style=\"width:624px;height:288px\" width=\"624\" height=\"288\" srcset=\"https:\/\/viuresobrerodes.cat\/wp-content\/uploads\/2023\/08\/WhatsApp-Image-2023-08-03-at-23.36.56-1024x472.jpeg 1024w, https:\/\/viuresobrerodes.cat\/wp-content\/uploads\/2023\/08\/WhatsApp-Image-2023-08-03-at-23.36.56-300x138.jpeg 300w, https:\/\/viuresobrerodes.cat\/wp-content\/uploads\/2023\/08\/WhatsApp-Image-2023-08-03-at-23.36.56-768x354.jpeg 768w, https:\/\/viuresobrerodes.cat\/wp-content\/uploads\/2023\/08\/WhatsApp-Image-2023-08-03-at-23.36.56-1536x708.jpeg 1536w, https:\/\/viuresobrerodes.cat\/wp-content\/uploads\/2023\/08\/WhatsApp-Image-2023-08-03-at-23.36.56-650x300.jpeg 650w, https:\/\/viuresobrerodes.cat\/wp-content\/uploads\/2023\/08\/WhatsApp-Image-2023-08-03-at-23.36.56.jpeg 1600w\" sizes=\"auto, (max-width: 624px) 100vw, 624px\" \/><\/figure>\n<\/div><\/div>\n<\/div>\n\n\n\n<div class=\"wp-block-columns is-layout-flex wp-container-core-columns-is-layout-9d6595d7 wp-block-columns-is-layout-flex\">\n<div class=\"wp-block-column is-layout-flow wp-block-column-is-layout-flow\">\n<figure class=\"wp-block-image size-large is-resized\"><img loading=\"lazy\" decoding=\"async\" src=\"http:\/\/viuresobrerodes.cat\/wp-content\/uploads\/2023\/08\/WhatsApp-Image-2023-08-03-at-17.44.30-615x1024.jpeg\" alt=\"\" class=\"wp-image-985\" style=\"width:354px;height:588px\" width=\"354\" height=\"588\" srcset=\"https:\/\/viuresobrerodes.cat\/wp-content\/uploads\/2023\/08\/WhatsApp-Image-2023-08-03-at-17.44.30-615x1024.jpeg 615w, https:\/\/viuresobrerodes.cat\/wp-content\/uploads\/2023\/08\/WhatsApp-Image-2023-08-03-at-17.44.30-180x300.jpeg 180w, https:\/\/viuresobrerodes.cat\/wp-content\/uploads\/2023\/08\/WhatsApp-Image-2023-08-03-at-17.44.30-923x1536.jpeg 923w, https:\/\/viuresobrerodes.cat\/wp-content\/uploads\/2023\/08\/WhatsApp-Image-2023-08-03-at-17.44.30.jpeg 1230w\" sizes=\"auto, (max-width: 354px) 100vw, 354px\" \/><\/figure>\n<\/div>\n\n\n\n<div class=\"wp-block-column is-layout-flow wp-block-column-is-layout-flow\">\n<figure class=\"wp-block-image size-large is-resized\"><img loading=\"lazy\" decoding=\"async\" src=\"http:\/\/viuresobrerodes.cat\/wp-content\/uploads\/2023\/08\/WhatsApp-Image-2023-08-03-at-17.36.50-473x1024.jpeg\" alt=\"\" class=\"wp-image-987\" style=\"width:276px;height:596px\" width=\"276\" height=\"596\"\/><\/figure>\n<\/div>\n<\/div>\n\n\n\n<p>Din\u00e0rem \ud83c\udf7d\ufe0f i despr\u00e9s de fer la migdiada \ud83d\udecc, segu\u00edrem cam\u00ed cap al <strong>coll d&#8217;Aspin<\/strong>, el puj\u00e0rem i el baix\u00e0rem sense aturar-nos fins a arribar a <strong><a href=\"https:\/\/ca.wikiloc.com\/rutes\/senderisme\/franca\/migdia-pirineus\/aragnouet\">Aragnouet<\/a><\/strong>. Vam fer una caminada per un bosc preci\u00f3s, on hi ha un cam\u00ed, el cam\u00ed de la mem\u00f2ria, que unia les mines d&#8217;Espanya amb la <strong>farga de Moudang<\/strong>. L&#8217;Aicha Ayoub, artista-directora i Akiko Hoshina, artista virtual ceramista van deixar amb la seva obra la interpretaci\u00f3 dels fets hist\u00f2rics que es van produir en aquell bosc.<\/p>\n\n\n<div class=\"wp-block-image\">\n<figure class=\"aligncenter size-large is-resized\"><img loading=\"lazy\" decoding=\"async\" src=\"http:\/\/viuresobrerodes.cat\/wp-content\/uploads\/2023\/08\/WhatsApp-Image-2023-08-03-at-18.02.13-1024x472.jpeg\" alt=\"\" class=\"wp-image-988\" style=\"width:547px;height:252px\" width=\"547\" height=\"252\" srcset=\"https:\/\/viuresobrerodes.cat\/wp-content\/uploads\/2023\/08\/WhatsApp-Image-2023-08-03-at-18.02.13-1024x472.jpeg 1024w, https:\/\/viuresobrerodes.cat\/wp-content\/uploads\/2023\/08\/WhatsApp-Image-2023-08-03-at-18.02.13-300x138.jpeg 300w, https:\/\/viuresobrerodes.cat\/wp-content\/uploads\/2023\/08\/WhatsApp-Image-2023-08-03-at-18.02.13-768x354.jpeg 768w, https:\/\/viuresobrerodes.cat\/wp-content\/uploads\/2023\/08\/WhatsApp-Image-2023-08-03-at-18.02.13-1536x708.jpeg 1536w, https:\/\/viuresobrerodes.cat\/wp-content\/uploads\/2023\/08\/WhatsApp-Image-2023-08-03-at-18.02.13-650x300.jpeg 650w, https:\/\/viuresobrerodes.cat\/wp-content\/uploads\/2023\/08\/WhatsApp-Image-2023-08-03-at-18.02.13.jpeg 1600w\" sizes=\"auto, (max-width: 547px) 100vw, 547px\" \/><\/figure>\n<\/div>\n\n\n<p> Pernoct\u00e0rem al costat d&#8217;un dels dos rius que hi ha, el Neste Moudang (l&#8217;altre \u00e9s el Neste d&#8217;Aure) i del <strong><a href=\"https:\/\/www.pirineos-vacaciones.com\/offre\/fiche\/camping-municipal-pont-de-moudang\/HPAMID065FS0005D\">c\u00e0mping municipal Pont de Moudang<\/a><\/strong>. Al mat\u00ed, baix\u00e0rem ja cap a l&#8217;<strong>Arag\u00f3<\/strong>, entrant pel <strong><a href=\"https:\/\/www.bielsa-aragnouet.org\/\">t\u00fanel de Bielsa<\/a><\/strong>.<\/p>\n\n\n<div class=\"wp-block-image\">\n<figure class=\"aligncenter size-large is-resized\"><img loading=\"lazy\" decoding=\"async\" src=\"http:\/\/viuresobrerodes.cat\/wp-content\/uploads\/2023\/08\/WhatsApp-Image-2023-08-03-at-18.28.14-1024x472.jpeg\" alt=\"\" class=\"wp-image-989\" style=\"width:560px;height:258px\" width=\"560\" height=\"258\" srcset=\"https:\/\/viuresobrerodes.cat\/wp-content\/uploads\/2023\/08\/WhatsApp-Image-2023-08-03-at-18.28.14-1024x472.jpeg 1024w, https:\/\/viuresobrerodes.cat\/wp-content\/uploads\/2023\/08\/WhatsApp-Image-2023-08-03-at-18.28.14-300x138.jpeg 300w, https:\/\/viuresobrerodes.cat\/wp-content\/uploads\/2023\/08\/WhatsApp-Image-2023-08-03-at-18.28.14-768x354.jpeg 768w, https:\/\/viuresobrerodes.cat\/wp-content\/uploads\/2023\/08\/WhatsApp-Image-2023-08-03-at-18.28.14-1536x708.jpeg 1536w, https:\/\/viuresobrerodes.cat\/wp-content\/uploads\/2023\/08\/WhatsApp-Image-2023-08-03-at-18.28.14-650x300.jpeg 650w, https:\/\/viuresobrerodes.cat\/wp-content\/uploads\/2023\/08\/WhatsApp-Image-2023-08-03-at-18.28.14.jpeg 1600w\" sizes=\"auto, (max-width: 560px) 100vw, 560px\" \/><\/figure>\n<\/div>\n\n\n<p>Durant tot el recorregut que f\u00e9rem per <strong>Fran\u00e7a<\/strong> no trob\u00e0rem abandonats als marges de les carreteres llaunes, pl\u00e0stics ni papers \ud83d\ude0d, per\u00f2 nom\u00e9s passar el <strong>t\u00fanel de Bielsa<\/strong>, hi havia una banyera!\ud83e\udd26\ud83c\udffb\u200d\u2640\ufe0f, i ja en tot el recorregut an\u00e0rem veient aqu\u00ed i all\u00e0 alguna llauna o pl\u00e0stic \ud83d\ude16. I pensant en tot aix\u00f2\u2026 entre altres coses\u2026 arrib\u00e0rem a casa, m&#8217;esperava la rentadora \ud83e\udde6\ud83d\udc57\ud83e\ude73\ud83d\udc56, l&#8217;endem\u00e0 hav\u00edem de tornar al <strong>Baix Llobregat<\/strong> amb tot net i polit.<\/p>\n\n\n\n<p>\ud83d\ude4b\u200d\u2640\ufe0f\ud83d\udc81\u200d\u2640\ufe0f Us deixem l&#8217;enlla\u00e7 de les&nbsp;ubicacions&nbsp;dels llocs que hem visitat.\ud83d\ude0a<a href=\"https:\/\/goo.gl\/maps\/8jS783GwyWiw5HZM6\">https:\/\/goo.gl\/maps\/8jS783GwyWiw5HZM6<\/a><\/p>\n\n\n\n<p><\/p>\n","protected":false},"excerpt":{"rendered":"<p>Dia 25, a un quart de cinc \u231a de la tarda, ens trobarem amb el Juanfra i a la Feli, amb tot preparat per anar cap a Navarra \ud83d\ude90\ud83d\ude90 !! La primera parada, Monts\u00f3 on sop\u00e0rem i segu\u00edrem cam\u00ed,\ud83d\ude90\ud83d\ude90 direcci\u00f3 Osca. Pernoct\u00e0rem\ud83d\udecc a l&#8217;\u00e0rea de Sabi\u00f1\u00e1nigo, buid\u00e0rem \ud83d\udebd\ud83d\udebf i ompl\u00edrem \ud83d\udeb0, com que no agaf\u00e0rem [&hellip;]<\/p>\n","protected":false},"author":1,"featured_media":1005,"comment_status":"open","ping_status":"open","sticky":false,"template":"","format":"standard","meta":{"_jetpack_memberships_contains_paid_content":false,"footnotes":""},"categories":[4],"tags":[57,161,157,174,175,173,180,182,164,176,179,163,177,160,181,167,170,171,156,155,169,32,159,168,158,172,178,183],"class_list":["post-937","post","type-post","status-publish","format-standard","has-post-thumbnail","hentry","category-autocaravana","tag-aragnouet","tag-area-autocaravana-isaba","tag-area-autocaravanas-sabinanigo","tag-area-dargeles-gazost","tag-area-de-gavarnie","tag-basilica-subterrania-de-sant-pio-x","tag-campan-serre-crampe","tag-camping-municipal-pont-de-moudang","tag-cascada-de-belabartze","tag-cirque-de-gavarnie","tag-col-daspin","tag-ermita-de-idoia","tag-gavarnie-notre-dame-des-neiges","tag-isaba","tag-lac-de-payolle","tag-larra-belagua","tag-lourdes","tag-lourdes-4-boulevard-du-lapacca","tag-montso","tag-navarra","tag-oloron-sainte-marie","tag-osca","tag-parking-pernocta-autocaravanas-en-roncal","tag-pirineu","tag-roncal","tag-santuari-de-lourdes","tag-tourmalet","tag-tunel-de-bielsa"],"jetpack_featured_media_url":"https:\/\/viuresobrerodes.cat\/wp-content\/uploads\/2023\/08\/WhatsApp-Image-2023-08-03-at-19.41.09.jpeg","jetpack_sharing_enabled":true,"_links":{"self":[{"href":"https:\/\/viuresobrerodes.cat\/index.php?rest_route=\/wp\/v2\/posts\/937","targetHints":{"allow":["GET"]}}],"collection":[{"href":"https:\/\/viuresobrerodes.cat\/index.php?rest_route=\/wp\/v2\/posts"}],"about":[{"href":"https:\/\/viuresobrerodes.cat\/index.php?rest_route=\/wp\/v2\/types\/post"}],"author":[{"embeddable":true,"href":"https:\/\/viuresobrerodes.cat\/index.php?rest_route=\/wp\/v2\/users\/1"}],"replies":[{"embeddable":true,"href":"https:\/\/viuresobrerodes.cat\/index.php?rest_route=%2Fwp%2Fv2%2Fcomments&post=937"}],"version-history":[{"count":28,"href":"https:\/\/viuresobrerodes.cat\/index.php?rest_route=\/wp\/v2\/posts\/937\/revisions"}],"predecessor-version":[{"id":1220,"href":"https:\/\/viuresobrerodes.cat\/index.php?rest_route=\/wp\/v2\/posts\/937\/revisions\/1220"}],"wp:featuredmedia":[{"embeddable":true,"href":"https:\/\/viuresobrerodes.cat\/index.php?rest_route=\/wp\/v2\/media\/1005"}],"wp:attachment":[{"href":"https:\/\/viuresobrerodes.cat\/index.php?rest_route=%2Fwp%2Fv2%2Fmedia&parent=937"}],"wp:term":[{"taxonomy":"category","embeddable":true,"href":"https:\/\/viuresobrerodes.cat\/index.php?rest_route=%2Fwp%2Fv2%2Fcategories&post=937"},{"taxonomy":"post_tag","embeddable":true,"href":"https:\/\/viuresobrerodes.cat\/index.php?rest_route=%2Fwp%2Fv2%2Ftags&post=937"}],"curies":[{"name":"wp","href":"https:\/\/api.w.org\/{rel}","templated":true}]}}